{"id":36618,"date":"2025-10-10T07:02:25","date_gmt":"2025-10-10T07:02:25","guid":{"rendered":"https:\/\/conakrynews.org\/?p=36618"},"modified":"2025-10-11T13:27:24","modified_gmt":"2025-10-11T13:27:24","slug":"conakry-remise-des-cheques-aux-promoteurs-agricoles-par-le-foda","status":"publish","type":"post","link":"https:\/\/conakrynews.org\/index.php\/conakry-remise-des-cheques-aux-promoteurs-agricoles-par-le-foda\/","title":{"rendered":"Conakry : Remise des ch\u00e8ques aux promoteurs agricoles par le FODA"},"content":{"rendered":"<p>&nbsp;<\/p>\n<p>&nbsp;<\/p>\n<p>Ce jeudi,09 Octobre 2025,le minist\u00e8re de l\u2019agriculture\u00a0 en collaboration avec le Fond de D\u00e9veloppement Agricole FODA, a proc\u00e9d\u00e9\u00a0 \u00e0 la\u00a0 \u00a0remise des ch\u00e8ques aux\u00a0 \u00a0promoteurs agricoles \u00e0 travers une c\u00e9r\u00e9monie de signature organis\u00e9e dans un r\u00e9ceptif h\u00f4telier de la place.Cette c\u00e9r\u00e9monie de signature \u00e9tait\u00a0 pr\u00e9sid\u00e9e par la ministre de l&rsquo;agriculture,Mariama\u00a0 Cir\u00e9 Sylla, accompagn\u00e9e par des\u00a0 ministres de l\u2019\u00e9conomie et des finances, Mourana Soumah ,et le ministre du plan et de la Coop\u00e9ration Internationale, Isma\u00ebl Nab\u00e9.<\/p>\n<p>&nbsp;<\/p>\n<p>La\u00a0 signature de cette convention de financement entre le FODA et les promoteurs s\u00e9lectionn\u00e9s marque une \u00e9tape majeure dans la mise en \u0153uvre de la strat\u00e9gie nationale du d\u00e9veloppement agricole.Et elle\u00a0 incarne \u00e9galement la concr\u00e9tisation d\u2019une vision,celle port\u00e9e par le Pr\u00e9sident de la R\u00e9publique, le G\u00e9n\u00e9ral Mamadi Doumbouya, qui d\u00e8s sa prise de fonction a indiqu\u00e9 que l\u2019agriculture devrait \u00eatre le pilier de d\u00e9veloppement de la Guin\u00e9e.<\/p>\n<p><a href=\"https:\/\/envergure224.com\/wp-content\/uploads\/2025\/10\/FB_IMG_1760034582355.jpg\" target=\"_blank\" rel=\"noopener noreferrer noreferrer\" data-saferedirecturl=\"https:\/\/www.google.com\/url?q=https:\/\/envergure224.com\/wp-content\/uploads\/2025\/10\/FB_IMG_1760034582355.jpg&amp;source=gmail&amp;ust=1760166022206000&amp;usg=AOvVaw1tOoeO0nHfvnNSH5fsYbv1\"><img loading=\"lazy\" decoding=\"async\" src=\"https:\/\/envergure224.com\/wp-content\/uploads\/2025\/10\/FB_IMG_1760034582355-300x198.jpg\" alt=\"\" width=\"300\" height=\"198\" \/><\/a><\/p>\n<p><a href=\"https:\/\/envergure224.com\/wp-content\/uploads\/2025\/10\/FB_IMG_1760034640591.jpg\" target=\"_blank\" rel=\"noopener noreferrer noreferrer\" data-saferedirecturl=\"https:\/\/www.google.com\/url?q=https:\/\/envergure224.com\/wp-content\/uploads\/2025\/10\/FB_IMG_1760034640591.jpg&amp;source=gmail&amp;ust=1760166022206000&amp;usg=AOvVaw1QR4-qChPGKFqSLBKwPLIV\"><img loading=\"lazy\" decoding=\"async\" src=\"https:\/\/envergure224.com\/wp-content\/uploads\/2025\/10\/FB_IMG_1760034640591-300x204.jpg\" alt=\"\" width=\"300\" height=\"204\" \/><\/a><\/p>\n<p>Dans son discours,la Directrice g\u00e9n\u00e9rale par int\u00e9rim du\u00a0 Fond de D\u00e9veloppement Agricole,\u00a0\u00a0Barry Safiatou , a d\u00e9clar\u00e9 cette c\u00e9r\u00e9monie de remise de ch\u00e8ques aux promoteurs agricoles\u00a0 est le fruit\u00a0 d&rsquo;un engagement envers une agriculture moderne, inclusive et comp\u00e9titive port\u00e9e par des acteurs nationaux r\u00e9silients.<\/p>\n<p>Avant de souligner que les b\u00e9n\u00e9ficiaires de cette campagne refl\u00e8tent la diversit\u00e9 et la vitalit\u00e9 du monde agricole guin\u00e9en.<\/p>\n<p>\u00ab\u00a0Et plus de 33,3% de structures port\u00e9es par des femmes,de 26,2% par des jeunes entrepreneurs,<\/p>\n<p>16,7% par des PME agricoles,16,7% par de grands producteurs, 7,1% par des organisations professionnelles agricoles.<\/p>\n<p><a href=\"https:\/\/envergure224.com\/wp-content\/uploads\/2025\/10\/FB_IMG_1760034636129.jpg\" target=\"_blank\" rel=\"noopener noreferrer noreferrer\" data-saferedirecturl=\"https:\/\/www.google.com\/url?q=https:\/\/envergure224.com\/wp-content\/uploads\/2025\/10\/FB_IMG_1760034636129.jpg&amp;source=gmail&amp;ust=1760166022206000&amp;usg=AOvVaw1g6FtI4lhEqL3UJ_J49v0H\"><img loading=\"lazy\" decoding=\"async\" src=\"https:\/\/envergure224.com\/wp-content\/uploads\/2025\/10\/FB_IMG_1760034636129-300x193.jpg\" alt=\"\" width=\"300\" height=\"193\" \/><\/a>Derri\u00e8re ces chiffres, il y a des villages, des familles, des communaut\u00e9s\u00a0\u00bb a fait savoir la Directrice G\u00e9n\u00e9rale du FODA.<\/p>\n<p>Pour finir, la Directrice G\u00e9n\u00e9rale par int\u00e9rim du FODA , a r\u00e9affirm\u00e9 l&rsquo;engagement de son institution \u00e0 accompagner les promoteurs agricoles.<\/p>\n<p>Le\u00a0 ministre de l&rsquo;\u00e9conomie et des finances,Mourana Soumah, a\u00a0 d\u00e9clar\u00e9 :\u00a0\u00bb Nous sommes dans la phase de remise des\u00a0 ch\u00e8ques de financement pour nos vaillants agriculteurs de Guin\u00e9e. Cela est un signe qui montre l\u2019importance du secteur agricole dans notre processus de d\u00e9veloppement tel que d\u00e9clin\u00e9s dans la vision que nous sommes en train de construire autour de Simandou, projet minier, mais avec son plan de d\u00e9veloppement, planification,de Simandou, sous le leadership du Pr\u00e9sident le g\u00e9n\u00e9ral Mamadi Doumbouya\u00a0\u00bb, a-t-il d\u00e9clar\u00e9.<\/p>\n<p>Avant d&rsquo;ajouter :\u00a0\u00bb Nous devons transformer un revenu minier en \u00e9l\u00e9ment de capitalisation des domaines, j\u2019allais dire, de la production agricole<a href=\"http:\/\/agricole.la\/\" target=\"_blank\" rel=\"noopener noreferrer noreferrer\" data-saferedirecturl=\"https:\/\/www.google.com\/url?q=http:\/\/agricole.la&amp;source=gmail&amp;ust=1760166022206000&amp;usg=AOvVaw0sEnSGInebkj3CPAZHGJxf\">.<\/a>La\u00a0Guin\u00e9e est un gisement agricole. Je le dis avec des statistiques, pour 13 millions de terres arabes, pour 70% de la population qui y travaille, mais avec moins de contributions dans le PIB, soit 25%\u00a0\u00bb.<\/p>\n<p>Sylla Ibrahima Kalil,pour\u00a0<a href=\"http:\/\/www.conakrynews.org\/\" target=\"_blank\" rel=\"noopener noreferrer noreferrer\" data-saferedirecturl=\"https:\/\/www.google.com\/url?q=http:\/\/www.conakrynews.org&amp;source=gmail&amp;ust=1760166022206000&amp;usg=AOvVaw2po7OLqkT2YRmwmxWP0RDE\">www.conakrynews.org<\/a>,625445534<\/p>\n<p><a href=\"https:\/\/envergure224.com\/wp-content\/uploads\/2025\/10\/FB_IMG_1760050689474.jpg\" target=\"_blank\" rel=\"noopener noreferrer noreferrer\" data-saferedirecturl=\"https:\/\/www.google.com\/url?q=https:\/\/envergure224.com\/wp-content\/uploads\/2025\/10\/FB_IMG_1760050689474.jpg&amp;source=gmail&amp;ust=1760166022206000&amp;usg=AOvVaw39OX_32C7PVmyxYcELdwMj\"><img loading=\"lazy\" decoding=\"async\" src=\"https:\/\/envergure224.com\/wp-content\/uploads\/2025\/10\/FB_IMG_1760050689474-300x207.jpg\" alt=\"\" width=\"300\" height=\"207\" \/><\/a><\/p>\n","protected":false},"excerpt":{"rendered":"<p>&nbsp; &nbsp; Ce jeudi,09 Octobre 2025,le minist\u00e8re de l\u2019agriculture\u00a0 en collaboration avec le Fond de D\u00e9veloppement Agricole FODA, a proc\u00e9d\u00e9\u00a0 \u00e0 la\u00a0 \u00a0remise des ch\u00e8ques aux\u00a0 \u00a0promoteurs agricoles \u00e0 travers une c\u00e9r\u00e9monie de signature organis\u00e9e dans un r\u00e9ceptif h\u00f4telier de la place.Cette c\u00e9r\u00e9monie de signature \u00e9tait\u00a0 pr\u00e9sid\u00e9e par la ministre de l&rsquo;agriculture,Mariama\u00a0 Cir\u00e9 Sylla, accompagn\u00e9e [&hellip;]<\/p>\n","protected":false},"author":2,"featured_media":36622,"comment_status":"closed","ping_status":"closed","sticky":false,"template":"","format":"standard","meta":{"footnotes":""},"categories":[58],"tags":[],"class_list":{"0":"post-36618","1":"post","2":"type-post","3":"status-publish","4":"format-standard","5":"has-post-thumbnail","7":"category-societe"},"_links":{"self":[{"href":"https:\/\/conakrynews.org\/index.php\/wp-json\/wp\/v2\/posts\/36618","targetHints":{"allow":["GET"]}}],"collection":[{"href":"https:\/\/conakrynews.org\/index.php\/wp-json\/wp\/v2\/posts"}],"about":[{"href":"https:\/\/conakrynews.org\/index.php\/wp-json\/wp\/v2\/types\/post"}],"author":[{"embeddable":true,"href":"https:\/\/conakrynews.org\/index.php\/wp-json\/wp\/v2\/users\/2"}],"replies":[{"embeddable":true,"href":"https:\/\/conakrynews.org\/index.php\/wp-json\/wp\/v2\/comments?post=36618"}],"version-history":[{"count":0,"href":"https:\/\/conakrynews.org\/index.php\/wp-json\/wp\/v2\/posts\/36618\/revisions"}],"wp:featuredmedia":[{"embeddable":true,"href":"https:\/\/conakrynews.org\/index.php\/wp-json\/wp\/v2\/media\/36622"}],"wp:attachment":[{"href":"https:\/\/conakrynews.org\/index.php\/wp-json\/wp\/v2\/media?parent=36618"}],"wp:term":[{"taxonomy":"category","embeddable":true,"href":"https:\/\/conakrynews.org\/index.php\/wp-json\/wp\/v2\/categories?post=36618"},{"taxonomy":"post_tag","embeddable":true,"href":"https:\/\/conakrynews.org\/index.php\/wp-json\/wp\/v2\/tags?post=36618"}],"curies":[{"name":"wp","href":"https:\/\/api.w.org\/{rel}","templated":true}]}}