{"id":36625,"date":"2025-10-10T12:11:48","date_gmt":"2025-10-10T12:11:48","guid":{"rendered":"https:\/\/conakrynews.org\/?p=36625"},"modified":"2025-10-10T12:11:48","modified_gmt":"2025-10-10T12:11:48","slug":"perou-la-presidente-dina-boluarte-destituee-par-le-parlement","status":"publish","type":"post","link":"https:\/\/conakrynews.org\/index.php\/perou-la-presidente-dina-boluarte-destituee-par-le-parlement\/","title":{"rendered":"P\u00e9rou: la pr\u00e9sidente Dina Boluarte destitu\u00e9e par le Parlement"},"content":{"rendered":"<div><\/div>\n<div class=\"clear\">La pr\u00e9sidente p\u00e9ruvienne Dina Boluarte a \u00e9t\u00e9 destitu\u00e9e dans la nuit du jeudi 9 au vendredi 10 octobre par un vote majoritaire du Parlement, \u00e0 la suite de plusieurs motions en ce sens d\u00e9pos\u00e9es au cours de la journ\u00e9e par les principales forces politiques de l\u2019Assembl\u00e9e. Le pr\u00e9sident du Parlement, Jos\u00e9 Jeri, 38 ans, assume d\u00e9sormais la pr\u00e9sidence du pays.<\/div>\n<div class=\"entry\">\n<p>\u00ab<em>\u00a0La destitution de la pr\u00e9sidente a \u00e9t\u00e9 approuv\u00e9e<\/em>\u00a0\u00bb, a annonc\u00e9 le pr\u00e9sident du Parlement, Jos\u00e9 Jer\u00ed, \u00e0 l\u2019issue d\u2019une courte session \u00e0 laquelle Dina Boluarte ne s\u2019est pas pr\u00e9sent\u00e9e, bien qu\u2019elle ait \u00e9t\u00e9 convoqu\u00e9e.\u00a0<a href=\"https:\/\/www.rfi.fr\/fr\/tag\/dina-boluarte\/\" target=\"_self\" rel=\"noopener noreferrer\"><strong>Dina Boluarte<\/strong><\/a>\u00a0pouvait assurer elle-m\u00eame sa d\u00e9fense ou \u00eatre repr\u00e9sent\u00e9e par un avocat, a indiqu\u00e9 le pr\u00e9sident du Parlement monocam\u00e9ral p\u00e9ruvien. C\u2019est d\u00e9sormais celui-ci qui assume la pr\u00e9sidence du pays.<\/p>\n<h2>Un \u00ab\u00a0<em>gouvernement de transition<\/em>\u00a0\u00bb<\/h2>\n<p>\u00ab\u00a0<em>Aujourd\u2019hui<\/em>, a d\u00e9clar\u00e9 Jos\u00e9 Jeri,<em>\u00a0j\u2019assume avec humilit\u00e9 la pr\u00e9sidence de la R\u00e9publique, par succession constitutionnelle, afin de mettre en place et diriger un gouvernement de transition\u00a0<\/em>\u00bb, imm\u00e9diatement apr\u00e8s avoir pr\u00eat\u00e9 serment devant le Parlement. Le nouveau pr\u00e9sident int\u00e9rimaire assumera ses fonctions jusqu\u2019au 26 juillet 2026. Le P\u00e9rou organise des \u00e9lections g\u00e9n\u00e9rales en avril.<\/p>\n<p>Pour d\u00e9choir Mme Boluarte de ses fonctions, au moins 87 des 122 d\u00e9put\u00e9s ayant pris part au vote devaient se prononcer en faveur de sa destitution. Les principales forces politiques du Parlement monocam\u00e9ral ont d\u00e9pos\u00e9 au cours de la journ\u00e9e cinq motions de destitution. L\u2019examen de quatre d\u2019entre elles a \u00e9t\u00e9 approuv\u00e9 \u00e0 la majorit\u00e9 par le Parlement.<\/p>\n<p>Les motions invoquent une \u00ab\u00a0<em>incapacit\u00e9 morale permanente<\/em>\u00a0\u00bb de la pr\u00e9sidente \u00e0 exercer ses fonctions, selon les documents lus \u00e0 l\u2019ouverture de la session parlementaire. Dina Boluarte a d\u00e9j\u00e0 fait l\u2019objet de plusieurs tentatives de destitution, sans qu\u2019aucune n\u2019aboutisse. Cette fois-ci, la proc\u00e9dure est all\u00e9e jusqu\u2019\u00e0 son terme, les partis de droite et d\u2019extr\u00eame droite qui la soutenaient jusqu\u2019\u00e0 pr\u00e9sent l\u2019ayant l\u00e2ch\u00e9e. Destitu\u00e9e, Dina Boluarte perd de fait son immunit\u00e9 et se retrouve d\u00e9sormais expos\u00e9e \u00e0 d\u2019\u00e9ventuels proc\u00e8s susceptibles de la conduire en prison.<\/p>\n<h2>Instabilit\u00e9 politique<\/h2>\n<p>Le\u00a0<strong><a href=\"https:\/\/www.rfi.fr\/fr\/tag\/p%C3%A9rou\/\" target=\"_self\" rel=\"noopener noreferrer\">P\u00e9rou<\/a><\/strong>\u00a0traverse la pire p\u00e9riode d\u2019instabilit\u00e9 politique de son histoire moderne, avec six pr\u00e9sidents en pr\u00e8s de neuf ans. Arriv\u00e9e au pouvoir apr\u00e8s la destitution du pr\u00e9sident Pedro Castillo, dans un contexte de manifestations violemment r\u00e9prim\u00e9es qui ont fait au moins 50 morts, Dina Boluarte conna\u00eet une impopularit\u00e9 record.<\/p>\n<p>Son mandat est par ailleurs entach\u00e9 par plusieurs affaires, dont le scandale du \u00ab\u00a0Rolexgate\u00a0\u00bb, portant sur des montres et bijoux de luxe qu\u2019elle n\u2019aurait pas d\u00e9clar\u00e9s, et une rhinoplastie pratiqu\u00e9e en juillet 2023 gard\u00e9e secr\u00e8te alors que la loi l\u2019obligeait \u00e0 en informer le Parlement.<\/p>\n<p>Ces derni\u00e8res semaines, les manifestations contre le gouvernement se sont multipli\u00e9es \u00e0 Lima face \u00e0 la vague d\u2019extorsions et de meurtres attribu\u00e9s au crime organis\u00e9.<\/p>\n<p>&nbsp;<\/p>\n<p><strong>Avec RFI<\/strong><\/p>\n<\/div>\n","protected":false},"excerpt":{"rendered":"<p>La pr\u00e9sidente p\u00e9ruvienne Dina Boluarte a \u00e9t\u00e9 destitu\u00e9e dans la nuit du jeudi 9 au vendredi 10 octobre par un vote majoritaire du Parlement, \u00e0 la suite de plusieurs motions en ce sens d\u00e9pos\u00e9es au cours de la journ\u00e9e par les principales forces politiques de l\u2019Assembl\u00e9e. Le pr\u00e9sident du Parlement, Jos\u00e9 Jeri, 38 ans, assume [&hellip;]<\/p>\n","protected":false},"author":2,"featured_media":36626,"comment_status":"closed","ping_status":"closed","sticky":false,"template":"","format":"standard","meta":{"footnotes":""},"categories":[57],"tags":[],"class_list":{"0":"post-36625","1":"post","2":"type-post","3":"status-publish","4":"format-standard","5":"has-post-thumbnail","7":"category-politique"},"_links":{"self":[{"href":"https:\/\/conakrynews.org\/index.php\/wp-json\/wp\/v2\/posts\/36625","targetHints":{"allow":["GET"]}}],"collection":[{"href":"https:\/\/conakrynews.org\/index.php\/wp-json\/wp\/v2\/posts"}],"about":[{"href":"https:\/\/conakrynews.org\/index.php\/wp-json\/wp\/v2\/types\/post"}],"author":[{"embeddable":true,"href":"https:\/\/conakrynews.org\/index.php\/wp-json\/wp\/v2\/users\/2"}],"replies":[{"embeddable":true,"href":"https:\/\/conakrynews.org\/index.php\/wp-json\/wp\/v2\/comments?post=36625"}],"version-history":[{"count":0,"href":"https:\/\/conakrynews.org\/index.php\/wp-json\/wp\/v2\/posts\/36625\/revisions"}],"wp:featuredmedia":[{"embeddable":true,"href":"https:\/\/conakrynews.org\/index.php\/wp-json\/wp\/v2\/media\/36626"}],"wp:attachment":[{"href":"https:\/\/conakrynews.org\/index.php\/wp-json\/wp\/v2\/media?parent=36625"}],"wp:term":[{"taxonomy":"category","embeddable":true,"href":"https:\/\/conakrynews.org\/index.php\/wp-json\/wp\/v2\/categories?post=36625"},{"taxonomy":"post_tag","embeddable":true,"href":"https:\/\/conakrynews.org\/index.php\/wp-json\/wp\/v2\/tags?post=36625"}],"curies":[{"name":"wp","href":"https:\/\/api.w.org\/{rel}","templated":true}]}}