{"id":36629,"date":"2025-10-10T21:02:50","date_gmt":"2025-10-10T21:02:50","guid":{"rendered":"https:\/\/conakrynews.org\/?p=36629"},"modified":"2025-10-10T21:02:50","modified_gmt":"2025-10-10T21:02:50","slug":"inclusion-sociale-un-nouveau-cadre-de-protection-sociale-pour-les-pays-de-la-cedeao","status":"publish","type":"post","link":"https:\/\/conakrynews.org\/index.php\/inclusion-sociale-un-nouveau-cadre-de-protection-sociale-pour-les-pays-de-la-cedeao\/","title":{"rendered":"Inclusion sociale: Un nouveau cadre de protection sociale pour les pays de la CEDEAO"},"content":{"rendered":"<div><\/div>\n<div class=\"clear\">La CEDEAO fait de la protection sociale un levier cl\u00e9 de sa Vision 2050, en lien avec la paix, la s\u00e9curit\u00e9, la gouvernance, l\u2019int\u00e9gration \u00e9conomique et l\u2019inclusion sociale.<\/div>\n<div class=\"entry\">\n<div class=\"content\">\n<section class=\"main\">La Communaut\u00e9 \u00e9conomique des \u00c9tats de l\u2019Afrique de l\u2019Ouest (CEDEAO) a lanc\u00e9 \u00e0 Abuja, avec ses partenaires, un cadre de protection sociale, assorti d\u2019un plan op\u00e9rationnel, destin\u00e9 \u00e0 renforcer les syst\u00e8mes de protection sociale dans ses \u00c9tats membres.Con\u00e7u pour orienter les \u00c9tats membres, le nouveau cadre vise \u00e0 renforcer et \u00e0 \u00e9largir ces syst\u00e8mes, \u00e0 am\u00e9liorer l\u2019acc\u00e8s aux services essentiels et \u00e0 promouvoir l\u2019inclusion sociale. Le lancement a aussi permis de pr\u00e9senter aux \u00c9tats membres et partenaires le plan de travail biennal 2025-2026.<\/p>\n<p>Ce cadre a \u00e9t\u00e9 lanc\u00e9 en collaboration avec l\u2019Organisation internationale du travail (OIT), le Fonds des Nations unies pour l\u2019enfance (UNICEF), l\u2019Organisation des Nations Unies pour l\u2019alimentation et l\u2019agriculture (FAO), l\u2019Union europ\u00e9enne et d\u2019autres partenaires.<\/p>\n<p>Les partenaires de d\u00e9veloppement ont r\u00e9affirm\u00e9 leur engagement \u00e0 travailler \u00ab en \u00e9troite collaboration \u00bb avec la CEDEAO pour mettre en \u0153uvre le plan de travail biennal. Ils se sont engag\u00e9s aussi \u00e0 renforcer les syst\u00e8mes de protection sociale afin de garantir leur caract\u00e8re inclusif, efficace et durable.<\/p>\n<p>L\u2019UNICEF, la FAO et d\u2019autres partenaires ont insist\u00e9 sur l\u2019importance de b\u00e2tir des syst\u00e8mes solides et inclusifs. Ils ont appel\u00e9 \u00e0 veiller particuli\u00e8rement \u00e0 garantir l\u2019acc\u00e8s des enfants ainsi que des communaut\u00e9s tributaires de l\u2019agriculture et des moyens de subsistance connexes.<\/p>\n<p>De son c\u00f4t\u00e9, Vanessa Phala, la directrice du bureau de l\u2019OIT pour le Nig\u00e9ria, le Ghana, le Lib\u00e9ria et la Sierra Leone, \u00e9galement en charge du bureau de liaison pour la CEDEAO, a rappel\u00e9 que \u00ab la protection sociale est \u00e0 la fois un droit humain et une n\u00e9cessit\u00e9 \u00e9conomique \u00bb.<\/p>\n<p>Depuis plusieurs ann\u00e9es, la CEDEAO appuie ses \u00e9tats membres dans l\u2019\u00e9laboration de politiques de protection sociale. Elle a notamment favoris\u00e9 l\u2019harmonisation des strat\u00e9gies nationales, renforc\u00e9 les capacit\u00e9s institutionnelles et mobilis\u00e9 ses partenaires pour am\u00e9liorer l\u2019acc\u00e8s des populations vuln\u00e9rables aux services essentiels.<\/p>\n<p>&nbsp;<\/p>\n<p><strong>Avec dpa-news<\/strong><\/p>\n<\/section>\n<\/div>\n<\/div>\n<div class=\"share-post\">\n<p>&nbsp;<\/p>\n<\/div>\n","protected":false},"excerpt":{"rendered":"<p>La CEDEAO fait de la protection sociale un levier cl\u00e9 de sa Vision 2050, en lien avec la paix, la s\u00e9curit\u00e9, la gouvernance, l\u2019int\u00e9gration \u00e9conomique et l\u2019inclusion sociale. La Communaut\u00e9 \u00e9conomique des \u00c9tats de l\u2019Afrique de l\u2019Ouest (CEDEAO) a lanc\u00e9 \u00e0 Abuja, avec ses partenaires, un cadre de protection sociale, assorti d\u2019un plan op\u00e9rationnel, destin\u00e9 [&hellip;]<\/p>\n","protected":false},"author":2,"featured_media":36630,"comment_status":"closed","ping_status":"closed","sticky":false,"template":"","format":"standard","meta":{"footnotes":""},"categories":[58],"tags":[],"class_list":{"0":"post-36629","1":"post","2":"type-post","3":"status-publish","4":"format-standard","5":"has-post-thumbnail","7":"category-societe"},"_links":{"self":[{"href":"https:\/\/conakrynews.org\/index.php\/wp-json\/wp\/v2\/posts\/36629","targetHints":{"allow":["GET"]}}],"collection":[{"href":"https:\/\/conakrynews.org\/index.php\/wp-json\/wp\/v2\/posts"}],"about":[{"href":"https:\/\/conakrynews.org\/index.php\/wp-json\/wp\/v2\/types\/post"}],"author":[{"embeddable":true,"href":"https:\/\/conakrynews.org\/index.php\/wp-json\/wp\/v2\/users\/2"}],"replies":[{"embeddable":true,"href":"https:\/\/conakrynews.org\/index.php\/wp-json\/wp\/v2\/comments?post=36629"}],"version-history":[{"count":0,"href":"https:\/\/conakrynews.org\/index.php\/wp-json\/wp\/v2\/posts\/36629\/revisions"}],"wp:featuredmedia":[{"embeddable":true,"href":"https:\/\/conakrynews.org\/index.php\/wp-json\/wp\/v2\/media\/36630"}],"wp:attachment":[{"href":"https:\/\/conakrynews.org\/index.php\/wp-json\/wp\/v2\/media?parent=36629"}],"wp:term":[{"taxonomy":"category","embeddable":true,"href":"https:\/\/conakrynews.org\/index.php\/wp-json\/wp\/v2\/categories?post=36629"},{"taxonomy":"post_tag","embeddable":true,"href":"https:\/\/conakrynews.org\/index.php\/wp-json\/wp\/v2\/tags?post=36629"}],"curies":[{"name":"wp","href":"https:\/\/api.w.org\/{rel}","templated":true}]}}