{"id":36643,"date":"2025-10-12T11:58:08","date_gmt":"2025-10-12T11:58:08","guid":{"rendered":"https:\/\/conakrynews.org\/?p=36643"},"modified":"2025-10-12T12:01:32","modified_gmt":"2025-10-12T12:01:32","slug":"guinee-kankan-accueille-avec-ferveur-le-premier-ministre-amadou-oury-bah","status":"publish","type":"post","link":"https:\/\/conakrynews.org\/index.php\/guinee-kankan-accueille-avec-ferveur-le-premier-ministre-amadou-oury-bah\/","title":{"rendered":"Guin\u00e9e :Kankan accueille avec ferveur le Premier ministre Amadou Oury BAH"},"content":{"rendered":"<div dir=\"auto\"><img loading=\"lazy\" decoding=\"async\" class=\"alignnone size-medium wp-image-36645\" src=\"https:\/\/conakrynews.org\/wp-content\/uploads\/2025\/10\/IMG-20251010-WA0004-515x290.jpg\" alt=\"\" width=\"515\" height=\"290\" srcset=\"https:\/\/conakrynews.org\/wp-content\/uploads\/2025\/10\/IMG-20251010-WA0004-515x290.jpg 515w, https:\/\/conakrynews.org\/wp-content\/uploads\/2025\/10\/IMG-20251010-WA0004-768x432.jpg 768w, https:\/\/conakrynews.org\/wp-content\/uploads\/2025\/10\/IMG-20251010-WA0004-150x84.jpg 150w, https:\/\/conakrynews.org\/wp-content\/uploads\/2025\/10\/IMG-20251010-WA0004-300x169.jpg 300w, https:\/\/conakrynews.org\/wp-content\/uploads\/2025\/10\/IMG-20251010-WA0004-696x392.jpg 696w, https:\/\/conakrynews.org\/wp-content\/uploads\/2025\/10\/IMG-20251010-WA0004-1068x601.jpg 1068w, https:\/\/conakrynews.org\/wp-content\/uploads\/2025\/10\/IMG-20251010-WA0004-747x420.jpg 747w, https:\/\/conakrynews.org\/wp-content\/uploads\/2025\/10\/IMG-20251010-WA0004.jpg 1280w\" sizes=\"auto, (max-width: 515px) 100vw, 515px\" \/><\/div>\n<div dir=\"auto\"><\/div>\n<div dir=\"auto\">Kankan, 10 Octobre 2025 \u2013 C\u2019est dans une atmosph\u00e8re festive et empreinte d\u2019un profond civisme que les autorit\u00e9s locales, les notables et les citoyens de la Cit\u00e9 de Nabaya ont accueilli le Premier ministre Amadou Oury Bah, en tourn\u00e9e de remerciements apr\u00e8s l\u2019adoption de la nouvelle constitution \u00e0 une tr\u00e8s large majorit\u00e9.<\/div>\n<div dir=\"auto\"><\/div>\n<div dir=\"auto\">La c\u00e9r\u00e9monie, organis\u00e9e \u00e0 la Maison des jeunes, a r\u00e9uni plusieurs personnalit\u00e9s, dont l\u2019ancien ministre des Sports et capitaine embl\u00e9matique du Syli national, Aboubacar Titi Camara. \u00c0 cette occasion, le pr\u00e9sident de la d\u00e9l\u00e9gation sp\u00e9ciale de Kankan, Arafan Moussa Coulibaly, a salu\u00e9 les progr\u00e8s r\u00e9alis\u00e9s dans la r\u00e9gion depuis l\u2019arriv\u00e9e au pouvoir du Comit\u00e9 National du Rassemblement pour le D\u00e9veloppement (CNRD), dirig\u00e9 par le G\u00e9n\u00e9ral Mamadi Doumbouya. Il a exprim\u00e9, au nom des populations locales, le v\u0153u que le Chef de l\u2019\u00c9tat se pr\u00e9sente \u00e0 l\u2019\u00e9lection pr\u00e9sidentielle du 28 d\u00e9cembre 2025, afin de poursuivre les r\u00e9formes engag\u00e9es.<\/div>\n<div dir=\"auto\"><\/div>\n<div dir=\"auto\">Touch\u00e9 par l\u2019accueil chaleureux, le Premier Ministre a exprim\u00e9 sa gratitude envers les habitants de Kankan pour leur mobilisation exemplaire et leur engagement en faveur de la paix, de la coh\u00e9sion sociale et du soutien aux politiques de refondation. Il a \u00e9galement salu\u00e9 le taux \u00e9lev\u00e9 de participation au r\u00e9f\u00e9rendum du 21 septembre dernier, marqu\u00e9 par une victoire du Oui, qu\u2019il a qualifi\u00e9e de signe fort d\u2019adh\u00e9sion populaire.<\/div>\n<div dir=\"auto\"><\/div>\n<div dir=\"auto\">Au nom du Pr\u00e9sident de la R\u00e9publique, Amadou Oury Bah a enfin lanc\u00e9 un appel \u00e0 l\u2019unit\u00e9 et \u00e0 la coh\u00e9sion, invitant les citoyens de Kankan \u00e0 maintenir leur engagement pour la stabilit\u00e9 et le d\u00e9veloppement durable de la r\u00e9gion.<\/div>\n<div dir=\"auto\"><\/div>\n<div dir=\"auto\">Service de Communication de la Primature<\/div>\n","protected":false},"excerpt":{"rendered":"<p>Kankan, 10 Octobre 2025 \u2013 C\u2019est dans une atmosph\u00e8re festive et empreinte d\u2019un profond civisme que les autorit\u00e9s locales, les notables et les citoyens de la Cit\u00e9 de Nabaya ont accueilli le Premier ministre Amadou Oury Bah, en tourn\u00e9e de remerciements apr\u00e8s l\u2019adoption de la nouvelle constitution \u00e0 une tr\u00e8s large majorit\u00e9. La c\u00e9r\u00e9monie, organis\u00e9e [&hellip;]<\/p>\n","protected":false},"author":2,"featured_media":36646,"comment_status":"closed","ping_status":"closed","sticky":false,"template":"","format":"standard","meta":{"footnotes":""},"categories":[57],"tags":[],"class_list":{"0":"post-36643","1":"post","2":"type-post","3":"status-publish","4":"format-standard","5":"has-post-thumbnail","7":"category-politique"},"_links":{"self":[{"href":"https:\/\/conakrynews.org\/index.php\/wp-json\/wp\/v2\/posts\/36643","targetHints":{"allow":["GET"]}}],"collection":[{"href":"https:\/\/conakrynews.org\/index.php\/wp-json\/wp\/v2\/posts"}],"about":[{"href":"https:\/\/conakrynews.org\/index.php\/wp-json\/wp\/v2\/types\/post"}],"author":[{"embeddable":true,"href":"https:\/\/conakrynews.org\/index.php\/wp-json\/wp\/v2\/users\/2"}],"replies":[{"embeddable":true,"href":"https:\/\/conakrynews.org\/index.php\/wp-json\/wp\/v2\/comments?post=36643"}],"version-history":[{"count":0,"href":"https:\/\/conakrynews.org\/index.php\/wp-json\/wp\/v2\/posts\/36643\/revisions"}],"wp:featuredmedia":[{"embeddable":true,"href":"https:\/\/conakrynews.org\/index.php\/wp-json\/wp\/v2\/media\/36646"}],"wp:attachment":[{"href":"https:\/\/conakrynews.org\/index.php\/wp-json\/wp\/v2\/media?parent=36643"}],"wp:term":[{"taxonomy":"category","embeddable":true,"href":"https:\/\/conakrynews.org\/index.php\/wp-json\/wp\/v2\/categories?post=36643"},{"taxonomy":"post_tag","embeddable":true,"href":"https:\/\/conakrynews.org\/index.php\/wp-json\/wp\/v2\/tags?post=36643"}],"curies":[{"name":"wp","href":"https:\/\/api.w.org\/{rel}","templated":true}]}}