{"id":36676,"date":"2025-10-13T12:37:56","date_gmt":"2025-10-13T12:37:56","guid":{"rendered":"https:\/\/conakrynews.org\/?p=36676"},"modified":"2025-10-13T12:48:26","modified_gmt":"2025-10-13T12:48:26","slug":"crise-a-madagascar-le-president-andry-rajoelina-a-ete-exfiltre-par-un-avion-militaire-francais","status":"publish","type":"post","link":"https:\/\/conakrynews.org\/index.php\/crise-a-madagascar-le-president-andry-rajoelina-a-ete-exfiltre-par-un-avion-militaire-francais\/","title":{"rendered":"Crise \u00e0 Madagascar: le pr\u00e9sident Andry Rajoelina a \u00e9t\u00e9 exfiltr\u00e9 par un avion militaire fran\u00e7ais"},"content":{"rendered":"<h1 class=\"name post-title entry-title\"><\/h1>\n<div class=\"clear\"><\/div>\n<div class=\"entry\">\n<p>Le pr\u00e9sident malgache Andry Rajoelina a \u00e9t\u00e9 exfiltr\u00e9 par un avion militaire fran\u00e7ais le 12 octobre 2025, est en mesure de confirmer RFI, apr\u00e8s un accord avec le pr\u00e9sident Emmanuel Macron. Les autorit\u00e9s fran\u00e7aises indiquent qu\u2019elles n\u2019interviennent en aucune mani\u00e8re dans la crise malgache. Ce pays est secou\u00e9 depuis le 25 septembre par des manifestations r\u00e9prim\u00e9es contre les coupures d\u2019eau et d\u2019\u00e9lectricit\u00e9 qui se sont mu\u00e9es en contestation contre le pouvoir et des appels \u00e0 la d\u00e9mission du chef de l\u2019\u00c9tat, notamment.<\/p>\n<p>&nbsp;<\/p>\n<p><strong>Avec AFP<\/strong><\/p>\n<\/div>\n","protected":false},"excerpt":{"rendered":"<p>Le pr\u00e9sident malgache Andry Rajoelina a \u00e9t\u00e9 exfiltr\u00e9 par un avion militaire fran\u00e7ais le 12 octobre 2025, est en mesure de confirmer RFI, apr\u00e8s un accord avec le pr\u00e9sident Emmanuel Macron. Les autorit\u00e9s fran\u00e7aises indiquent qu\u2019elles n\u2019interviennent en aucune mani\u00e8re dans la crise malgache. Ce pays est secou\u00e9 depuis le 25 septembre par des manifestations [&hellip;]<\/p>\n","protected":false},"author":2,"featured_media":36681,"comment_status":"closed","ping_status":"closed","sticky":false,"template":"","format":"standard","meta":{"footnotes":""},"categories":[57],"tags":[],"class_list":{"0":"post-36676","1":"post","2":"type-post","3":"status-publish","4":"format-standard","5":"has-post-thumbnail","7":"category-politique"},"_links":{"self":[{"href":"https:\/\/conakrynews.org\/index.php\/wp-json\/wp\/v2\/posts\/36676","targetHints":{"allow":["GET"]}}],"collection":[{"href":"https:\/\/conakrynews.org\/index.php\/wp-json\/wp\/v2\/posts"}],"about":[{"href":"https:\/\/conakrynews.org\/index.php\/wp-json\/wp\/v2\/types\/post"}],"author":[{"embeddable":true,"href":"https:\/\/conakrynews.org\/index.php\/wp-json\/wp\/v2\/users\/2"}],"replies":[{"embeddable":true,"href":"https:\/\/conakrynews.org\/index.php\/wp-json\/wp\/v2\/comments?post=36676"}],"version-history":[{"count":0,"href":"https:\/\/conakrynews.org\/index.php\/wp-json\/wp\/v2\/posts\/36676\/revisions"}],"wp:featuredmedia":[{"embeddable":true,"href":"https:\/\/conakrynews.org\/index.php\/wp-json\/wp\/v2\/media\/36681"}],"wp:attachment":[{"href":"https:\/\/conakrynews.org\/index.php\/wp-json\/wp\/v2\/media?parent=36676"}],"wp:term":[{"taxonomy":"category","embeddable":true,"href":"https:\/\/conakrynews.org\/index.php\/wp-json\/wp\/v2\/categories?post=36676"},{"taxonomy":"post_tag","embeddable":true,"href":"https:\/\/conakrynews.org\/index.php\/wp-json\/wp\/v2\/tags?post=36676"}],"curies":[{"name":"wp","href":"https:\/\/api.w.org\/{rel}","templated":true}]}}