{"id":36685,"date":"2025-10-13T13:01:33","date_gmt":"2025-10-13T13:01:33","guid":{"rendered":"https:\/\/conakrynews.org\/?p=36685"},"modified":"2025-10-13T13:01:33","modified_gmt":"2025-10-13T13:01:33","slug":"liran-refuse-linvitation-au-sommet-de-gaza-affirmant-ne-pas-pouvoir-sieger-aux-cotes-de-ceux-qui-ont-attaque-le-pays","status":"publish","type":"post","link":"https:\/\/conakrynews.org\/index.php\/liran-refuse-linvitation-au-sommet-de-gaza-affirmant-ne-pas-pouvoir-sieger-aux-cotes-de-ceux-qui-ont-attaque-le-pays\/","title":{"rendered":"L\u2019Iran refuse l\u2019invitation au sommet de Gaza, affirmant ne pas pouvoir si\u00e9ger aux c\u00f4t\u00e9s de ceux qui ont attaqu\u00e9 le pays"},"content":{"rendered":"<h1 class=\"name post-title entry-title\"><\/h1>\n<p class=\"post-meta\">\n<div class=\"clear\"><\/div>\n<div class=\"entry\">\n<p><strong>Le ministre iranien des Affaires \u00e9trang\u00e8res a d\u00e9clin\u00e9 l\u2019invitation au sommet de Charm el-Cheikh, expliquant qu\u2019il ne pouvait pas rencontrer des dirigeants qui \u00ab ont attaqu\u00e9 le peuple iranien, continuent de nous menacer et de nous sanctionner \u00bb.<\/strong><\/p>\n<p>Dans un message publi\u00e9 sur X, Abbas Araghchi a remerci\u00e9 le pr\u00e9sident \u00e9gyptien, Abdel Fattah al-Sissi, pour son invitation, mais a pr\u00e9cis\u00e9 que ni lui ni le pr\u00e9sident Massoud Pezeshkian ne rencontreraient d\u2019interlocuteurs hostiles.<\/p>\n<p>M. Araghchi faisait r\u00e9f\u00e9rence aux frappes a\u00e9riennes am\u00e9ricaines sur les installations nucl\u00e9aires iraniennes lors de la guerre isra\u00e9lienne de 12 jours, ainsi qu\u2019aux sanctions contre l\u2019\u00e9conomie et le secteur \u00e9nerg\u00e9tique du pays.<\/p>\n<p>Il a r\u00e9affirm\u00e9 le soutien ferme de l\u2019Iran \u00e0 toute d\u00e9cision palestinienne visant \u00e0 mettre fin au g\u00e9nocide commis par Isra\u00ebl \u00e0 Gaza.<\/p>\n<p>\u00ab L\u2019Iran soutient toute initiative visant \u00e0 mettre fin au g\u00e9nocide palestinien \u00e0 Gaza et \u00e0 expulser les forces d\u2019occupation \u00bb, a-t-il d\u00e9clar\u00e9. Les Palestiniens ont pleinement le droit \u00e0 l\u2019autod\u00e9termination, et tous les \u00c9tats doivent plus que jamais les soutenir dans cette cause l\u00e9gitime.<\/p>\n<p>Le ministre iranien a ajout\u00e9 que l\u2019Iran reste \u00ab une force essentielle pour la paix dans la r\u00e9gion \u00bb, contrairement au r\u00e9gime isra\u00e9lien qui cherche des \u00ab guerres sans fin \u00bb.<\/p>\n<p>\u00ab L\u2019Iran a toujours \u00e9t\u00e9, et restera, un acteur cl\u00e9 de la paix r\u00e9gionale. Contrairement au r\u00e9gime g\u00e9nocidaire isra\u00e9lien, il ne cherche pas la guerre \u00e0 r\u00e9p\u00e9tition, souvent au d\u00e9triment de ses soi-disant alli\u00e9s, mais aspire \u00e0 la paix, \u00e0 la prosp\u00e9rit\u00e9 et \u00e0 une coop\u00e9ration durable. \u00bb<\/p>\n<div class=\"news-body-container\">\n<div>\n<p>Le prochain sommet de Charm el-Cheikh, copr\u00e9sid\u00e9 par le pr\u00e9sident al-Sissi et son homologue am\u00e9ricain Donald Trump, vise \u00e0 officialiser un cessez-le-feu et \u00e0 d\u00e9finir les mesures de reconstruction et de gouvernance apr\u00e8s deux ans de guerre \u00e0 Gaza.<\/p>\n<p>Plus de 20 pays doivent participer \u00e0 ce sommet, organis\u00e9 \u00e0 la suite d\u2019un cessez-le-feu n\u00e9goci\u00e9 par les \u00c9tats-Unis entre Isra\u00ebl et le Hamas.<\/p>\n<p>Ce sommet intervient apr\u00e8s deux ann\u00e9es de g\u00e9nocide men\u00e9 par le duo am\u00e9ricano-isra\u00e9lien \u00e0 Gaza, qui a caus\u00e9 environ 70 000 morts, de nombreux bless\u00e9s, et laiss\u00e9 une grande partie du territoire en ruines.<\/p>\n<\/div>\n<\/div>\n<div class=\"div-share\"><\/div>\n<div>Avec PressTV<\/div>\n<\/div>\n<div class=\"share-post\">\n<p>&nbsp;<\/p>\n<\/div>\n","protected":false},"excerpt":{"rendered":"<p>Le ministre iranien des Affaires \u00e9trang\u00e8res a d\u00e9clin\u00e9 l\u2019invitation au sommet de Charm el-Cheikh, expliquant qu\u2019il ne pouvait pas rencontrer des dirigeants qui \u00ab ont attaqu\u00e9 le peuple iranien, continuent de nous menacer et de nous sanctionner \u00bb. Dans un message publi\u00e9 sur X, Abbas Araghchi a remerci\u00e9 le pr\u00e9sident \u00e9gyptien, Abdel Fattah al-Sissi, pour [&hellip;]<\/p>\n","protected":false},"author":2,"featured_media":36686,"comment_status":"closed","ping_status":"closed","sticky":false,"template":"","format":"standard","meta":{"footnotes":""},"categories":[57],"tags":[],"class_list":{"0":"post-36685","1":"post","2":"type-post","3":"status-publish","4":"format-standard","5":"has-post-thumbnail","7":"category-politique"},"_links":{"self":[{"href":"https:\/\/conakrynews.org\/index.php\/wp-json\/wp\/v2\/posts\/36685","targetHints":{"allow":["GET"]}}],"collection":[{"href":"https:\/\/conakrynews.org\/index.php\/wp-json\/wp\/v2\/posts"}],"about":[{"href":"https:\/\/conakrynews.org\/index.php\/wp-json\/wp\/v2\/types\/post"}],"author":[{"embeddable":true,"href":"https:\/\/conakrynews.org\/index.php\/wp-json\/wp\/v2\/users\/2"}],"replies":[{"embeddable":true,"href":"https:\/\/conakrynews.org\/index.php\/wp-json\/wp\/v2\/comments?post=36685"}],"version-history":[{"count":0,"href":"https:\/\/conakrynews.org\/index.php\/wp-json\/wp\/v2\/posts\/36685\/revisions"}],"wp:featuredmedia":[{"embeddable":true,"href":"https:\/\/conakrynews.org\/index.php\/wp-json\/wp\/v2\/media\/36686"}],"wp:attachment":[{"href":"https:\/\/conakrynews.org\/index.php\/wp-json\/wp\/v2\/media?parent=36685"}],"wp:term":[{"taxonomy":"category","embeddable":true,"href":"https:\/\/conakrynews.org\/index.php\/wp-json\/wp\/v2\/categories?post=36685"},{"taxonomy":"post_tag","embeddable":true,"href":"https:\/\/conakrynews.org\/index.php\/wp-json\/wp\/v2\/tags?post=36685"}],"curies":[{"name":"wp","href":"https:\/\/api.w.org\/{rel}","templated":true}]}}