{"id":36689,"date":"2025-10-13T13:09:22","date_gmt":"2025-10-13T13:09:22","guid":{"rendered":"https:\/\/conakrynews.org\/?p=36689"},"modified":"2025-10-13T13:09:22","modified_gmt":"2025-10-13T13:09:22","slug":"foot-la-milieu-francaise-sandie-toletti-prend-sa-retraite-internationale","status":"publish","type":"post","link":"https:\/\/conakrynews.org\/index.php\/foot-la-milieu-francaise-sandie-toletti-prend-sa-retraite-internationale\/","title":{"rendered":"Foot: la milieu fran\u00e7aise Sandie Toletti prend sa retraite internationale"},"content":{"rendered":"<h1 class=\"name post-title entry-title\"><\/h1>\n<p class=\"post-meta\">\n<div class=\"clear\"><\/div>\n<div class=\"entry\">\n<p>La milieu et vice-capitaine de l\u2019\u00e9quipe de France Sandie Toletti, 30 ans, a pris sa retraite internationale, a annonc\u00e9 lundi la joueuse, quelques jours apr\u00e8s l\u2019annonce de la retraite d\u2019une autre milieu, Amel Majri.<\/p>\n<p>La joueuse du Real Madrid (72 s\u00e9lections, 4 buts) a particip\u00e9 avec l\u2019\u00e9quipe de France \u00e0 trois Euros (2017, 2022 et 2025), \u00e0 une Coupe du monde (2023) et aux JO de Rio et Paris (2016, 2024), jouant son premier match avec les Bleues en octobre 2013.<\/p>\n<p>\u00ab\u00a0Aujourd\u2019hui, je quitte la s\u00e9lection avec le coeur rempli de gratitude et la certitude d\u2019avoir tout donn\u00e9\u00a0\u00bb, a-t-elle expliqu\u00e9, \u00ab\u00a0ce n\u2019est jamais facile de dire adieu \u00e0 quelque chose qui a tant compt\u00e9\u00a0\u00bb.<\/p>\n<p>Lors de l\u2019Euro en Suisse, l\u2019ancienne milieu de Montpellier a \u00e9t\u00e9 align\u00e9e contre le pays de Galles et les Pays-Bas et est rentr\u00e9e en jeu face \u00e0 l\u2019Angleterre lors du premier match. Elle n\u2019a pas jou\u00e9 lors du quart de finale contre l\u2019Allemagne car touch\u00e9e au tendon d\u2019Achille.<\/p>\n<p>Nomm\u00e9e vice-capitaine des Bleues par Laurent Bonadei (avec Sakina Karchaoui et Grace Geyoro), elle avait une place de titulaire depuis l\u2019arriv\u00e9e du s\u00e9lectionneur en octobre 2024 et avec Herv\u00e9 Renard son pr\u00e9d\u00e9cesseur.<\/p>\n<p>\u00ab\u00a0Je f\u00e9licite Sandie pour sa tr\u00e8s belle carri\u00e8re internationale. Celle-ci a parfois \u00e9t\u00e9 sem\u00e9e d\u2019emb\u00fbches mais Sandie s\u2019est toujours donn\u00e9 les moyens de progresser pour retrouver les Bleues et y perdurer\u00a0\u00bb, a r\u00e9agi Laurent Bonadei, qui \u00ab\u00a0estime grandement la joueuse qu\u2019elle est, ses qualit\u00e9s footballistiques, mais plus encore la femme\u00a0\u00bb.<\/p>\n<p>\u00ab\u00a0Elle \u00e9tait l\u2019une des vice-capitaines de l\u2019\u00c9quipe de France et ce n\u2019\u00e9tait pas un hasard. Sandie est unanimement appr\u00e9ci\u00e9e, staff et joueuses confondus, elle est capable de rassembler, d\u2019\u00e9couter et de faire passer l\u2019\u00e9quipe avant elle-m\u00eame\u00a0\u00bb, a-t-il ajout\u00e9.<\/p>\n<p>Cette annonce intervient trois jours apr\u00e8s la d\u00e9cision d\u2019Amel Majri, 32 ans, une autre milieu, de prendre aussi sa retraite internationale.<\/p>\n<p>Les Bleues affrontent l\u2019Allemagne en octobre en demi-finales de Ligue des nations, apr\u00e8s leur \u00e9limination face au m\u00eame adversaire en quarts de finale de l\u2019Euro en juillet. Laurent Bonadei va annoncer sa liste jeudi.<\/p>\n<p>&nbsp;<\/p>\n<p class=\"t-copyright\"><strong>Avec AFP<\/strong><\/p>\n<\/div>\n","protected":false},"excerpt":{"rendered":"<p>La milieu et vice-capitaine de l\u2019\u00e9quipe de France Sandie Toletti, 30 ans, a pris sa retraite internationale, a annonc\u00e9 lundi la joueuse, quelques jours apr\u00e8s l\u2019annonce de la retraite d\u2019une autre milieu, Amel Majri. La joueuse du Real Madrid (72 s\u00e9lections, 4 buts) a particip\u00e9 avec l\u2019\u00e9quipe de France \u00e0 trois Euros (2017, 2022 et [&hellip;]<\/p>\n","protected":false},"author":2,"featured_media":36690,"comment_status":"closed","ping_status":"closed","sticky":false,"template":"","format":"standard","meta":{"footnotes":""},"categories":[64],"tags":[],"class_list":{"0":"post-36689","1":"post","2":"type-post","3":"status-publish","4":"format-standard","5":"has-post-thumbnail","7":"category-sport"},"_links":{"self":[{"href":"https:\/\/conakrynews.org\/index.php\/wp-json\/wp\/v2\/posts\/36689","targetHints":{"allow":["GET"]}}],"collection":[{"href":"https:\/\/conakrynews.org\/index.php\/wp-json\/wp\/v2\/posts"}],"about":[{"href":"https:\/\/conakrynews.org\/index.php\/wp-json\/wp\/v2\/types\/post"}],"author":[{"embeddable":true,"href":"https:\/\/conakrynews.org\/index.php\/wp-json\/wp\/v2\/users\/2"}],"replies":[{"embeddable":true,"href":"https:\/\/conakrynews.org\/index.php\/wp-json\/wp\/v2\/comments?post=36689"}],"version-history":[{"count":0,"href":"https:\/\/conakrynews.org\/index.php\/wp-json\/wp\/v2\/posts\/36689\/revisions"}],"wp:featuredmedia":[{"embeddable":true,"href":"https:\/\/conakrynews.org\/index.php\/wp-json\/wp\/v2\/media\/36690"}],"wp:attachment":[{"href":"https:\/\/conakrynews.org\/index.php\/wp-json\/wp\/v2\/media?parent=36689"}],"wp:term":[{"taxonomy":"category","embeddable":true,"href":"https:\/\/conakrynews.org\/index.php\/wp-json\/wp\/v2\/categories?post=36689"},{"taxonomy":"post_tag","embeddable":true,"href":"https:\/\/conakrynews.org\/index.php\/wp-json\/wp\/v2\/tags?post=36689"}],"curies":[{"name":"wp","href":"https:\/\/api.w.org\/{rel}","templated":true}]}}