{"id":36693,"date":"2025-10-13T16:22:23","date_gmt":"2025-10-13T16:22:23","guid":{"rendered":"https:\/\/conakrynews.org\/?p=36693"},"modified":"2025-10-13T16:22:52","modified_gmt":"2025-10-13T16:22:52","slug":"entrepreneuriat-feminin-giz-afrique-de-louest-autonomisation-de-femmes-entrepreneures","status":"publish","type":"post","link":"https:\/\/conakrynews.org\/index.php\/entrepreneuriat-feminin-giz-afrique-de-louest-autonomisation-de-femmes-entrepreneures\/","title":{"rendered":"Entrepreneuriat f\u00e9minin\/GIZ \u2013 Afrique de l\u2019Ouest : Autonomisation de femmes entrepreneures"},"content":{"rendered":"<h1 class=\"name post-title entry-title\"><\/h1>\n<div class=\"clear\"><\/div>\n<div class=\"entry\">\n<div id=\"copy\">\n<p class=\"teaser\">En Afrique subsaharienne, pr\u00e8s de 25 pour cent des femmes se lancent dans l\u2019entrepreneuriat, contre seulement six pour cent en Europe. Cependant, elles sont confront\u00e9es \u00e0 des d\u00e9fis.<\/p>\n<div class=\"content\">\n<section class=\"main\">Des femmes entrepreneures au B\u00e9nin, au Togo et en Mauritanie, b\u00e9n\u00e9ficient, entre octobre et d\u00e9cembre, de la deuxi\u00e8me \u00e9dition du projet germano-marocain \u00ab Promotion de l\u2019entrepreneuriat f\u00e9minin en Afrique de l\u2019Ouest \u00bb (FEMMPACT II). Mandat\u00e9 par le minist\u00e8re f\u00e9d\u00e9ral allemand de la Coop\u00e9ration \u00e9conomique et du d\u00e9veloppement (BMZ), ce projet est mis en \u0153uvre par l\u2019Agence allemande de coop\u00e9ration internationale (GIZ) et l\u2019Agence marocaine de coop\u00e9ration internationale (AMCI) en partenariat avec le \u00ab Social Innovation Lab \u00bb (SIL) relevant de l\u2019Universit\u00e9 (marocaine, ndlr) Mohammed VI Polytechnique (UM6P).\u00a0<\/section>\n<\/div>\n<\/div>\n<\/div>\n<p>FEMMPACT II est impl\u00e9ment\u00e9 en collaboration avec des incubateurs b\u00e9ninois, mauritaniens et togolais, a indiqu\u00e9 la GIZ. Les femmes entrepreneures b\u00e9n\u00e9ficiaires \u2013 s\u00e9lectionn\u00e9es \u00e0 l\u2019issue d\u2019un appel \u00e0 candidatures \u2013 disposent d\u2019un projet en phase de d\u00e9marrage ou dot\u00e9 d\u2019un prototype dans trois secteurs. Il s\u2019agit de l\u2019agro-industrie (transformation, valorisation locale, agriculture durable, cosm\u00e9tiques naturelles), de la Tech (solutions num\u00e9riques, innovations technologiques, plateformes digitales) et de l\u2019artisanat (cr\u00e9ations, design, patrimoine culturel), a-t-on pr\u00e9cis\u00e9.<\/p>\n<p>Le projet offre aux participantes des opportunit\u00e9s pour acc\u00e9der \u00e0 des ateliers anim\u00e9s par des experts reconnus, b\u00e9n\u00e9ficier d\u2019un coaching personnalis\u00e9 adapt\u00e9 \u00e0 leurs projets, d\u00e9velopper leur r\u00e9seau local et international (experts, incubateurs, entrepreneures), profiter d\u2019opportunit\u00e9s r\u00e9gionales gr\u00e2ce \u00e0 la communaut\u00e9 FEMMPACT et stimuler l\u2019innovation locale dans des secteurs strat\u00e9giques.<\/p>\n<h2>Vers un r\u00e9seau africain d\u2019incubateurs FEMMPACT<\/h2>\n<p>Selon ses initiateurs, FEMMPACT ambitionne de devenir un programme de r\u00e9f\u00e9rence pour l\u2019accompagnement des femmes entrepreneures en Afrique. Il vise \u00e0 cr\u00e9er un r\u00e9seau africain d\u2019incubateurs (R\u00e9seau FEMMPACT) afin de faciliter le partage des pratiques innovantes en mati\u00e8re d\u2019appui \u00e0 l\u2019entrepreneuriat f\u00e9minin sur le continent.<\/p>\n<p>Organis\u00e9e en 2024, la premi\u00e8re \u00e9dition du projet a permis d\u2019outiller six incubateurs s\u00e9n\u00e9galais et ivoiriens sur la cr\u00e9ation d\u2019un syst\u00e8me d\u2019incubation r\u00e9pondant aux besoins et aux d\u00e9fis sp\u00e9cifiques des femmes entrepreneures au S\u00e9n\u00e9gal et en C\u00f4te d\u2019Ivoire.<\/p>\n<p>En Afrique subsaharienne, pr\u00e8s de 25 pour cent des femmes se lancent dans l\u2019entrepreneuriat, contre seulement six pour cent en Europe, selon la GIZ. Cependant, dans cette r\u00e9gion, les femmes entrepreneures sont confront\u00e9es \u00e0 des d\u00e9fis comme la faiblesse de l\u2019\u00e9cosyst\u00e8me entrepreneurial, l\u2019acc\u00e8s difficile aux financements et aux march\u00e9s, le manque d\u2019opportunit\u00e9s de r\u00e9seautage, le manque de formation technique en gestion des PME et les contraintes socioculturelles.<\/p>\n<div class=\"info-row\">\n<nav class=\"navbar\" role=\"navigation\" aria-label=\"article navigation\">\n<div class=\"navbar-menu is-active\">\n<div class=\"navbar-start\"><strong>Avec dpa-news<\/strong><\/div>\n<\/div>\n<\/nav>\n<\/div>\n","protected":false},"excerpt":{"rendered":"<p>En Afrique subsaharienne, pr\u00e8s de 25 pour cent des femmes se lancent dans l\u2019entrepreneuriat, contre seulement six pour cent en Europe. Cependant, elles sont confront\u00e9es \u00e0 des d\u00e9fis. Des femmes entrepreneures au B\u00e9nin, au Togo et en Mauritanie, b\u00e9n\u00e9ficient, entre octobre et d\u00e9cembre, de la deuxi\u00e8me \u00e9dition du projet germano-marocain \u00ab Promotion de l\u2019entrepreneuriat f\u00e9minin [&hellip;]<\/p>\n","protected":false},"author":2,"featured_media":36694,"comment_status":"closed","ping_status":"closed","sticky":false,"template":"","format":"standard","meta":{"footnotes":""},"categories":[58],"tags":[],"class_list":{"0":"post-36693","1":"post","2":"type-post","3":"status-publish","4":"format-standard","5":"has-post-thumbnail","7":"category-societe"},"_links":{"self":[{"href":"https:\/\/conakrynews.org\/index.php\/wp-json\/wp\/v2\/posts\/36693","targetHints":{"allow":["GET"]}}],"collection":[{"href":"https:\/\/conakrynews.org\/index.php\/wp-json\/wp\/v2\/posts"}],"about":[{"href":"https:\/\/conakrynews.org\/index.php\/wp-json\/wp\/v2\/types\/post"}],"author":[{"embeddable":true,"href":"https:\/\/conakrynews.org\/index.php\/wp-json\/wp\/v2\/users\/2"}],"replies":[{"embeddable":true,"href":"https:\/\/conakrynews.org\/index.php\/wp-json\/wp\/v2\/comments?post=36693"}],"version-history":[{"count":0,"href":"https:\/\/conakrynews.org\/index.php\/wp-json\/wp\/v2\/posts\/36693\/revisions"}],"wp:featuredmedia":[{"embeddable":true,"href":"https:\/\/conakrynews.org\/index.php\/wp-json\/wp\/v2\/media\/36694"}],"wp:attachment":[{"href":"https:\/\/conakrynews.org\/index.php\/wp-json\/wp\/v2\/media?parent=36693"}],"wp:term":[{"taxonomy":"category","embeddable":true,"href":"https:\/\/conakrynews.org\/index.php\/wp-json\/wp\/v2\/categories?post=36693"},{"taxonomy":"post_tag","embeddable":true,"href":"https:\/\/conakrynews.org\/index.php\/wp-json\/wp\/v2\/tags?post=36693"}],"curies":[{"name":"wp","href":"https:\/\/api.w.org\/{rel}","templated":true}]}}