{"id":36700,"date":"2025-10-13T20:52:55","date_gmt":"2025-10-13T20:52:55","guid":{"rendered":"https:\/\/conakrynews.org\/?p=36700"},"modified":"2025-10-13T20:52:55","modified_gmt":"2025-10-13T20:52:55","slug":"guinee-le-premier-ministre-recoit-une-delegation-sud-coreenne-dans-le-cadre-dun-partenariat","status":"publish","type":"post","link":"https:\/\/conakrynews.org\/index.php\/guinee-le-premier-ministre-recoit-une-delegation-sud-coreenne-dans-le-cadre-dun-partenariat\/","title":{"rendered":"Guin\u00e9e: le Premier ministre re\u00e7oit une d\u00e9l\u00e9gation sud-cor\u00e9enne dans le cadre d\u2019un partenariat"},"content":{"rendered":"<h1 class=\"name post-title entry-title\"><\/h1>\n<p class=\"post-meta\">\n<div class=\"clear\"><\/div>\n<div class=\"entry\">\n<p>Le Premier ministre, Chef du Gouvernement, a re\u00e7u en audience une d\u00e9l\u00e9gation cor\u00e9enne, en pr\u00e9sence des membres de son cabinet, dans le cadre d\u2019un partenariat strat\u00e9gique lanc\u00e9 il y a dix mois pour accompagner la Guin\u00e9e dans la mise en \u0153uvre efficace et durable de sa politique de d\u00e9veloppement industriel.<\/p>\n<p>Introduite par la ministre de l\u2019Industrie et des PME, la d\u00e9l\u00e9gation \u00e9tait compos\u00e9e de plusieurs structures, dont la Banque Cor\u00e9enne d\u2019Import-Export, l\u2019Institut Cor\u00e9en de l\u2019Industrie et du Commerce \u00c9conomique, ainsi que de chercheurs issus d\u2019institutions cor\u00e9ennes.<\/p>\n<p>Selon la ministre de l\u2019Industrie et des PME, Dre Diaka SIDIB\u00c9, les dix mois de travaux intenses men\u00e9s en Guin\u00e9e et en Cor\u00e9e du Sud ont permis de d\u00e9gager des recommandations phares.<\/p>\n<p>Au cours de cette rencontre, le Premier ministre, Amadou Oury BAH, a salu\u00e9 le parcours exemplaire de la Cor\u00e9e du Sud, cit\u00e9e comme un mod\u00e8le de r\u00e9silience et d\u2019innovation. Il a rappel\u00e9 que ce pays, sorti des ruines de la guerre des ann\u00e9es 1950, s\u2019est hiss\u00e9 parmi les grandes puissances mondiales gr\u00e2ce \u00e0 la connaissance, \u00e0 la discipline et \u00e0 la valorisation du capital humain. Selon lui, \u00ab la principale richesse d\u2019un pays r\u00e9side dans la qualit\u00e9 de ses ressources humaines \u00bb.<\/p>\n<p>Le Chef du Gouvernement a exprim\u00e9 la volont\u00e9 de la Guin\u00e9e de s\u2019inspirer de cette r\u00e9ussite, notamment dans le domaine industriel. Il a r\u00e9affirm\u00e9 l\u2019engagement du pays \u00e0 tirer profit de l\u2019exp\u00e9rience cor\u00e9enne pour acc\u00e9l\u00e9rer son processus d\u2019industrialisation et amorcer une nouvelle phase de d\u00e9veloppement.<\/p>\n<p><strong>Avec CCG<\/strong><\/p>\n<p>&nbsp;<\/p>\n<\/div>\n","protected":false},"excerpt":{"rendered":"<p>Le Premier ministre, Chef du Gouvernement, a re\u00e7u en audience une d\u00e9l\u00e9gation cor\u00e9enne, en pr\u00e9sence des membres de son cabinet, dans le cadre d\u2019un partenariat strat\u00e9gique lanc\u00e9 il y a dix mois pour accompagner la Guin\u00e9e dans la mise en \u0153uvre efficace et durable de sa politique de d\u00e9veloppement industriel. Introduite par la ministre de [&hellip;]<\/p>\n","protected":false},"author":2,"featured_media":36701,"comment_status":"closed","ping_status":"closed","sticky":false,"template":"","format":"standard","meta":{"footnotes":""},"categories":[57],"tags":[],"class_list":{"0":"post-36700","1":"post","2":"type-post","3":"status-publish","4":"format-standard","5":"has-post-thumbnail","7":"category-politique"},"_links":{"self":[{"href":"https:\/\/conakrynews.org\/index.php\/wp-json\/wp\/v2\/posts\/36700","targetHints":{"allow":["GET"]}}],"collection":[{"href":"https:\/\/conakrynews.org\/index.php\/wp-json\/wp\/v2\/posts"}],"about":[{"href":"https:\/\/conakrynews.org\/index.php\/wp-json\/wp\/v2\/types\/post"}],"author":[{"embeddable":true,"href":"https:\/\/conakrynews.org\/index.php\/wp-json\/wp\/v2\/users\/2"}],"replies":[{"embeddable":true,"href":"https:\/\/conakrynews.org\/index.php\/wp-json\/wp\/v2\/comments?post=36700"}],"version-history":[{"count":0,"href":"https:\/\/conakrynews.org\/index.php\/wp-json\/wp\/v2\/posts\/36700\/revisions"}],"wp:featuredmedia":[{"embeddable":true,"href":"https:\/\/conakrynews.org\/index.php\/wp-json\/wp\/v2\/media\/36701"}],"wp:attachment":[{"href":"https:\/\/conakrynews.org\/index.php\/wp-json\/wp\/v2\/media?parent=36700"}],"wp:term":[{"taxonomy":"category","embeddable":true,"href":"https:\/\/conakrynews.org\/index.php\/wp-json\/wp\/v2\/categories?post=36700"},{"taxonomy":"post_tag","embeddable":true,"href":"https:\/\/conakrynews.org\/index.php\/wp-json\/wp\/v2\/tags?post=36700"}],"curies":[{"name":"wp","href":"https:\/\/api.w.org\/{rel}","templated":true}]}}