{"id":36704,"date":"2025-10-13T21:47:18","date_gmt":"2025-10-13T21:47:18","guid":{"rendered":"https:\/\/conakrynews.org\/?p=36704"},"modified":"2025-10-13T21:52:41","modified_gmt":"2025-10-13T21:52:41","slug":"guineenomination-des-secretaires-generaux-des-departements-ministeriels-par-le-general-mamadi-doumbouya","status":"publish","type":"post","link":"https:\/\/conakrynews.org\/index.php\/guineenomination-des-secretaires-generaux-des-departements-ministeriels-par-le-general-mamadi-doumbouya\/","title":{"rendered":"Guin\u00e9e:Nomination des secr\u00e9taires g\u00e9n\u00e9raux des d\u00e9partements minist\u00e9riels par le\u00a0 G\u00e9n\u00e9ral Mamadi Doumbouya\u00a0"},"content":{"rendered":"<div id=\"m#msg-a:r8835885909603711685\" class=\"mail-message expanded\">\n<div id=\"m#msg-a:r8835885909603711685-content\" class=\"mail-message-content collapsible zoom-normal mail-show-images \">\n<div class=\"clear\">\n<div dir=\"auto\">\n<div dir=\"auto\">\n<div>\n<p>&nbsp;<\/p>\n<p>Dans la soir\u00e9e de ce lundi 13 octobre 2025 \u00e0 Conakry, dans un d\u00e9cret lu sur les ondes de la Radio T\u00e9l\u00e9vision Guin\u00e9enne (RTG), le Chef de l&rsquo;\u00c9tat, G\u00e9n\u00e9ral Mamadi Doumbouya,a proc\u00e9d\u00e9 ded\u00a0 secr\u00e9taire g\u00e9n\u00e9raux des d\u00e9partements minist\u00e9riels.<\/p>\n<p>Nous vous proposons la liste des nouveaux promus :<\/p>\n<p>1. Secr\u00e9taire g\u00e9n\u00e9ral du minist\u00e8re de la Justice et des Droits de l\u2019Homme, Mme Ir\u00e8ne Marie Hadjimalis.<\/p>\n<p>2. Secr\u00e9taire G\u00e9n\u00e9ral du minist\u00e8re de l\u2019Administration du Territoire et de la D\u00e9centralisation, M. Mohamed Sik\u00e9 Camara.<\/p>\n<p>3. Secr\u00e9taire G\u00e9n\u00e9ral du minist\u00e8re de la S\u00e9curit\u00e9 et de la Protection Civile, M. Mostafa Kob\u00e9l\u00e9 Ke\u00efta.<\/p>\n<p>4. Secr\u00e9taire g\u00e9n\u00e9ral du minist\u00e8re des Affaires \u00e9trang\u00e8res, de l\u2019Int\u00e9gration africaine et des guin\u00e9ens \u00e9tablis \u00e0 l\u2019\u00e9tranger, M. Abdoulaye Youla.<\/p>\n<p>5. Secr\u00e9taire g\u00e9n\u00e9ral du minist\u00e8re de l\u2019\u00c9conomie et des Finances, Dr. Mamoudou Tour\u00e9.<\/p>\n<p>6. Secr\u00e9taire g\u00e9n\u00e9ral du minist\u00e8re du Budget, M. Kernan Amadou Bah.<\/p>\n<p>7. Secr\u00e9taire g\u00e9n\u00e9ral du minist\u00e8re du Plan et de la Coop\u00e9ration Internationale, M. Kab\u00e9l\u00e9 Soumah.<\/p>\n<p>8. Secr\u00e9taire g\u00e9n\u00e9ral du minist\u00e8re du Travail et de la Fonction Publique, M. Kab\u00e9l\u00e9 Soumah.<\/p>\n<p>9. Secr\u00e9taire g\u00e9n\u00e9ral du minist\u00e8re des Mines et de la G\u00e9ologie, M. Aboubacar Kourouma.<\/p>\n<div>\n<div><a href=\"https:\/\/www.investigatorguinee.com\/2025\/10\/13\/35497\/\" target=\"_blank\" rel=\"noopener noreferrer noreferrer noreferrer\" data-saferedirecturl=\"https:\/\/www.google.com\/url?q=https:\/\/www.investigatorguinee.com\/2025\/10\/13\/35497\/&amp;source=gmail&amp;ust=1760478289402000&amp;usg=AOvVaw0zo94celu49mE1BfqNmnJ-\"><img loading=\"lazy\" decoding=\"async\" src=\"https:\/\/www.investigatorguinee.com\/wp-content\/uploads\/2023\/09\/WhatsApp-Image-2023-09-05-at-16.03.58.jpeg\" alt=\"\" width=\"1024\" height=\"144\" data-max-width=\"\" data-width=\"\" data-height=\"\" \/><\/a><\/div>\n<\/div>\n<p>10. Secr\u00e9taire g\u00e9n\u00e9ral du minist\u00e8re de l\u2019Industrie et des Petites et Moyennes entreprises, Mme Bintou Douno, pr\u00e9c\u00e9demment conseill\u00e8re charg\u00e9e des questions industrielles et des Petites et Moyennes entreprises, au minist\u00e8re du Commerce de l\u2019Industrie et des Petites et Moyennes entreprises.<\/p>\n<p>11. Secr\u00e9taire g\u00e9n\u00e9ral du minist\u00e8re de l\u2019Agriculture, M. Oumar Barry, pr\u00e9c\u00e9demment secr\u00e9taire g\u00e9n\u00e9ral du minist\u00e8re de l\u2019Agriculture et de l\u2019\u00c9levage.<\/p>\n<p>12. Secr\u00e9taire g\u00e9n\u00e9ral du minist\u00e8re de la Culture et de l\u2019Artisanat, Mme Ramatoulaye Camara, pr\u00e9c\u00e9demment chef de cabinet du minist\u00e8re du Travail et de la Fonction Publique.<\/p>\n<p>13. Secr\u00e9taire G\u00e9n\u00e9ral du minist\u00e8re de l\u2019Enseignement Sup\u00e9rieur, de la Recherche Scientifique, et de l\u2019Innovation, Dr. Fassin\u00e9 Kant\u00e9.<\/p>\n<p>14. Secr\u00e9taire g\u00e9n\u00e9ral du minist\u00e8re de l\u2019Enseignement Pr\u00e9 Universitaire et de l\u2019Alphab\u00e9tisation, M. Youssouf Boundou Sylla.<\/p>\n<p>15. Secr\u00e9taire G\u00e9n\u00e9ral du minist\u00e8re de l\u2019Enseignement Technique, de la Formation Professionnelle et de l\u2019Emploi, M. Julien Bongono.<\/p>\n<p>16. Secr\u00e9taire g\u00e9n\u00e9ral du minist\u00e8re du Commerce, M. Bamba Olyano.<\/p>\n<p>17. Secr\u00e9taire G\u00e9n\u00e9ral du minist\u00e8re de la Sant\u00e9 et de l\u2019Hygi\u00e8ne Publique, Dr. Manjou Diakit\u00e9, pr\u00e9c\u00e9demment directeur national des Laboratoires de Guin\u00e9e.<\/p>\n<p>18. Secr\u00e9taire g\u00e9n\u00e9ral du minist\u00e8re de l\u2019Environnement et du D\u00e9veloppement Durable, M. Karim Samoula.<\/p>\n<p>19. Secr\u00e9taire g\u00e9n\u00e9ral du minist\u00e8re de la P\u00eache et de l\u2019\u00c9conomie. M. Morlaye Soumah, pr\u00e9c\u00e9demment chef des cabinets du minist\u00e8re de l\u2019\u00c9conomie et des Finances.<\/p>\n<p>20. Secr\u00e9taire g\u00e9n\u00e9ral du minist\u00e8re des Infrastructures et des Travaux Publics, M. Ibrahima Camara.<\/p>\n<p>21. Secr\u00e9taire g\u00e9n\u00e9ral du minist\u00e8re de l\u2019\u00c9nergie, M. Moussa Koulibaly, ing\u00e9nieur \u00e9lectricien consultant.<\/p>\n<p>22. Secr\u00e9taire g\u00e9n\u00e9ral du minist\u00e8re de l\u2019Hydrodynamique. M. Bachir Camara, pr\u00e9c\u00e9demment secr\u00e9taire g\u00e9n\u00e9ral du minist\u00e8re de l\u2019\u00e9nergie et de l\u2019hydraulique.<\/p>\n<p>23. Secr\u00e9taire g\u00e9n\u00e9ral du minist\u00e8re de l\u2019Urbanisme, de l\u2019Habitat et de l\u2019Am\u00e9nagement du Territoire, charg\u00e9 de la r\u00e9cup\u00e9ration des domaines spoli\u00e9s de l\u2019\u00c9tat, M. Mamadou Salim Sylla.<\/p>\n<p>24. Secr\u00e9taire g\u00e9n\u00e9ral du minist\u00e8re des Transports, M. Mohamed Bakayoko.<\/p>\n<p>25. Secr\u00e9taire g\u00e9n\u00e9ral du minist\u00e8re des Postes, des T\u00e9l\u00e9communications et de l\u2019\u00c9conomie num\u00e9rique, M. Noah Traor\u00e9.<\/p>\n<p>26. Secr\u00e9taire g\u00e9n\u00e9ral du minist\u00e8re de l\u2019Information et de la Communication, M. Souleymane Bah.<\/p>\n<p>27. Secr\u00e9taire g\u00e9n\u00e9ral du minist\u00e8re de la Jeunesse, Mme Ka\u00eft\u00e9 Sall, pr\u00e9c\u00e9demment secr\u00e9taire g\u00e9n\u00e9rale du minist\u00e8re de la sant\u00e9 et de l\u2019hygi\u00e8ne publique.<\/p>\n<p>28. Secr\u00e9taire g\u00e9n\u00e9ral du minist\u00e8re des Sports, M. Mohamed Billy Kaba, pr\u00e9c\u00e9demment secr\u00e9taire g\u00e9n\u00e9rale du minist\u00e8re de la Jeunesse et des Sports.<\/p>\n<p>29. Secr\u00e9taire G\u00e9n\u00e9ral du minist\u00e8re de la Promotion F\u00e9minine, de l\u2019Enfance et des Personnes Vuln\u00e9rables, M. Roger Yassi Clonan.<\/p>\n<p>30. Secr\u00e9taire g\u00e9n\u00e9ral du minist\u00e8re du Tourisme et de l\u2019H\u00f4tellerie, M. Souleymane Ke\u00efta, pr\u00e9c\u00e9demment d\u00e9put\u00e9 \u00e0 l\u2019Assembl\u00e9e Nationale de Guin\u00e9e.<\/p>\n<p>31. Secr\u00e9taire g\u00e9n\u00e9ral du minist\u00e8re de l\u2019\u00c9levage, Mme Alimatu Sirandou Diallo, pr\u00e9c\u00e9demment directrice nationale de l\u2019Alimentation et des productions animales.<\/p>\n<p>32. Secr\u00e9taire G\u00e9n\u00e9ral adjoint du gouvernement, M. Faimba Mara.<\/p>\n<p>33. Secr\u00e9taire g\u00e9n\u00e9ral adjoint des Affaires religieuses, Elhaj Ibrahima Ousmane Bah.<\/p>\n<p>Sylla Ibrahima Kalil,pour\u00a0<a href=\"http:\/\/www.conakrynews.org\/\" target=\"_blank\" rel=\"noopener noreferrer noreferrer\" data-saferedirecturl=\"https:\/\/www.google.com\/url?q=http:\/\/www.conakrynews.org&amp;source=gmail&amp;ust=1760478289402000&amp;usg=AOvVaw0ZEyr2DW2WgyC0xKCK0ZIA\">www.conakrynews.org<\/a>,625444534<\/p>\n<\/div>\n<\/div>\n<\/div>\n<\/div>\n<\/div>\n<div id=\"m#msg-a:r8835885909603711685-footer\" class=\"mail-message-footer spacer collapsible\"><\/div>\n<\/div>\n","protected":false},"excerpt":{"rendered":"<p>&nbsp; Dans la soir\u00e9e de ce lundi 13 octobre 2025 \u00e0 Conakry, dans un d\u00e9cret lu sur les ondes de la Radio T\u00e9l\u00e9vision Guin\u00e9enne (RTG), le Chef de l&rsquo;\u00c9tat, G\u00e9n\u00e9ral Mamadi Doumbouya,a proc\u00e9d\u00e9 ded\u00a0 secr\u00e9taire g\u00e9n\u00e9raux des d\u00e9partements minist\u00e9riels. Nous vous proposons la liste des nouveaux promus : 1. Secr\u00e9taire g\u00e9n\u00e9ral du minist\u00e8re de la [&hellip;]<\/p>\n","protected":false},"author":2,"featured_media":36708,"comment_status":"closed","ping_status":"closed","sticky":false,"template":"","format":"standard","meta":{"footnotes":""},"categories":[57],"tags":[],"class_list":{"0":"post-36704","1":"post","2":"type-post","3":"status-publish","4":"format-standard","5":"has-post-thumbnail","7":"category-politique"},"_links":{"self":[{"href":"https:\/\/conakrynews.org\/index.php\/wp-json\/wp\/v2\/posts\/36704","targetHints":{"allow":["GET"]}}],"collection":[{"href":"https:\/\/conakrynews.org\/index.php\/wp-json\/wp\/v2\/posts"}],"about":[{"href":"https:\/\/conakrynews.org\/index.php\/wp-json\/wp\/v2\/types\/post"}],"author":[{"embeddable":true,"href":"https:\/\/conakrynews.org\/index.php\/wp-json\/wp\/v2\/users\/2"}],"replies":[{"embeddable":true,"href":"https:\/\/conakrynews.org\/index.php\/wp-json\/wp\/v2\/comments?post=36704"}],"version-history":[{"count":0,"href":"https:\/\/conakrynews.org\/index.php\/wp-json\/wp\/v2\/posts\/36704\/revisions"}],"wp:featuredmedia":[{"embeddable":true,"href":"https:\/\/conakrynews.org\/index.php\/wp-json\/wp\/v2\/media\/36708"}],"wp:attachment":[{"href":"https:\/\/conakrynews.org\/index.php\/wp-json\/wp\/v2\/media?parent=36704"}],"wp:term":[{"taxonomy":"category","embeddable":true,"href":"https:\/\/conakrynews.org\/index.php\/wp-json\/wp\/v2\/categories?post=36704"},{"taxonomy":"post_tag","embeddable":true,"href":"https:\/\/conakrynews.org\/index.php\/wp-json\/wp\/v2\/tags?post=36704"}],"curies":[{"name":"wp","href":"https:\/\/api.w.org\/{rel}","templated":true}]}}