{"id":36710,"date":"2025-10-14T15:27:05","date_gmt":"2025-10-14T15:27:05","guid":{"rendered":"https:\/\/conakrynews.org\/?p=36710"},"modified":"2025-10-14T15:27:05","modified_gmt":"2025-10-14T15:27:05","slug":"madagascar-rajoelina-destitue-lunite-militaire-ralliee-a-la-contestation-dit-prendre-le-pouvoir","status":"publish","type":"post","link":"https:\/\/conakrynews.org\/index.php\/madagascar-rajoelina-destitue-lunite-militaire-ralliee-a-la-contestation-dit-prendre-le-pouvoir\/","title":{"rendered":"Madagascar : Rajoelina destitu\u00e9, l\u2019unit\u00e9 militaire ralli\u00e9e \u00e0 la contestation dit \u00ab\u00a0prendre le pouvoir\u00a0\u00bb"},"content":{"rendered":"<h1 class=\"name post-title entry-title\"><\/h1>\n<p class=\"post-meta\">\n<div class=\"clear\"><\/div>\n<div class=\"entry\">\n<p>Alors que l\u2019Assembl\u00e9e nationale de Madagascar a vot\u00e9 mardi la destitution du pr\u00e9sident Andry Rajoelina, qui avait diffus\u00e9 un d\u00e9cret de dissolution de l\u2019Assembl\u00e9e quelques heures plus t\u00f4t, l\u2019unit\u00e9 militaire ralli\u00e9e \u00e0 la contestation de la Gen Z a dit \u00ab\u00a0prendre le pouvoir\u00a0\u00bb.<\/p>\n<p>L\u2019unit\u00e9 militaire ralli\u00e9e \u00e0 la contestation de la\u00a0<a class=\"gtm-add-suggested-tag\" href=\"https:\/\/www.france24.com\/fr\/tag\/genz\/\" target=\"_self\" rel=\"noopener noreferrer\">Gen Z<\/a>\u00a0a dit \u00ab\u00a0prendre le pouvoir\u00a0\u00bb, mardi 14\u00a0octobre, apr\u00e8s que l\u2019Assembl\u00e9e nationale de\u00a0<a class=\"gtm-add-suggested-tag\" href=\"https:\/\/www.france24.com\/fr\/tag\/madagascar\/\" target=\"_self\" rel=\"noopener noreferrer\">Madagascar<\/a>\u00a0a vot\u00e9 la destitution du pr\u00e9sident\u00a0<a class=\"gtm-add-suggested-tag\" href=\"https:\/\/www.france24.com\/fr\/tag\/andry-rajoelina\/\" target=\"_self\" rel=\"noopener noreferrer\">Andry Rajoelina<\/a>. Ce dernier avait diffus\u00e9 un d\u00e9cret de dissolution de l\u2019Assembl\u00e9e quelques heures plus t\u00f4t.<\/p>\n<p>\u00ab\u00a0On va prendre le pouvoir \u00e0 partir d\u2019aujourd\u2019hui et on dissout le S\u00e9nat et la Haute cour constitutionnelle. L\u2019Assembl\u00e9e nationale, on la laisse continuer \u00e0 travailler\u00a0\u00bb, a indiqu\u00e9 le colonel Michael Randrianirina devant le palais pr\u00e9sidentiel, dans le centre de la capitale malgache. Contest\u00e9 dans la rue et reclus dans un lieu inconnu, Andry Rajoelina, qui avait dissous un peu plus t\u00f4t mardi l\u2019Assembl\u00e9e, a d\u00e9nonc\u00e9 durant le vote le destituant une \u00ab\u00a0r\u00e9union [\u2026] d\u00e9pourvue de toute base l\u00e9gale\u00a0\u00bb.<\/p>\n<p>Au total 130 des 163\u00a0d\u00e9put\u00e9s, soit plus de la majorit\u00e9 des deux tiers requise, ont vot\u00e9 en faveur de la destitution du chef de l\u2019\u00c9tat, qui doit encore \u00eatre formellement d\u00e9clar\u00e9e par la Haute cour constitutionnelle.<\/p>\n<p>\u00ab\u00a0Conform\u00e9ment aux dispositions de l\u2019article 60 de la Constitution, l\u2019Assembl\u00e9e nationale est dissoute\u00a0\u00bb, indiquait plus t\u00f4t un d\u00e9cret diffus\u00e9 sur la page Facebook de la pr\u00e9sidence, dont l\u2019authenticit\u00e9 a \u00e9t\u00e9 confirm\u00e9e \u00e0 l\u2019AFP par l\u2019entourage du pr\u00e9sident.<\/p>\n<p>\u00ab\u00a0Ce choix s\u2019impose pour r\u00e9tablir l\u2019ordre au sein de notre nation et renforcer la d\u00e9mocratie\u00a0\u00bb, avait-il justifi\u00e9 dans un message sur les r\u00e9seaux sociaux dans la foul\u00e9e.<\/p>\n<p>Fragilis\u00e9 par le ralliement ce weekend des militaires \u00e0 la contestation ayant embras\u00e9 le pays et d\u00e9sormais r\u00e9fugi\u00e9 dans un lieu inconnu, le chef de l\u2019\u00c9tat\u00a0<a href=\"https:\/\/www.france24.com\/fr\/afrique\/20251014-madagascar-pr%C3%A9sident-contest%C3%A9-andry-rajoelina-%C3%A9carte-toute-d%C3%A9mission\" target=\"_self\" rel=\"noopener noreferrer\">avait \u00e9cart\u00e9 lundi toute d\u00e9mission en appelant \u00e0 \u00ab\u00a0respecter la Constitution\u00a0\u00bb<\/a>\u00a0lors de sa premi\u00e8re apparition \u00e0 l\u2019\u00e9cran depuis ce revirement.<\/p>\n<p>\u00c9lu en 2018, puis r\u00e9\u00e9lu en 2023 pour un mandat de cinq ans lors d\u2019un scrutin boycott\u00e9 par l\u2019opposition, Andry Rajoelina \u00e9tait sous la menace d\u2019un vote le visant pour \u00ab\u00a0emp\u00eachement temporaire\u00a0\u00bb qui n\u00e9cessitait la majorit\u00e9 des deux tiers de l\u2019Assembl\u00e9e nationale.<\/p>\n<p>Des d\u00e9put\u00e9s de l\u2019opposition assuraient avoir collect\u00e9 suffisamment de signatures pour proc\u00e9der au vote lors d\u2019une session extraordinaire mardi qu\u2019ils justifient par une vacance du pouvoir, le chef de l\u2019\u00c9tat ayant selon la radio fran\u00e7aise RFI quitt\u00e9 le pays dimanche \u00e0 bord d\u2019un avion militaire fran\u00e7ais.<\/p>\n<h2>Des pancartes anti-fran\u00e7aises dans les cort\u00e8ges<\/h2>\n<p>Ce week-end, une unit\u00e9 militaire, le Capsat, qui avait jou\u00e9 un r\u00f4le majeur dans le coup d\u2019\u00c9tat de 2009 ayant port\u00e9 au pouvoir Andry Rajoelina \u00e0 la suite, d\u00e9j\u00e0, d\u2019une mobilisation populaire, a appel\u00e9 les forces de s\u00e9curit\u00e9 \u00e0 \u00ab\u00a0refuser de tirer\u00a0\u00bb sur les manifestants, avant de rejoindre ces derniers dans le centre de la capitale.<\/p>\n<p>La plupart des forces arm\u00e9es lui ont embo\u00eet\u00e9 le pas depuis et ont renouvel\u00e9 leur cha\u00eene de commandement, y compris la gendarmerie, auparavant en premi\u00e8re ligne de la r\u00e9pression des manifestations.\u00a0Au moins 22 personnes ont \u00e9t\u00e9 tu\u00e9es au d\u00e9but des manifestations et plus d\u2019une centaine ont \u00e9t\u00e9 bless\u00e9es, d\u2019apr\u00e8s un bilan des Nations unies.<\/p>\n<p>D\u2019apr\u00e8s la Constitution, les \u00e9lections l\u00e9gislatives doivent se tenir \u00ab\u00a0soixante jours au moins et quatre-vingt-dix jours au plus apr\u00e8s le prononc\u00e9 de la dissolution\u00a0\u00bb.<\/p>\n<p>L\u2019incertitude gagne encore plus cette \u00eele tr\u00e8s pauvre de l\u2019oc\u00e9an Indien o\u00f9 des milliers de manifestants se sont encore rassembl\u00e9s mardi \u00e0 Antananarivo.<\/p>\n<p>Comme depuis le 25 septembre, il s\u2019agit de jeunes mobilis\u00e9s par le collectif Gen Z, d\u00e9sormais joints par des fonctionnaires appel\u00e9s \u00e0 la gr\u00e8ve par plusieurs syndicats. Les pancartes anti-fran\u00e7aises ont aussi fleuri, a constat\u00e9 une \u00e9quipe de l\u2019AFP dans la capitale malgache. \u00ab\u00a0D\u00e9gage la France\u00a0\u00bb, \u00ab\u00a0D\u00e9gage Rajoelina et Macron\u00a0\u00bb, pouvait-on y lire.<\/p>\n<p>\u00ab\u00a0Je ne confirme rien aujourd\u2019hui\u00a0\u00bb, avait r\u00e9pondu le pr\u00e9sident fran\u00e7ais Emmanuel Macron la veille \u00e0 une question sur l\u2019exfiltration d\u2019Andry Rajoelina.<\/p>\n<p><strong><em>Avec AFP<\/em><\/strong><\/p>\n<\/div>\n","protected":false},"excerpt":{"rendered":"<p>Alors que l\u2019Assembl\u00e9e nationale de Madagascar a vot\u00e9 mardi la destitution du pr\u00e9sident Andry Rajoelina, qui avait diffus\u00e9 un d\u00e9cret de dissolution de l\u2019Assembl\u00e9e quelques heures plus t\u00f4t, l\u2019unit\u00e9 militaire ralli\u00e9e \u00e0 la contestation de la Gen Z a dit \u00ab\u00a0prendre le pouvoir\u00a0\u00bb. L\u2019unit\u00e9 militaire ralli\u00e9e \u00e0 la contestation de la\u00a0Gen Z\u00a0a dit \u00ab\u00a0prendre le [&hellip;]<\/p>\n","protected":false},"author":2,"featured_media":36711,"comment_status":"closed","ping_status":"closed","sticky":false,"template":"","format":"standard","meta":{"footnotes":""},"categories":[57],"tags":[],"class_list":{"0":"post-36710","1":"post","2":"type-post","3":"status-publish","4":"format-standard","5":"has-post-thumbnail","7":"category-politique"},"_links":{"self":[{"href":"https:\/\/conakrynews.org\/index.php\/wp-json\/wp\/v2\/posts\/36710","targetHints":{"allow":["GET"]}}],"collection":[{"href":"https:\/\/conakrynews.org\/index.php\/wp-json\/wp\/v2\/posts"}],"about":[{"href":"https:\/\/conakrynews.org\/index.php\/wp-json\/wp\/v2\/types\/post"}],"author":[{"embeddable":true,"href":"https:\/\/conakrynews.org\/index.php\/wp-json\/wp\/v2\/users\/2"}],"replies":[{"embeddable":true,"href":"https:\/\/conakrynews.org\/index.php\/wp-json\/wp\/v2\/comments?post=36710"}],"version-history":[{"count":0,"href":"https:\/\/conakrynews.org\/index.php\/wp-json\/wp\/v2\/posts\/36710\/revisions"}],"wp:featuredmedia":[{"embeddable":true,"href":"https:\/\/conakrynews.org\/index.php\/wp-json\/wp\/v2\/media\/36711"}],"wp:attachment":[{"href":"https:\/\/conakrynews.org\/index.php\/wp-json\/wp\/v2\/media?parent=36710"}],"wp:term":[{"taxonomy":"category","embeddable":true,"href":"https:\/\/conakrynews.org\/index.php\/wp-json\/wp\/v2\/categories?post=36710"},{"taxonomy":"post_tag","embeddable":true,"href":"https:\/\/conakrynews.org\/index.php\/wp-json\/wp\/v2\/tags?post=36710"}],"curies":[{"name":"wp","href":"https:\/\/api.w.org\/{rel}","templated":true}]}}