{"id":36714,"date":"2025-10-14T15:40:10","date_gmt":"2025-10-14T15:40:10","guid":{"rendered":"https:\/\/conakrynews.org\/?p=36714"},"modified":"2025-10-14T15:40:55","modified_gmt":"2025-10-14T15:40:55","slug":"madagascar-le-president-dissout-lassemblee-avant-un-vote-pour-abandon-de-poste-le-visant","status":"publish","type":"post","link":"https:\/\/conakrynews.org\/index.php\/madagascar-le-president-dissout-lassemblee-avant-un-vote-pour-abandon-de-poste-le-visant\/","title":{"rendered":"Madagascar : le pr\u00e9sident dissout l\u2019Assembl\u00e9e avant un vote pour abandon de poste le visant"},"content":{"rendered":"<h1 class=\"name post-title entry-title\"><\/h1>\n<div class=\"clear\"><\/div>\n<div class=\"entry\">\n<p>Andry Rajoelina\u00a0a dissous mardi par d\u00e9cret l\u2019Assembl\u00e9e nationale avant un vote le visant pour abandon de poste.\u00a0Le pr\u00e9sident de Madagascar est contest\u00e9 dans la rue depuis plusieurs semaines. Appel\u00e9s \u00e0 la gr\u00e8ve par plusieurs syndicats, les fonctionnaires ont rejoint les manifestations, initialement organis\u00e9es par des jeunes du collectif Gen Z.<\/p>\n<p>Le pr\u00e9sident de\u00a0<a class=\"gtm-add-suggested-tag\" href=\"https:\/\/www.france24.com\/fr\/tag\/madagascar\/\" target=\"_self\" rel=\"noopener noreferrer\">Madagascar<\/a>\u00a0Andry Rajoelina, contest\u00e9 dans la rue, a dissous mardi 14 octobre par d\u00e9cret l\u2019Assembl\u00e9e nationale avant un vote le visant pour abandon de poste.<\/p>\n<p>\u00ab\u00a0Conform\u00e9ment aux dispositions de l\u2019article 60 de la Constitution, l\u2019Assembl\u00e9e nationale est dissoute\u00a0\u00bb, indique un d\u00e9cret diffus\u00e9 sur la page Facebook de la pr\u00e9sidence, dont l\u2019authenticit\u00e9 a \u00e9t\u00e9 confirm\u00e9e \u00e0 l\u2019AFP par l\u2019entourage du pr\u00e9sident.<\/p>\n<p>\u00ab\u00a0Ce choix s\u2019impose pour r\u00e9tablir l\u2019ordre au sein de notre nation et renforcer la d\u00e9mocratie\u00a0\u00bb, a-t-il justifi\u00e9 dans un message sur les r\u00e9seaux sociaux dans la foul\u00e9e.<\/p>\n<p>Fragilis\u00e9 par le ralliement ce weekend des militaires \u00e0 la contestation ayant embras\u00e9 le pays et d\u00e9sormais r\u00e9fugi\u00e9 dans un lieu inconnu, le chef de l\u2019\u00c9tat\u00a0<a href=\"https:\/\/www.france24.com\/fr\/afrique\/20251014-madagascar-pr%C3%A9sident-contest%C3%A9-andry-rajoelina-%C3%A9carte-toute-d%C3%A9mission\" target=\"_self\" rel=\"noopener noreferrer\">avait \u00e9cart\u00e9 lundi toute d\u00e9mission en appelant \u00e0 \u00ab\u00a0respecter la Constitution\u00a0\u00bb<\/a>\u00a0lors de sa premi\u00e8re apparition \u00e0 l\u2019\u00e9cran depuis ce revirement.<\/p>\n<p>\u00c9lu en 2018, puis r\u00e9\u00e9lu en 2023 pour un mandat de cinq ans lors d\u2019un scrutin boycott\u00e9 par l\u2019opposition,\u00a0<a class=\"gtm-add-suggested-tag\" href=\"https:\/\/www.france24.com\/fr\/tag\/andry-rajoelina\/\" target=\"_self\" rel=\"noopener noreferrer\">Andry Rajoelina<\/a>\u00a0\u00e9tait sous la menace d\u2019un vote le visant pour \u00ab\u00a0emp\u00eachement temporaire\u00a0\u00bb qui n\u00e9cessitait la majorit\u00e9 des deux tiers de l\u2019Assembl\u00e9e nationale.<\/p>\n<p>Des d\u00e9put\u00e9s de l\u2019opposition assuraient avoir collect\u00e9 suffisamment de signatures pour proc\u00e9der au vote lors d\u2019une session extraordinaire mardi qu\u2019ils justifient par une vacance du pouvoir, le chef de l\u2019\u00c9tat ayant selon la radio fran\u00e7aise RFI quitt\u00e9 le pays dimanche \u00e0 bord d\u2019un avion militaire fran\u00e7ais.<\/p>\n<h2>Des pancartes anti-fran\u00e7aises dans les cort\u00e8ges<\/h2>\n<p>Ce week-end, une unit\u00e9 militaire, le Capsat, qui avait jou\u00e9 un r\u00f4le majeur dans le coup d\u2019\u00c9tat de 2009 ayant port\u00e9 au pouvoir Andry Rajoelina \u00e0 la suite, d\u00e9j\u00e0, d\u2019une mobilisation populaire, a appel\u00e9 les forces de s\u00e9curit\u00e9 \u00e0 \u00ab\u00a0refuser de tirer\u00a0\u00bb sur les manifestants, avant de rejoindre ces derniers dans le centre de la capitale.<\/p>\n<p>La plupart des forces arm\u00e9es lui ont embo\u00eet\u00e9 le pas depuis et ont renouvel\u00e9 leur cha\u00eene de commandement, y compris la gendarmerie, auparavant en premi\u00e8re ligne de la r\u00e9pression des manifestations.\u00a0Au moins 22 personnes ont \u00e9t\u00e9 tu\u00e9es au d\u00e9but des manifestations et plus d\u2019une centaine bless\u00e9es, d\u2019apr\u00e8s un bilan des Nations unies.<\/p>\n<p>D\u2019apr\u00e8s la Constitution, les \u00e9lections l\u00e9gislatives doivent se tenir \u00ab\u00a0soixante jours au moins et quatre-vingt dix jours au plus apr\u00e8s le prononc\u00e9 de la dissolution\u00a0\u00bb.<\/p>\n<p>L\u2019incertitude gagne encore plus cette \u00eele tr\u00e8s pauvre de l\u2019oc\u00e9an Indien o\u00f9 des milliers de manifestants se sont encore rassembl\u00e9s mardi \u00e0 Antananarivo.<\/p>\n<p>Comme depuis le 25 septembre, il s\u2019agit de jeunes mobilis\u00e9s par le collectif Gen Z, d\u00e9sormais joints par des fonctionnaires appel\u00e9s \u00e0 la gr\u00e8ve par plusieurs syndicats. Les pancartes anti-fran\u00e7aises ont aussi fleuri, a constat\u00e9 une \u00e9quipe de l\u2019AFP dans la capitale malgache. \u00ab\u00a0D\u00e9gage la France\u00a0\u00bb, \u00ab\u00a0D\u00e9gage Rajoelina et Macron\u00a0\u00bb, pouvait-on y lire.<\/p>\n<p>\u00ab\u00a0Je ne confirme rien aujourd\u2019hui\u00a0\u00bb, avait r\u00e9pondu le pr\u00e9sident fran\u00e7ais Emmanuel Macron la veille \u00e0 une question sur l\u2019exfiltration d\u2019Andry Rajoelina.<\/p>\n<p>&nbsp;<\/p>\n<p><strong><em>Avec AFP<\/em><\/strong><\/p>\n<\/div>\n<div class=\"share-post\">\n<p>&nbsp;<\/p>\n<\/div>\n","protected":false},"excerpt":{"rendered":"<p>Andry Rajoelina\u00a0a dissous mardi par d\u00e9cret l\u2019Assembl\u00e9e nationale avant un vote le visant pour abandon de poste.\u00a0Le pr\u00e9sident de Madagascar est contest\u00e9 dans la rue depuis plusieurs semaines. Appel\u00e9s \u00e0 la gr\u00e8ve par plusieurs syndicats, les fonctionnaires ont rejoint les manifestations, initialement organis\u00e9es par des jeunes du collectif Gen Z. Le pr\u00e9sident de\u00a0Madagascar\u00a0Andry Rajoelina, contest\u00e9 [&hellip;]<\/p>\n","protected":false},"author":2,"featured_media":36716,"comment_status":"closed","ping_status":"closed","sticky":false,"template":"","format":"standard","meta":{"footnotes":""},"categories":[57],"tags":[],"class_list":{"0":"post-36714","1":"post","2":"type-post","3":"status-publish","4":"format-standard","5":"has-post-thumbnail","7":"category-politique"},"_links":{"self":[{"href":"https:\/\/conakrynews.org\/index.php\/wp-json\/wp\/v2\/posts\/36714","targetHints":{"allow":["GET"]}}],"collection":[{"href":"https:\/\/conakrynews.org\/index.php\/wp-json\/wp\/v2\/posts"}],"about":[{"href":"https:\/\/conakrynews.org\/index.php\/wp-json\/wp\/v2\/types\/post"}],"author":[{"embeddable":true,"href":"https:\/\/conakrynews.org\/index.php\/wp-json\/wp\/v2\/users\/2"}],"replies":[{"embeddable":true,"href":"https:\/\/conakrynews.org\/index.php\/wp-json\/wp\/v2\/comments?post=36714"}],"version-history":[{"count":0,"href":"https:\/\/conakrynews.org\/index.php\/wp-json\/wp\/v2\/posts\/36714\/revisions"}],"wp:featuredmedia":[{"embeddable":true,"href":"https:\/\/conakrynews.org\/index.php\/wp-json\/wp\/v2\/media\/36716"}],"wp:attachment":[{"href":"https:\/\/conakrynews.org\/index.php\/wp-json\/wp\/v2\/media?parent=36714"}],"wp:term":[{"taxonomy":"category","embeddable":true,"href":"https:\/\/conakrynews.org\/index.php\/wp-json\/wp\/v2\/categories?post=36714"},{"taxonomy":"post_tag","embeddable":true,"href":"https:\/\/conakrynews.org\/index.php\/wp-json\/wp\/v2\/tags?post=36714"}],"curies":[{"name":"wp","href":"https:\/\/api.w.org\/{rel}","templated":true}]}}