{"id":36735,"date":"2025-10-15T19:39:30","date_gmt":"2025-10-15T19:39:30","guid":{"rendered":"https:\/\/conakrynews.org\/?p=36735"},"modified":"2025-10-15T19:39:30","modified_gmt":"2025-10-15T19:39:30","slug":"politique-le-collectif-des-mouvements-unis-pour-la-guinee-demande-au-general-mamadi-doumbouya-de-se-presenter-a-lelection-presidentielle-du-28-decembre","status":"publish","type":"post","link":"https:\/\/conakrynews.org\/index.php\/politique-le-collectif-des-mouvements-unis-pour-la-guinee-demande-au-general-mamadi-doumbouya-de-se-presenter-a-lelection-presidentielle-du-28-decembre\/","title":{"rendered":"Politique : le Collectif des Mouvements Unis Pour la Guin\u00e9e demande au G\u00e9n\u00e9ral Mamadi Doumbouya de se pr\u00e9senter \u00e0 l\u2019\u00e9lection pr\u00e9sidentielle du 28 d\u00e9cembre"},"content":{"rendered":"<h1 class=\"name post-title entry-title\"><\/h1>\n<p class=\"post-meta\">\n<div class=\"clear\"><\/div>\n<div class=\"entry\">\n<p>Le Collectif des Mouvements Unis Pour la Guin\u00e9e (UPLG) a anim\u00e9 un point de presse ce mercredi 15 octobre 2025 \u00e0 la maison commune des journalistes \u00e0 Conakry pour annoncer leur soutien au G\u00e9n\u00e9ral Mamadi Doumbouya comme candidat \u00e0 l\u2019\u00e9lection pr\u00e9sidentielle du 28 d\u00e9cembre.<\/p>\n<p>Selon la porte-parole dudit mouvement, Madame Ciss\u00e9\u00a0 Fanta Kaba, la Guin\u00e9e a besoin de stabilit\u00e9, de vision et de courage politique.<br \/>\n\u201cLe Collectif des Mouvements Unis pour la Guin\u00e9e d\u00e9clare solennellement son engagement total et ind\u00e9fectible \u00e0 soutenir le G\u00e9n\u00e9ral Mamadi Doumbouya dans la conqu\u00eate d\u00e9mocratique du pouvoir par les urnes\u201d, a-t-elle d\u00e9clar\u00e9.<\/p>\n<p>Poursuivant, elle a ajout\u00e9 que ce geste symbolique traduit leur d\u00e9termination \u00e0 accompagner \u00a0G\u00e9n\u00e9ral Mamadi Doumbouya dans son projet de soci\u00e9t\u00e9, \u00e0 d\u00e9fendre ses id\u00e9aux et \u00e0 \u0153uvrer main dans la main, pour la stabilit\u00e9, la paix et le d\u00e9veloppement durable de la Guin\u00e9e.\u201cL\u2019heure n\u2019est plus \u00e0 l\u2019h\u00e9sitation, mais \u00e0 la mobilisation. L\u2019histoire nous appelle \u00e0 consolider les acquis de la transition et \u00e0 ouvrir ensemble une \u00e8re nouvelle de prosp\u00e9rit\u00e9 nationale sous la conduite d\u2019un homme de conviction, d\u2019action et de patriotisme\u201d a-t-elle conclu.<\/p>\n<p><strong>\u00a0Source:Guineequotidien.com<\/strong><\/p>\n<\/div>\n","protected":false},"excerpt":{"rendered":"<p>Le Collectif des Mouvements Unis Pour la Guin\u00e9e (UPLG) a anim\u00e9 un point de presse ce mercredi 15 octobre 2025 \u00e0 la maison commune des journalistes \u00e0 Conakry pour annoncer leur soutien au G\u00e9n\u00e9ral Mamadi Doumbouya comme candidat \u00e0 l\u2019\u00e9lection pr\u00e9sidentielle du 28 d\u00e9cembre. Selon la porte-parole dudit mouvement, Madame Ciss\u00e9\u00a0 Fanta Kaba, la Guin\u00e9e [&hellip;]<\/p>\n","protected":false},"author":2,"featured_media":36736,"comment_status":"closed","ping_status":"closed","sticky":false,"template":"","format":"standard","meta":{"footnotes":""},"categories":[57],"tags":[],"class_list":{"0":"post-36735","1":"post","2":"type-post","3":"status-publish","4":"format-standard","5":"has-post-thumbnail","7":"category-politique"},"_links":{"self":[{"href":"https:\/\/conakrynews.org\/index.php\/wp-json\/wp\/v2\/posts\/36735","targetHints":{"allow":["GET"]}}],"collection":[{"href":"https:\/\/conakrynews.org\/index.php\/wp-json\/wp\/v2\/posts"}],"about":[{"href":"https:\/\/conakrynews.org\/index.php\/wp-json\/wp\/v2\/types\/post"}],"author":[{"embeddable":true,"href":"https:\/\/conakrynews.org\/index.php\/wp-json\/wp\/v2\/users\/2"}],"replies":[{"embeddable":true,"href":"https:\/\/conakrynews.org\/index.php\/wp-json\/wp\/v2\/comments?post=36735"}],"version-history":[{"count":0,"href":"https:\/\/conakrynews.org\/index.php\/wp-json\/wp\/v2\/posts\/36735\/revisions"}],"wp:featuredmedia":[{"embeddable":true,"href":"https:\/\/conakrynews.org\/index.php\/wp-json\/wp\/v2\/media\/36736"}],"wp:attachment":[{"href":"https:\/\/conakrynews.org\/index.php\/wp-json\/wp\/v2\/media?parent=36735"}],"wp:term":[{"taxonomy":"category","embeddable":true,"href":"https:\/\/conakrynews.org\/index.php\/wp-json\/wp\/v2\/categories?post=36735"},{"taxonomy":"post_tag","embeddable":true,"href":"https:\/\/conakrynews.org\/index.php\/wp-json\/wp\/v2\/tags?post=36735"}],"curies":[{"name":"wp","href":"https:\/\/api.w.org\/{rel}","templated":true}]}}