{"id":36764,"date":"2025-10-17T06:37:47","date_gmt":"2025-10-17T06:37:47","guid":{"rendered":"https:\/\/conakrynews.org\/?p=36764"},"modified":"2025-10-17T06:37:47","modified_gmt":"2025-10-17T06:37:47","slug":"guinee-air-france-presente-sa-nouvelle-strategie-damelioration-de-service-au-premier-ministre","status":"publish","type":"post","link":"https:\/\/conakrynews.org\/index.php\/guinee-air-france-presente-sa-nouvelle-strategie-damelioration-de-service-au-premier-ministre\/","title":{"rendered":"Guin\u00e9e: Air France pr\u00e9sente sa nouvelle strat\u00e9gie d\u2019am\u00e9lioration de service au Premier Ministre"},"content":{"rendered":"<h1 class=\"name post-title entry-title\"><\/h1>\n<p class=\"post-meta\">\n<div class=\"clear\"><\/div>\n<div class=\"entry\">\n<div class=\"x14z9mp xat24cr x1lziwak x1vvkbs xtlvy1s x126k92a\">\n<div dir=\"auto\">Le Premier ministre, Chef du Gouvernement, M. Amadou Oury Bah, a accord\u00e9 une audience \u00e0 M. Jean-Marc POUCHOL, Directeur Afrique d\u2019Air France, accompagn\u00e9 de Mme Nadia AZAL\u00c9, Directrice R\u00e9gionale de la compagnie.<\/div>\n<\/div>\n<div class=\"x14z9mp xat24cr x1lziwak x1vvkbs xtlvy1s x126k92a\">\n<div dir=\"auto\">La d\u00e9l\u00e9gation est venue pr\u00e9senter au Chef du Gouvernement la nouvelle strat\u00e9gie de d\u00e9veloppement et d\u2019am\u00e9lioration des services d\u2019Air France \u00e0 destination de la Guin\u00e9e. Cette initiative s\u2019inscrit dans la volont\u00e9 de la compagnie de renforcer sa pr\u00e9sence sur le march\u00e9 guin\u00e9en \u00e0 travers une offre plus comp\u00e9titive et adapt\u00e9e aux besoins des voyageurs.<\/div>\n<\/div>\n<div class=\"x14z9mp xat24cr x1lziwak x1vvkbs xtlvy1s x126k92a\">\n<div dir=\"auto\">Le Directeur Afrique d\u2019Air France a expos\u00e9 les grandes lignes de cette strat\u00e9gie, notamment l\u2019am\u00e9lioration du confort \u00e0 bord, la r\u00e9duction des temps d\u2019escale, la multiplication des vols directs et le renouvellement progressif de la flotte op\u00e9rant sur la ligne Conakry\u2013Paris. Ces r\u00e9formes visent \u00e0 offrir une meilleure exp\u00e9rience \u00e0 sa client\u00e8le guin\u00e9enne.<\/div>\n<\/div>\n<div class=\"x14z9mp xat24cr x1lziwak x1vvkbs xtlvy1s x126k92a\">\n<div dir=\"auto\">Le Premier ministre a salu\u00e9 cette d\u00e9marche et a encourag\u00e9 la compagnie \u00e0 maintenir un service de qualit\u00e9 qui r\u00e9pond aux besoins des usagers guin\u00e9ens. Il a r\u00e9affirm\u00e9 la disponibilit\u00e9 du Gouvernement \u00e0 accompagner toute initiative visant \u00e0 am\u00e9liorer la connectivit\u00e9 a\u00e9rienne des deux pays.<\/div>\n<div dir=\"auto\"><\/div>\n<\/div>\n<div dir=\"auto\"><strong>Avec CCG<\/strong><\/div>\n<\/div>\n<div class=\"share-post\">\n<p>&nbsp;<\/p>\n<\/div>\n","protected":false},"excerpt":{"rendered":"<p>Le Premier ministre, Chef du Gouvernement, M. Amadou Oury Bah, a accord\u00e9 une audience \u00e0 M. Jean-Marc POUCHOL, Directeur Afrique d\u2019Air France, accompagn\u00e9 de Mme Nadia AZAL\u00c9, Directrice R\u00e9gionale de la compagnie. La d\u00e9l\u00e9gation est venue pr\u00e9senter au Chef du Gouvernement la nouvelle strat\u00e9gie de d\u00e9veloppement et d\u2019am\u00e9lioration des services d\u2019Air France \u00e0 destination de [&hellip;]<\/p>\n","protected":false},"author":2,"featured_media":36765,"comment_status":"closed","ping_status":"closed","sticky":false,"template":"","format":"standard","meta":{"footnotes":""},"categories":[58],"tags":[],"class_list":{"0":"post-36764","1":"post","2":"type-post","3":"status-publish","4":"format-standard","5":"has-post-thumbnail","7":"category-societe"},"_links":{"self":[{"href":"https:\/\/conakrynews.org\/index.php\/wp-json\/wp\/v2\/posts\/36764","targetHints":{"allow":["GET"]}}],"collection":[{"href":"https:\/\/conakrynews.org\/index.php\/wp-json\/wp\/v2\/posts"}],"about":[{"href":"https:\/\/conakrynews.org\/index.php\/wp-json\/wp\/v2\/types\/post"}],"author":[{"embeddable":true,"href":"https:\/\/conakrynews.org\/index.php\/wp-json\/wp\/v2\/users\/2"}],"replies":[{"embeddable":true,"href":"https:\/\/conakrynews.org\/index.php\/wp-json\/wp\/v2\/comments?post=36764"}],"version-history":[{"count":0,"href":"https:\/\/conakrynews.org\/index.php\/wp-json\/wp\/v2\/posts\/36764\/revisions"}],"wp:featuredmedia":[{"embeddable":true,"href":"https:\/\/conakrynews.org\/index.php\/wp-json\/wp\/v2\/media\/36765"}],"wp:attachment":[{"href":"https:\/\/conakrynews.org\/index.php\/wp-json\/wp\/v2\/media?parent=36764"}],"wp:term":[{"taxonomy":"category","embeddable":true,"href":"https:\/\/conakrynews.org\/index.php\/wp-json\/wp\/v2\/categories?post=36764"},{"taxonomy":"post_tag","embeddable":true,"href":"https:\/\/conakrynews.org\/index.php\/wp-json\/wp\/v2\/tags?post=36764"}],"curies":[{"name":"wp","href":"https:\/\/api.w.org\/{rel}","templated":true}]}}