{"id":36772,"date":"2025-10-17T20:15:05","date_gmt":"2025-10-17T20:15:05","guid":{"rendered":"https:\/\/conakrynews.org\/?p=36772"},"modified":"2025-10-17T20:15:05","modified_gmt":"2025-10-17T20:15:05","slug":"environnement-le-changement-climatique-menace-la-flore-des-montagnes-africaines","status":"publish","type":"post","link":"https:\/\/conakrynews.org\/index.php\/environnement-le-changement-climatique-menace-la-flore-des-montagnes-africaines\/","title":{"rendered":"Environnement: Le changement climatique menace la flore des montagnes africaines"},"content":{"rendered":"<h1 class=\"name post-title entry-title\"><\/h1>\n<p class=\"post-meta\">\n<div class=\"clear\"><\/div>\n<div class=\"entry\">\n<p class=\"teaser\">C\u2019est ce qu\u2019a conclu une \u00e9tude men\u00e9e par une universit\u00e9 allemande \u00e0 laquelle ont collabor\u00e9 18 chercheurs, majoritairement bas\u00e9s dans des institutions africaines.<\/p>\n<div class=\"content\">\n<section class=\"main\">Une nouvelle \u00e9tude de l\u2019Universit\u00e9 allemande de Passau, r\u00e9alis\u00e9e en collaboration avec des scientifiques africains, met en lumi\u00e8re l\u2019ampleur de l\u2019impact du changement climatique mondial sur la diversit\u00e9 v\u00e9g\u00e9tale dans les montagnes africaines. L\u2019\u00e9tude r\u00e9v\u00e8le que la hausse des temp\u00e9ratures force les esp\u00e8ces v\u00e9g\u00e9tales adapt\u00e9es aux climats frais \u00e0 se d\u00e9placer vers des altitudes plus \u00e9lev\u00e9es. Ce rythme de migration qui, dans un sc\u00e9nario de fortes \u00e9missions de CO2, s\u2019av\u00e8re trois fois plus rapide que la moyenne mondiale.&nbsp;<\/p>\n<p>M\u00eame si le r\u00e9chauffement mondial est limit\u00e9 \u00e0 2 \u00b0C d\u2019ici 2100, ajoute l\u2019\u00e9tude, pr\u00e8s de la moiti\u00e9 des esp\u00e8ces \u00e9tudi\u00e9es pourraient perdre une part importante de leur habitat. Dans les sc\u00e9narios les plus pessimistes, jusqu\u2019aux trois quarts seraient menac\u00e9s, surtout celles vivant en haute altitude.<\/p>\n<h2>L\u2019\u00e9tude souligne l\u2019urgence de r\u00e9duire les \u00e9missions de CO2<\/h2>\n<p>Les chercheurs ont \u00e9tudi\u00e9 607 esp\u00e8ces de plantes vasculaires, s\u00e9lectionn\u00e9es parmi les 7 378 end\u00e9miques des montagnes africaines, \u00e0 l\u2019aide de mod\u00e8les statistiques. Ces mod\u00e8les int\u00e8grent les pr\u00e9f\u00e9rences environnementales des plantes, la dispersion des graines, l\u2019\u00e9volution de l\u2019usage des terres et les projections climatiques. Ils ont constat\u00e9 que les arbres et arbustes s\u2019adaptent mieux que les herbac\u00e9es, mais certains arbres risquent de perdre plus de 90 pour cent de leur habitat. Les pertes de biodiversit\u00e9 sont particuli\u00e8rement s\u00e9v\u00e8res \u00e0 Madagascar, dans les hauts plateaux est-africains et certaines cha\u00eenes sud-africaines.<\/p>\n<p>L\u2019\u00e9tude souligne l\u2019urgence de r\u00e9duire les \u00e9missions de CO2, de limiter les changements d\u2019usage des terres et de recourir \u00e0 des mesures comme la restauration des habitats, la migration assist\u00e9e ou la conservation in situ. Sans action, ces \u00e9cosyst\u00e8mes montagneux uniques risquent une perte irr\u00e9versible.<\/p>\n<p>Selon la professeure Christine Schmitt, il s\u2019agit de la premi\u00e8re \u00e9tude de synth\u00e8se compl\u00e8te concernant les effets du changement climatique sur la diversit\u00e9 v\u00e9g\u00e9tale des montagnes africaines. Christine Schmitt est titulaire de la Chaire de g\u00e9ographie physique \u00e0 l\u2019Universit\u00e9 de Passau. Le Dr Joan de Deus Vidal Jr., ancien chercheur \u00e0 l\u2019Universit\u00e9 de Passau et aujourd\u2019hui \u00e0 Leipzig, souligne que l\u2019\u00e9tude offre un aper\u00e7u continental des impacts du changement climatique. \u00ab Un d\u00e9fi majeur est de permettre le suivi des effets de ces changements au-del\u00e0 des fronti\u00e8res politiques \u00bb, a-t-il dit.<\/p>\n<\/section>\n<p>&nbsp;<\/p>\n<p><strong>Avec dpa-news<\/strong><\/p>\n<\/div>\n<\/div>\n","protected":false},"excerpt":{"rendered":"<p>C\u2019est ce qu\u2019a conclu une \u00e9tude men\u00e9e par une universit\u00e9 allemande \u00e0 laquelle ont collabor\u00e9 18 chercheurs, majoritairement bas\u00e9s dans des institutions africaines. Une nouvelle \u00e9tude de l\u2019Universit\u00e9 allemande de Passau, r\u00e9alis\u00e9e en collaboration avec des scientifiques africains, met en lumi\u00e8re l\u2019ampleur de l\u2019impact du changement climatique mondial sur la diversit\u00e9 v\u00e9g\u00e9tale dans les montagnes [&hellip;]<\/p>\n","protected":false},"author":2,"featured_media":36773,"comment_status":"closed","ping_status":"closed","sticky":false,"template":"","format":"standard","meta":{"footnotes":""},"categories":[60],"tags":[],"class_list":{"0":"post-36772","1":"post","2":"type-post","3":"status-publish","4":"format-standard","5":"has-post-thumbnail","7":"category-environnement"},"_links":{"self":[{"href":"https:\/\/conakrynews.org\/index.php\/wp-json\/wp\/v2\/posts\/36772","targetHints":{"allow":["GET"]}}],"collection":[{"href":"https:\/\/conakrynews.org\/index.php\/wp-json\/wp\/v2\/posts"}],"about":[{"href":"https:\/\/conakrynews.org\/index.php\/wp-json\/wp\/v2\/types\/post"}],"author":[{"embeddable":true,"href":"https:\/\/conakrynews.org\/index.php\/wp-json\/wp\/v2\/users\/2"}],"replies":[{"embeddable":true,"href":"https:\/\/conakrynews.org\/index.php\/wp-json\/wp\/v2\/comments?post=36772"}],"version-history":[{"count":0,"href":"https:\/\/conakrynews.org\/index.php\/wp-json\/wp\/v2\/posts\/36772\/revisions"}],"wp:featuredmedia":[{"embeddable":true,"href":"https:\/\/conakrynews.org\/index.php\/wp-json\/wp\/v2\/media\/36773"}],"wp:attachment":[{"href":"https:\/\/conakrynews.org\/index.php\/wp-json\/wp\/v2\/media?parent=36772"}],"wp:term":[{"taxonomy":"category","embeddable":true,"href":"https:\/\/conakrynews.org\/index.php\/wp-json\/wp\/v2\/categories?post=36772"},{"taxonomy":"post_tag","embeddable":true,"href":"https:\/\/conakrynews.org\/index.php\/wp-json\/wp\/v2\/tags?post=36772"}],"curies":[{"name":"wp","href":"https:\/\/api.w.org\/{rel}","templated":true}]}}