{"id":36776,"date":"2025-10-18T02:08:04","date_gmt":"2025-10-18T02:08:04","guid":{"rendered":"https:\/\/conakrynews.org\/?p=36776"},"modified":"2025-10-18T02:08:04","modified_gmt":"2025-10-18T02:08:04","slug":"cote-divoire-le-gouvernement-interdit-les-manifestations-politiques-pour-deux-mois","status":"publish","type":"post","link":"https:\/\/conakrynews.org\/index.php\/cote-divoire-le-gouvernement-interdit-les-manifestations-politiques-pour-deux-mois\/","title":{"rendered":"C\u00f4te d\u2019Ivoire : le gouvernement interdit les manifestations politiques pour deux mois"},"content":{"rendered":"<div class=\"td-pb-row\">\n<div class=\"td-pb-span12\">\n<div class=\"td-post-header\">\n<header class=\"td-post-title\">\n<h1 class=\"entry-title\"><\/h1>\n<div class=\"td-module-meta-info\">\n<div class=\"td-post-author-name\">\n<div class=\"td-author-by\"><\/div>\n<\/div>\n<\/div>\n<\/header>\n<\/div>\n<\/div>\n<\/div>\n<div class=\"td-pb-row\">\n<div class=\"td-pb-span8 td-main-content\" role=\"main\">\n<div class=\"td-ss-main-content\">\n<div class=\"td-post-sharing td-post-sharing-top \">\n<div class=\"td-default-sharing\"><\/div>\n<\/div>\n<div class=\"td-post-content\">\n<div class=\"td-post-featured-image\"><\/div>\n<nav id=\"mobile-header\" class=\"main-navigation mobile-header-navigation has-branding has-sticky-branding has-menu-bar-items stuckElement\">\n<div class=\"inside-navigation grid-container grid-parent\"><\/div>\n<\/nav>\n<div id=\"page\" class=\"site grid-container container hfeed\">\n<div id=\"content\" class=\"site-content\">\n<div id=\"primary\" class=\"content-area\"><main id=\"main\" class=\"site-main\"><\/p>\n<article id=\"post-225347\" class=\"post-225347 post type-post status-publish format-standard has-post-thumbnail hentry category-abidjan-cote-divoire-information-politique\">\n<div class=\"inside-article\">\n<div class=\"entry-content\">\n<p>En C\u00f4te d\u2019Ivoire, le gouvernement r\u00e9agit vigoureusement face aux mouvements de m\u00e9contentement qui se multiplient dans le pays. L\u2019ex\u00e9cutif vient de prendre une d\u00e9cision radicale \u00e0 travers un arr\u00eat\u00e9 interminist\u00e9riel du Ministre de la D\u00e9fense et de son coll\u00e8gue de la S\u00e9curit\u00e9 int\u00e9rieure en date du vendredi 17 octobre 2025.<\/p>\n<p><em>\u00ab\u00a0Pendant une p\u00e9riode de deux (2) mois, les meetings et manifestations publiques des partis ou groupements politiques sont interdits sur toute l\u2019\u00e9tendue du territoire national, \u00e0\u00a0<strong>l\u2019exception de ceux qui s\u2019inscrivent dans le cadre de la participation au processus \u00e9lectoral relatif \u00e0 l\u2019\u00e9lection du Pr\u00e9sident de la R\u00e9publique du 25 octobre 2025<\/strong>.\u00a0\u00bb<\/em>\u00a0C\u2019est ce qu\u2019indique en partie l\u2019arr\u00eat\u00e9 interminist\u00e9riel consult\u00e9 par AFRIQUE SUR 7.<\/p>\n<p>Les contrevenants \u00e0 cette mesure sont \u00ab\u00a0passibles de poursuites judiciaires\u00a0\u00bb. Le Directeur G\u00e9n\u00e9ral de l\u2019Administration du Territoire, les Pr\u00e9fets, le Commandant Sup\u00e9rieur de la Gendarmerie Nationale et le Directeur G\u00e9n\u00e9ral de la Police Nationale ont \u00e9t\u00e9 instruits pour l\u2019ex\u00e9cution stricte dudit arr\u00eat\u00e9.<\/p>\n<p>Cette d\u00e9cision du gouvernement fait suite aux appels \u00e0 manifester lanc\u00e9s quotidiennement par le Front Commun. Ce creuset compos\u00e9 du Parti des peuples africains \u2013 C\u00f4te d\u2019Ivoire (PPA-CI) et du PDCI-RDA, les deux grands partis d\u2019opposition du pays, proteste contre le rejet des dossiers de leurs candidats Laurent Gbagbo et Tidjane Thiam. Cette d\u00e9cision du Conseil constitutionnel ne passe pas chez les militants du Front qui ont d\u00e9cid\u00e9 de prendre les rues pour crier leur ras-le-bol.<\/p>\n<p>Depuis le samedi 11 octobre, date \u00e0 laquelle les marches ont d\u00e9but\u00e9, le Procureur de la R\u00e9publique compte d\u00e9j\u00e0 environ 700 interpellations. Le Front Commun ajoute \u00e0 ce bilan deux morts. Dans une d\u00e9claration de presse, le Procureur a confi\u00e9 que les manifestants interpell\u00e9s ne voulaient pas simplement marcher. En se basant sur certains messages extraits des t\u00e9l\u00e9phones des mis en cause, il \u00e9voque des soup\u00e7ons d\u2019actes de terrorisme.<\/p>\n<\/div>\n<p><strong>Avec AFRIQUE SUR 7.<\/strong><\/p>\n<\/div>\n<\/article>\n<p><\/main><\/div>\n<\/div>\n<\/div>\n<div id=\"jp-relatedposts\" class=\"jp-relatedposts\">\n<h3 class=\"jp-relatedposts-headline\"><em>Similaire<\/em><\/h3>\n<div class=\"jp-relatedposts-items jp-relatedposts-items-minimal jp-relatedposts-grid \">\n<p class=\"jp-relatedposts-post jp-relatedposts-post0\" data-post-id=\"9211\" data-post-format=\"false\">\n<\/div>\n<\/div>\n<\/div>\n<\/div>\n<\/div>\n<\/div>\n","protected":false},"excerpt":{"rendered":"<p>En C\u00f4te d\u2019Ivoire, le gouvernement r\u00e9agit vigoureusement face aux mouvements de m\u00e9contentement qui se multiplient dans le pays. L\u2019ex\u00e9cutif vient de prendre une d\u00e9cision radicale \u00e0 travers un arr\u00eat\u00e9 interminist\u00e9riel du Ministre de la D\u00e9fense et de son coll\u00e8gue de la S\u00e9curit\u00e9 int\u00e9rieure en date du vendredi 17 octobre 2025. \u00ab\u00a0Pendant une p\u00e9riode de deux [&hellip;]<\/p>\n","protected":false},"author":2,"featured_media":36777,"comment_status":"closed","ping_status":"closed","sticky":false,"template":"","format":"standard","meta":{"footnotes":""},"categories":[57],"tags":[],"class_list":{"0":"post-36776","1":"post","2":"type-post","3":"status-publish","4":"format-standard","5":"has-post-thumbnail","7":"category-politique"},"_links":{"self":[{"href":"https:\/\/conakrynews.org\/index.php\/wp-json\/wp\/v2\/posts\/36776","targetHints":{"allow":["GET"]}}],"collection":[{"href":"https:\/\/conakrynews.org\/index.php\/wp-json\/wp\/v2\/posts"}],"about":[{"href":"https:\/\/conakrynews.org\/index.php\/wp-json\/wp\/v2\/types\/post"}],"author":[{"embeddable":true,"href":"https:\/\/conakrynews.org\/index.php\/wp-json\/wp\/v2\/users\/2"}],"replies":[{"embeddable":true,"href":"https:\/\/conakrynews.org\/index.php\/wp-json\/wp\/v2\/comments?post=36776"}],"version-history":[{"count":0,"href":"https:\/\/conakrynews.org\/index.php\/wp-json\/wp\/v2\/posts\/36776\/revisions"}],"wp:featuredmedia":[{"embeddable":true,"href":"https:\/\/conakrynews.org\/index.php\/wp-json\/wp\/v2\/media\/36777"}],"wp:attachment":[{"href":"https:\/\/conakrynews.org\/index.php\/wp-json\/wp\/v2\/media?parent=36776"}],"wp:term":[{"taxonomy":"category","embeddable":true,"href":"https:\/\/conakrynews.org\/index.php\/wp-json\/wp\/v2\/categories?post=36776"},{"taxonomy":"post_tag","embeddable":true,"href":"https:\/\/conakrynews.org\/index.php\/wp-json\/wp\/v2\/tags?post=36776"}],"curies":[{"name":"wp","href":"https:\/\/api.w.org\/{rel}","templated":true}]}}