{"id":36780,"date":"2025-10-18T07:57:02","date_gmt":"2025-10-18T07:57:02","guid":{"rendered":"https:\/\/conakrynews.org\/?p=36780"},"modified":"2025-10-18T08:06:17","modified_gmt":"2025-10-18T08:06:17","slug":"mohamed-diawara-a-nouveau-parmi-les-100-personnalites-qui-font-bouger-la-guinee-en-2025","status":"publish","type":"post","link":"https:\/\/conakrynews.org\/index.php\/mohamed-diawara-a-nouveau-parmi-les-100-personnalites-qui-font-bouger-la-guinee-en-2025\/","title":{"rendered":"Mohamed Diawara \u00e0 nouveau parmi les 100 personnalit\u00e9s qui font bouger la Guin\u00e9e en 2025"},"content":{"rendered":"<div class=\"post-header post-tp-1-header\">\n<h1 class=\"single-post-title\"><\/h1>\n<div class=\"post-meta-wrap clearfix\">\n<div class=\"term-badges \"><\/div>\n<div class=\"post-meta single-post-meta\"><a class=\"post-author-a post-author-avatar\" title=\"Parcourir les articles Auteur\" href=\"https:\/\/guineelive.com\/author\/guineelive-com\/\"><img class=\"avatar avatar-26 photo avatar-default\" alt=\"\" width=\"26\" height=\"26\" data-src=\"https:\/\/secure.gravatar.com\/avatar\/bc3fd6d073ac938c9215a67f9d374e6c449bc69ed91b1ebee0327c71326b4c53?s=26&amp;d=mm&amp;r=g\" \/><\/a><\/div>\n<div class=\"google-auto-placed\">\n<p>&nbsp;<\/p>\n<div id=\"aswift_1_host\"><\/div>\n<p>&nbsp;<\/p>\n<\/div>\n<\/div>\n<div class=\"single-featured\"><img alt=\"\" width=\"2560\" height=\"1788\" data-src=\"https:\/\/i0.wp.com\/guineelive.com\/wp-content\/uploads\/2025\/10\/20251018_001354-scaled.jpg?fit=2560%2C1788&amp;ssl=1\" \/>Le Pr\u00e9sident du Tribunal du Travail de Conakry une fois encore distingu\u00e9 pour son engagement en faveur de la justice et de l\u2019\u00c9tat de droit<\/div>\n<\/div>\n<div class=\"entry-content clearfix single-post-content\">\n<p><img class=\"size-medium wp-image-62250 alignright\" alt=\"\" width=\"300\" height=\"210\" data-attachment-id=\"62250\" data-permalink=\"https:\/\/guineelive.com\/2025\/10\/18\/mohamed-diawara-a-nouveau-parmi-les-100-personnalites-qui-font-bouger-la-guinee-en-2025\/20251018_001354\/\" data-orig-file=\"https:\/\/i0.wp.com\/guineelive.com\/wp-content\/uploads\/2025\/10\/20251018_001354-scaled.jpg?fit=2560%2C1788&amp;ssl=1\" data-orig-size=\"2560,1788\" data-comments-opened=\"0\" data-image-meta=\"{&quot;aperture&quot;:&quot;0&quot;,&quot;credit&quot;:&quot;&quot;,&quot;camera&quot;:&quot;&quot;,&quot;caption&quot;:&quot;&quot;,&quot;created_timestamp&quot;:&quot;0&quot;,&quot;copyright&quot;:&quot;&quot;,&quot;focal_length&quot;:&quot;0&quot;,&quot;iso&quot;:&quot;0&quot;,&quot;shutter_speed&quot;:&quot;0&quot;,&quot;title&quot;:&quot;&quot;,&quot;orientation&quot;:&quot;1&quot;}\" data-image-title=\"20251018_001354\" data-image-description=\"\" data-image-caption=\"\" data-medium-file=\"https:\/\/i0.wp.com\/guineelive.com\/wp-content\/uploads\/2025\/10\/20251018_001354-scaled.jpg?fit=300%2C210&amp;ssl=1\" data-large-file=\"https:\/\/i0.wp.com\/guineelive.com\/wp-content\/uploads\/2025\/10\/20251018_001354-scaled.jpg?fit=1024%2C715&amp;ssl=1\" data-src=\"https:\/\/guineelive.com\/wp-content\/uploads\/2025\/10\/20251018_001354-300x210.jpg\" \/>Le Pr\u00e9sident du Tribunal du Travail de Conakry, Mohamed Diawara, figure \u00e0 nouveau parmi les 100 personnalit\u00e9s qui font bouger la Guin\u00e9e en 2025.<\/p>\n<p>Cette distinction, d\u00e9cern\u00e9e par le Think Tank COPE-Guin\u00e9e en partenariat avec plusieurs institutions publiques et priv\u00e9es, r\u00e9compense les acteurs dont l\u2019action contribue activement \u00e0 la transformation du pays.<strong>Une reconnaissance de la rigueur et du leadership<\/strong><\/p>\n<div class=\"google-auto-placed\">\n<p>La c\u00e9r\u00e9monie officielle de remise s\u2019est tenue le 17 octobre 2025, \u00e0 l\u2019H\u00f4tel Noom de Conakry, en pr\u00e9sence de nombreuses personnalit\u00e9s issues du monde institutionnel, \u00e9conomique et acad\u00e9mique.<\/p>\n<\/div>\n<p>Selon le comit\u00e9 d\u2019experts de COPE-Guin\u00e9e, cette distinction salue \u00ab le leadership reconnu de M. Diawara, son combat pour l\u2019ind\u00e9pendance du pouvoir judiciaire et son r\u00f4le d\u00e9terminant dans la modernisation du Tribunal du Travail de Conakry \u00bb.<\/p>\n<p>D\u00e9j\u00e0 laur\u00e9at lors de l\u2019\u00e9dition 2024, Mohamed Diawara confirme ainsi la constance de son engagement en faveur d\u2019une justice cr\u00e9dible et accessible. Magistrat r\u00e9put\u00e9 pour sa rigueur, son professionnalisme et son sens du devoir, il s\u2019impose comme une figure cl\u00e9 de la r\u00e9forme judiciaire guin\u00e9enne.<\/p>\n<p><strong>Un parcours au service de l\u2019\u00c9tat de droit<\/strong><\/p>\n<p>Lors du\u00a08\u1d49 Forum national COPE-Guin\u00e9e\u00a0en 2024, M. Diawara figurait d\u00e9j\u00e0 parmi les personnalit\u00e9s distingu\u00e9es. Cette double reconnaissance t\u00e9moigne de la\u00a0durabilit\u00e9 de son engagement\u00a0et de sa contribution \u00e0 la consolidation de l\u2019\u00c9tat de droit en Guin\u00e9e.<\/p>\n<p>\u00ab Cette reconnaissance renouvel\u00e9e illustre la constance d\u2019un engagement exemplaire et la contribution majeure du Pr\u00e9sident Mohamed Diawara \u00e0 la transformation du syst\u00e8me judiciaire guin\u00e9en \u00bb,a d\u00e9clar\u00e9\u00a0Paul Kamano, coordinateur du Think Tank COPE-Guin\u00e9e.<\/p>\n<p><strong><img loading=\"lazy\" decoding=\"async\" class=\"alignnone size-medium wp-image-36787\" src=\"https:\/\/conakrynews.org\/wp-content\/uploads\/2025\/10\/20251017_225934-scaled-1-491x375.jpg\" alt=\"\" width=\"491\" height=\"375\" srcset=\"https:\/\/conakrynews.org\/wp-content\/uploads\/2025\/10\/20251017_225934-scaled-1-491x375.jpg 491w, https:\/\/conakrynews.org\/wp-content\/uploads\/2025\/10\/20251017_225934-scaled-1-150x115.jpg 150w, https:\/\/conakrynews.org\/wp-content\/uploads\/2025\/10\/20251017_225934-scaled-1-300x229.jpg 300w, https:\/\/conakrynews.org\/wp-content\/uploads\/2025\/10\/20251017_225934-scaled-1-696x532.jpg 696w, https:\/\/conakrynews.org\/wp-content\/uploads\/2025\/10\/20251017_225934-scaled-1-550x420.jpg 550w, https:\/\/conakrynews.org\/wp-content\/uploads\/2025\/10\/20251017_225934-scaled-1-80x60.jpg 80w, https:\/\/conakrynews.org\/wp-content\/uploads\/2025\/10\/20251017_225934-scaled-1.jpg 768w\" sizes=\"auto, (max-width: 491px) 100vw, 491px\" \/>Inspirer les g\u00e9n\u00e9rations futures<\/strong><\/p>\n<p>Plac\u00e9e sous la pr\u00e9sidence d\u2019honneur de hautes autorit\u00e9s de l\u2019\u00c9tat et de repr\u00e9sentants de partenaires au d\u00e9veloppement, la c\u00e9r\u00e9monie a c\u00e9l\u00e9br\u00e9 l\u2019excellence et le d\u00e9vouement de celles et ceux qui \u0153uvrent \u00e0 faire avancer la Guin\u00e9e.<\/p>\n<p>Par cette nouvelle distinction,\u00a0Mohamed Diawara\u00a0rejoint une fois encore le cercle des\u00a0figures influentes\u00a0dont la vision et l\u2019action inspirent les g\u00e9n\u00e9rations pr\u00e9sentes et futures \u00e0 servir la Nation avec int\u00e9grit\u00e9, comp\u00e9tence et d\u00e9vouement.<\/p>\n<p><strong>Daouda Yansan\u00e9<\/strong><\/p>\n<\/div>\n","protected":false},"excerpt":{"rendered":"<p>&nbsp; &nbsp; Le Pr\u00e9sident du Tribunal du Travail de Conakry une fois encore distingu\u00e9 pour son engagement en faveur de la justice et de l\u2019\u00c9tat de droit Le Pr\u00e9sident du Tribunal du Travail de Conakry, Mohamed Diawara, figure \u00e0 nouveau parmi les 100 personnalit\u00e9s qui font bouger la Guin\u00e9e en 2025. Cette distinction, d\u00e9cern\u00e9e par [&hellip;]<\/p>\n","protected":false},"author":2,"featured_media":36782,"comment_status":"closed","ping_status":"closed","sticky":false,"template":"","format":"standard","meta":{"footnotes":""},"categories":[58],"tags":[],"class_list":{"0":"post-36780","1":"post","2":"type-post","3":"status-publish","4":"format-standard","5":"has-post-thumbnail","7":"category-societe"},"_links":{"self":[{"href":"https:\/\/conakrynews.org\/index.php\/wp-json\/wp\/v2\/posts\/36780","targetHints":{"allow":["GET"]}}],"collection":[{"href":"https:\/\/conakrynews.org\/index.php\/wp-json\/wp\/v2\/posts"}],"about":[{"href":"https:\/\/conakrynews.org\/index.php\/wp-json\/wp\/v2\/types\/post"}],"author":[{"embeddable":true,"href":"https:\/\/conakrynews.org\/index.php\/wp-json\/wp\/v2\/users\/2"}],"replies":[{"embeddable":true,"href":"https:\/\/conakrynews.org\/index.php\/wp-json\/wp\/v2\/comments?post=36780"}],"version-history":[{"count":0,"href":"https:\/\/conakrynews.org\/index.php\/wp-json\/wp\/v2\/posts\/36780\/revisions"}],"wp:featuredmedia":[{"embeddable":true,"href":"https:\/\/conakrynews.org\/index.php\/wp-json\/wp\/v2\/media\/36782"}],"wp:attachment":[{"href":"https:\/\/conakrynews.org\/index.php\/wp-json\/wp\/v2\/media?parent=36780"}],"wp:term":[{"taxonomy":"category","embeddable":true,"href":"https:\/\/conakrynews.org\/index.php\/wp-json\/wp\/v2\/categories?post=36780"},{"taxonomy":"post_tag","embeddable":true,"href":"https:\/\/conakrynews.org\/index.php\/wp-json\/wp\/v2\/tags?post=36780"}],"curies":[{"name":"wp","href":"https:\/\/api.w.org\/{rel}","templated":true}]}}