{"id":36820,"date":"2025-10-20T15:24:35","date_gmt":"2025-10-20T15:24:35","guid":{"rendered":"https:\/\/conakrynews.org\/?p=36820"},"modified":"2025-10-20T15:24:35","modified_gmt":"2025-10-20T15:24:35","slug":"marche-de-sensibilisation-contre-le-cancer-du-sein-et-du-col-de-luterus-une-mobilisation-citoyenne-pour-la-sante-de-tous","status":"publish","type":"post","link":"https:\/\/conakrynews.org\/index.php\/marche-de-sensibilisation-contre-le-cancer-du-sein-et-du-col-de-luterus-une-mobilisation-citoyenne-pour-la-sante-de-tous\/","title":{"rendered":"Marche de sensibilisation contre le cancer du sein et du col de l\u2019ut\u00e9rus : une mobilisation citoyenne pour la sant\u00e9 de tous"},"content":{"rendered":"<h1 class=\"name post-title entry-title\"><\/h1>\n<p class=\"post-meta\">\n<div class=\"clear\"><\/div>\n<div class=\"entry\">\n<p>Sous la pr\u00e9sidence effective du Le Premier Ministre Amadou Oury BAH, le gouvernement guin\u00e9en, \u00e0 travers le Minist\u00e8re de la Sant\u00e9 et de l\u2019hygi\u00e8ne publique, a organis\u00e9 ce dimanche une marche de sensibilisation contre le cancer du sein, du col de l\u2019ut\u00e9rus et pour la promotion de la sant\u00e9 mentale.<\/p>\n<p>L\u2019\u00e9v\u00e9nement s\u2019est tenu d\u00e8s 7h00 sur l\u2019esplanade du Stade du 28 Septembre \u00e0 Conakry.<\/p>\n<p>V\u00eatus d\u2019uniformes roses, symbole de la lutte contre le cancer du sein, les participants \u2013 jeunes et moins jeunes \u2013 ont entam\u00e9 la journ\u00e9e par un r\u00e9veil musculaire, avant de parcourir l\u2019itin\u00e9raire Stade-March\u00e9 Madina-Carrefour Donka-Stade. Cette marche a enregistr\u00e9 la pr\u00e9sence des membres du gouvernement, des partenaires techniques et financiers, notamment ceux du syst\u00e8me des Nations Unies.<\/p>\n<p>La journ\u00e9e s\u2019est poursuivie dans la salle du Palais des Sports avec des s\u00e9ances de sensibilisation et de d\u00e9pistage gratuits, visant \u00e0 promouvoir le d\u00e9pistage pr\u00e9coce et la pr\u00e9vention. Cette initiative s\u2019inscrit dans l\u2019engagement ferme du gouvernement sous le leadership \u00e9clair\u00e9 du Pr\u00e9sident de la R\u00e9publique, Chef de l\u2019Etat, le G\u00e9n\u00e9ral Mamadi Doumbouya. \u00e0 am\u00e9liorer l\u2019acc\u00e8s aux soins de sant\u00e9, r\u00e9duire la mortalit\u00e9 li\u00e9e au cancer, et promouvoir le bien-\u00eatre mental de la population.<\/p>\n<p><strong>Avec CCG<\/strong><\/p>\n<\/div>\n","protected":false},"excerpt":{"rendered":"<p>Sous la pr\u00e9sidence effective du Le Premier Ministre Amadou Oury BAH, le gouvernement guin\u00e9en, \u00e0 travers le Minist\u00e8re de la Sant\u00e9 et de l\u2019hygi\u00e8ne publique, a organis\u00e9 ce dimanche une marche de sensibilisation contre le cancer du sein, du col de l\u2019ut\u00e9rus et pour la promotion de la sant\u00e9 mentale. L\u2019\u00e9v\u00e9nement s\u2019est tenu d\u00e8s 7h00 [&hellip;]<\/p>\n","protected":false},"author":2,"featured_media":36821,"comment_status":"closed","ping_status":"closed","sticky":false,"template":"","format":"standard","meta":{"footnotes":""},"categories":[59],"tags":[],"class_list":{"0":"post-36820","1":"post","2":"type-post","3":"status-publish","4":"format-standard","5":"has-post-thumbnail","7":"category-sante"},"_links":{"self":[{"href":"https:\/\/conakrynews.org\/index.php\/wp-json\/wp\/v2\/posts\/36820","targetHints":{"allow":["GET"]}}],"collection":[{"href":"https:\/\/conakrynews.org\/index.php\/wp-json\/wp\/v2\/posts"}],"about":[{"href":"https:\/\/conakrynews.org\/index.php\/wp-json\/wp\/v2\/types\/post"}],"author":[{"embeddable":true,"href":"https:\/\/conakrynews.org\/index.php\/wp-json\/wp\/v2\/users\/2"}],"replies":[{"embeddable":true,"href":"https:\/\/conakrynews.org\/index.php\/wp-json\/wp\/v2\/comments?post=36820"}],"version-history":[{"count":0,"href":"https:\/\/conakrynews.org\/index.php\/wp-json\/wp\/v2\/posts\/36820\/revisions"}],"wp:featuredmedia":[{"embeddable":true,"href":"https:\/\/conakrynews.org\/index.php\/wp-json\/wp\/v2\/media\/36821"}],"wp:attachment":[{"href":"https:\/\/conakrynews.org\/index.php\/wp-json\/wp\/v2\/media?parent=36820"}],"wp:term":[{"taxonomy":"category","embeddable":true,"href":"https:\/\/conakrynews.org\/index.php\/wp-json\/wp\/v2\/categories?post=36820"},{"taxonomy":"post_tag","embeddable":true,"href":"https:\/\/conakrynews.org\/index.php\/wp-json\/wp\/v2\/tags?post=36820"}],"curies":[{"name":"wp","href":"https:\/\/api.w.org\/{rel}","templated":true}]}}