{"id":36824,"date":"2025-10-20T20:56:11","date_gmt":"2025-10-20T20:56:11","guid":{"rendered":"https:\/\/conakrynews.org\/?p=36824"},"modified":"2025-10-20T20:56:11","modified_gmt":"2025-10-20T20:56:11","slug":"guinee-education-arrivee-dun-premier-lot-de-500-motocyclettes-destinees-aux-enseignants-des-zones-reculees","status":"publish","type":"post","link":"https:\/\/conakrynews.org\/index.php\/guinee-education-arrivee-dun-premier-lot-de-500-motocyclettes-destinees-aux-enseignants-des-zones-reculees\/","title":{"rendered":"Guin\u00e9e\/Education: Arriv\u00e9e d\u2019un premier lot de 500 motocyclettes destin\u00e9es aux enseignants des zones recul\u00e9es"},"content":{"rendered":"<h1 class=\"name post-title entry-title\"><\/h1>\n<p class=\"post-meta\">\n<div class=\"clear\">Dans le cadre des initiatives pr\u00e9sidentielles visant \u00e0 renforcer la mobilit\u00e9 et la productivit\u00e9 des enseignants, le Minist\u00e8re de l\u2019Enseignement Pr\u00e9-Universitaire et de l\u2019Alphab\u00e9tisation a proc\u00e9d\u00e9 \u00e0 la r\u00e9ception des premi\u00e8res unit\u00e9s d\u2019un lot de 500 motocyclettes destin\u00e9es aux \u00e9coles dans les zones les plus enclav\u00e9es et plus vuln\u00e9rables du pays.<\/div>\n<div class=\"entry\">\n<div class=\"x14z9mp xat24cr x1lziwak x1vvkbs xtlvy1s x126k92a\">\n<div dir=\"auto\">Cette action confirme que l\u2019\u00e9ducation est au c\u0153ur de la refondation de la nouvelle Guin\u00e9e que nous appelons de tous nos voeux.<\/div>\n<\/div>\n<div dir=\"auto\"><\/div>\n<div dir=\"auto\"><strong>Avec MEPUA<\/strong><\/div>\n<\/div>\n","protected":false},"excerpt":{"rendered":"<p>Dans le cadre des initiatives pr\u00e9sidentielles visant \u00e0 renforcer la mobilit\u00e9 et la productivit\u00e9 des enseignants, le Minist\u00e8re de l\u2019Enseignement Pr\u00e9-Universitaire et de l\u2019Alphab\u00e9tisation a proc\u00e9d\u00e9 \u00e0 la r\u00e9ception des premi\u00e8res unit\u00e9s d\u2019un lot de 500 motocyclettes destin\u00e9es aux \u00e9coles dans les zones les plus enclav\u00e9es et plus vuln\u00e9rables du pays. Cette action confirme que [&hellip;]<\/p>\n","protected":false},"author":2,"featured_media":36825,"comment_status":"closed","ping_status":"closed","sticky":false,"template":"","format":"standard","meta":{"footnotes":""},"categories":[58],"tags":[],"class_list":{"0":"post-36824","1":"post","2":"type-post","3":"status-publish","4":"format-standard","5":"has-post-thumbnail","7":"category-societe"},"_links":{"self":[{"href":"https:\/\/conakrynews.org\/index.php\/wp-json\/wp\/v2\/posts\/36824","targetHints":{"allow":["GET"]}}],"collection":[{"href":"https:\/\/conakrynews.org\/index.php\/wp-json\/wp\/v2\/posts"}],"about":[{"href":"https:\/\/conakrynews.org\/index.php\/wp-json\/wp\/v2\/types\/post"}],"author":[{"embeddable":true,"href":"https:\/\/conakrynews.org\/index.php\/wp-json\/wp\/v2\/users\/2"}],"replies":[{"embeddable":true,"href":"https:\/\/conakrynews.org\/index.php\/wp-json\/wp\/v2\/comments?post=36824"}],"version-history":[{"count":0,"href":"https:\/\/conakrynews.org\/index.php\/wp-json\/wp\/v2\/posts\/36824\/revisions"}],"wp:featuredmedia":[{"embeddable":true,"href":"https:\/\/conakrynews.org\/index.php\/wp-json\/wp\/v2\/media\/36825"}],"wp:attachment":[{"href":"https:\/\/conakrynews.org\/index.php\/wp-json\/wp\/v2\/media?parent=36824"}],"wp:term":[{"taxonomy":"category","embeddable":true,"href":"https:\/\/conakrynews.org\/index.php\/wp-json\/wp\/v2\/categories?post=36824"},{"taxonomy":"post_tag","embeddable":true,"href":"https:\/\/conakrynews.org\/index.php\/wp-json\/wp\/v2\/tags?post=36824"}],"curies":[{"name":"wp","href":"https:\/\/api.w.org\/{rel}","templated":true}]}}