{"id":36836,"date":"2025-10-21T19:57:35","date_gmt":"2025-10-21T19:57:35","guid":{"rendered":"https:\/\/conakrynews.org\/?p=36836"},"modified":"2025-10-21T19:57:35","modified_gmt":"2025-10-21T19:57:35","slug":"mobilite-humaine-igad-une-initiative-allemande-pour-gerer-la-migration-climatique","status":"publish","type":"post","link":"https:\/\/conakrynews.org\/index.php\/mobilite-humaine-igad-une-initiative-allemande-pour-gerer-la-migration-climatique\/","title":{"rendered":"Mobilit\u00e9 humaine\/IGAD : Une initiative allemande pour g\u00e9rer la migration climatique"},"content":{"rendered":"<h1 class=\"name post-title entry-title\"><\/h1>\n<p class=\"post-meta\">\n<div class=\"clear\"><\/div>\n<div class=\"entry\">\n<p class=\"teaser\">En Afrique de l\u2019Est, le changement climatique entra\u00eene un nombre important de d\u00e9plac\u00e9s internes et de r\u00e9fugi\u00e9s.<\/p>\n<div class=\"content\">\n<section class=\"main\">L\u2019Autorit\u00e9 intergouvernementale pour le d\u00e9veloppement (IGAD), une organisation r\u00e9gionale d\u2019Afrique de l\u2019Est, a lanc\u00e9 un projet intitul\u00e9 \u00ab Mobilit\u00e9 humaine dans le contexte des catastrophes et du changement climatique dans la r\u00e9gion de l\u2019IGAD \u00bb (MoDiaC), une initiative mandat\u00e9e et financ\u00e9e par le minist\u00e8re f\u00e9d\u00e9ral allemand de la Coop\u00e9ration \u00e9conomique et du d\u00e9veloppement (BMZ). Con\u00e7u pour r\u00e9pondre aux d\u00e9fis li\u00e9s \u00e0 la mobilit\u00e9 humaine induite par les catastrophes et le changement climatique dans la sous-r\u00e9gion, ce projet est mis en \u0153uvre par les huit \u00c9tats membres de l\u2019IGAD (Djibouti, Kenya, Somalie, Ouganda, \u00c9thiopie, \u00c9rythr\u00e9e, Soudan et Soudan du Sud) en collaboration avec l\u2019Agence allemande de coop\u00e9ration internationale (GIZ).&nbsp;<\/p>\n<p>MoDiaC pr\u00e9voit de renforcer les capacit\u00e9s techniques de l\u2019IGAD \u00e0 soutenir ces \u00c9tats dans la mise en \u0153uvre des r\u00e9glementations et lignes directrices relatives aux d\u00e9placements humains caus\u00e9s par les catastrophes et le changement climatique. Il pr\u00e9voit aussi de renforcer les capacit\u00e9s du Centre de pr\u00e9vision et d\u2019applications climatiques de l\u2019IGAD (<a href=\"https:\/\/www.icpac.net\/news\/\" target=\"_blank\" rel=\"noopener noreferrer\">ICPAC<\/a>) \u00e0 anticiper, via des alertes pr\u00e9coces et des donn\u00e9es probantes, la mobilit\u00e9 humaine soudaine ou progressive caus\u00e9e par le changement climatique et les catastrophes. Il dotera, en outre, les acteurs locaux et les communaut\u00e9s transfrontali\u00e8res en comp\u00e9tences n\u00e9cessaires pour la gestion des d\u00e9fis (conflits communautaires, etc) li\u00e9s \u00e0 la mobilit\u00e9 climatique, ont indiqu\u00e9 les initiateurs du projet, ajoutant qu\u2019il s\u2019agira notamment d\u2019une gestion sensible au genre.<\/p>\n<h2>Le changement climatique accentue les fragilit\u00e9s existantes<\/h2>\n<p>Bien que l\u2019IGAD ait mis en place des cadres r\u00e9gionaux, tels que le Protocole sur la libre circulation et le Plan d\u2019action sur les migrations, les \u00c9tats membres manquent souvent de capacit\u00e9s pour les mettre en pratique. La r\u00e9gion de l\u2019IGAD est l\u2019une des plus vuln\u00e9rables au monde face au changement climatique. Rien qu\u2019en 2022, plus de 3,5 millions de personnes ont \u00e9t\u00e9 d\u00e9plac\u00e9es en raison de catastrophes li\u00e9es au climat, notamment des s\u00e9cheresses et des inondations.<\/p>\n<p>Dans cette r\u00e9gion, le changement climatique accentue les fragilit\u00e9s existantes (ins\u00e9curit\u00e9 alimentaire, pauvret\u00e9, conflits, etc). Il entra\u00eene des sch\u00e9mas de mobilit\u00e9 complexes qui d\u00e9passent souvent les fronti\u00e8res et affectent de mani\u00e8re disproportionn\u00e9e les \u00e9leveurs, les femmes et les jeunes. Le \u00ab\u00a0<a href=\"https:\/\/docs.un.org\/fr\/A\/RES\/73\/195\" target=\"_blank\" rel=\"noopener noreferrer\">Pacte mondial pour des migrations s\u00fbres, ordonn\u00e9es et r\u00e9guli\u00e8res<\/a>\u00a0\u00bb, un texte non contraignant adopt\u00e9 par l\u2019ONU en 2018, reconna\u00eet que le changement climatique est un facteur de migration et appelle \u00e0 la recherche de solutions en mati\u00e8re de migration dans le contexte des catastrophes naturelles et du changement climatique.<\/p>\n<\/section>\n<p>&nbsp;<\/p>\n<p><strong>Avec dpa-news<\/strong><\/p>\n<\/div>\n<\/div>\n","protected":false},"excerpt":{"rendered":"<p>En Afrique de l\u2019Est, le changement climatique entra\u00eene un nombre important de d\u00e9plac\u00e9s internes et de r\u00e9fugi\u00e9s. L\u2019Autorit\u00e9 intergouvernementale pour le d\u00e9veloppement (IGAD), une organisation r\u00e9gionale d\u2019Afrique de l\u2019Est, a lanc\u00e9 un projet intitul\u00e9 \u00ab Mobilit\u00e9 humaine dans le contexte des catastrophes et du changement climatique dans la r\u00e9gion de l\u2019IGAD \u00bb (MoDiaC), une initiative [&hellip;]<\/p>\n","protected":false},"author":2,"featured_media":36837,"comment_status":"closed","ping_status":"closed","sticky":false,"template":"","format":"standard","meta":{"footnotes":""},"categories":[58],"tags":[],"class_list":{"0":"post-36836","1":"post","2":"type-post","3":"status-publish","4":"format-standard","5":"has-post-thumbnail","7":"category-societe"},"_links":{"self":[{"href":"https:\/\/conakrynews.org\/index.php\/wp-json\/wp\/v2\/posts\/36836","targetHints":{"allow":["GET"]}}],"collection":[{"href":"https:\/\/conakrynews.org\/index.php\/wp-json\/wp\/v2\/posts"}],"about":[{"href":"https:\/\/conakrynews.org\/index.php\/wp-json\/wp\/v2\/types\/post"}],"author":[{"embeddable":true,"href":"https:\/\/conakrynews.org\/index.php\/wp-json\/wp\/v2\/users\/2"}],"replies":[{"embeddable":true,"href":"https:\/\/conakrynews.org\/index.php\/wp-json\/wp\/v2\/comments?post=36836"}],"version-history":[{"count":0,"href":"https:\/\/conakrynews.org\/index.php\/wp-json\/wp\/v2\/posts\/36836\/revisions"}],"wp:featuredmedia":[{"embeddable":true,"href":"https:\/\/conakrynews.org\/index.php\/wp-json\/wp\/v2\/media\/36837"}],"wp:attachment":[{"href":"https:\/\/conakrynews.org\/index.php\/wp-json\/wp\/v2\/media?parent=36836"}],"wp:term":[{"taxonomy":"category","embeddable":true,"href":"https:\/\/conakrynews.org\/index.php\/wp-json\/wp\/v2\/categories?post=36836"},{"taxonomy":"post_tag","embeddable":true,"href":"https:\/\/conakrynews.org\/index.php\/wp-json\/wp\/v2\/tags?post=36836"}],"curies":[{"name":"wp","href":"https:\/\/api.w.org\/{rel}","templated":true}]}}