{"id":36932,"date":"2025-10-24T10:56:21","date_gmt":"2025-10-24T10:56:21","guid":{"rendered":"https:\/\/conakrynews.org\/?p=36932"},"modified":"2025-10-24T10:56:21","modified_gmt":"2025-10-24T10:56:21","slug":"changement-climatique-financements-climatiques-mondiaux-lallemagne-atteint-un-record","status":"publish","type":"post","link":"https:\/\/conakrynews.org\/index.php\/changement-climatique-financements-climatiques-mondiaux-lallemagne-atteint-un-record\/","title":{"rendered":"Changement climatique: Financements climatiques mondiaux : L\u2019Allemagne atteint un record"},"content":{"rendered":"<h1 class=\"name post-title entry-title\"><\/h1>\n<div class=\"clear\">La grande part du financement climatique allemand issu du budget f\u00e9d\u00e9ral a \u00e9t\u00e9 allou\u00e9 \u00e0 l\u2019Afrique.<\/div>\n<div class=\"entry\">\n<div class=\"content\">\n<section class=\"main\">L\u2019Allemagne a fourni, en 2024, un total de 11,8 milliards d\u2019euros en financements internationaux en faveur du climat, dont 6,1 milliards d\u2019euros issus du budget f\u00e9d\u00e9ral, un nouveau record selon Berlin. L\u2019information a \u00e9t\u00e9 communiqu\u00e9e par le minist\u00e8re f\u00e9d\u00e9ral de la Coop\u00e9ration \u00e9conomique et du d\u00e9veloppement (BMZ) et du minist\u00e8re f\u00e9d\u00e9ral de l\u2019Environnement, de la protection du climat, de la conservation de la nature et de la s\u00e9curit\u00e9 nucl\u00e9aire (BMUKN).&nbsp;<\/p>\n<p>Ainsi, la premi\u00e8re puissance \u00e9conomique europ\u00e9enne en termes de PIB, a fourni sa juste part des 100 milliards de dollars par an promis par les pays industrialis\u00e9s pour aider les pays du Sud \u00e0 lutter contre le r\u00e9chauffement climatique, a-t-on fait remarquer. Elle a \u00e9galement atteint l\u2019objectif internationalement fix\u00e9 de mettre \u00e0 disposition au moins six milliards d\u2019euros de fonds budg\u00e9taires par an pour le financement climatique international, contre 5,7 milliards d\u2019euros en 2023, a-t-on rappel\u00e9. En 2024, environ 80 pour cent des financements climatiques allemand issus du budget f\u00e9d\u00e9ral, soit 4,88 milliards d\u2019euros, ont \u00e9t\u00e9 allou\u00e9s \u00e0 la coop\u00e9ration bilat\u00e9rale. Avec 1,7 milliard d\u2019euros, l\u2019Afrique a attir\u00e9 la majorit\u00e9 de ces fonds.<\/p>\n<h2>\u00ab Le changement climatique nous concerne tous \u00bb<\/h2>\n<p>Les 20 pour cent restants (1,24 milliard d\u2019euros) ont \u00e9t\u00e9 consacr\u00e9s \u00e0 l\u2019engagement multilat\u00e9ral du gouvernement f\u00e9d\u00e9ral. Les fonds climatiques allemands sont destin\u00e9s, entre autres, \u00e0 des projets d\u2019\u00e9nergies renouvelables, d\u2019agriculture durable et climato-r\u00e9siliente, de pr\u00e9paration aux s\u00e9cheresses et inondations r\u00e9currentes et de protection de la biodiversit\u00e9 (for\u00eats, tourbi\u00e8res, mers et autres \u00e9cosyst\u00e8mes).<\/p>\n<p>\u00ab L\u2019Allemagne se tient aux c\u00f4t\u00e9s du sud global m\u00eame en p\u00e9riode difficile. Le changement climatique nous concerne tous. Il ne conna\u00eet pas de fronti\u00e8res. C\u2019est pourquoi nous devons investir ensemble dans la protection du climat, partout dans le monde, aussi bien avec des fonds publics que priv\u00e9s. L\u2019Allemagne a franchi une \u00e9tape d\u00e9cisive avec une nouvelle somme record. Car prot\u00e9ger le climat, c\u2019est garantir l\u2019avenir, la stabilit\u00e9 \u00e9conomique et la paix (\u2026) \u00bb, a d\u00e9clar\u00e9 la ministre f\u00e9d\u00e9rale allemande de la Coop\u00e9ration \u00e9conomique et du d\u00e9veloppement, Reem Alabali Radovan.<\/p>\n<\/section>\n<p>&nbsp;<\/p>\n<p><strong>Avec dpa-news<\/strong><\/p>\n<\/div>\n<\/div>\n<div class=\"share-post\">\n<p>&nbsp;<\/p>\n<\/div>\n","protected":false},"excerpt":{"rendered":"<p>La grande part du financement climatique allemand issu du budget f\u00e9d\u00e9ral a \u00e9t\u00e9 allou\u00e9 \u00e0 l\u2019Afrique. L\u2019Allemagne a fourni, en 2024, un total de 11,8 milliards d\u2019euros en financements internationaux en faveur du climat, dont 6,1 milliards d\u2019euros issus du budget f\u00e9d\u00e9ral, un nouveau record selon Berlin. L\u2019information a \u00e9t\u00e9 communiqu\u00e9e par le minist\u00e8re f\u00e9d\u00e9ral [&hellip;]<\/p>\n","protected":false},"author":2,"featured_media":36933,"comment_status":"closed","ping_status":"closed","sticky":false,"template":"","format":"standard","meta":{"footnotes":""},"categories":[60],"tags":[],"class_list":{"0":"post-36932","1":"post","2":"type-post","3":"status-publish","4":"format-standard","5":"has-post-thumbnail","7":"category-environnement"},"_links":{"self":[{"href":"https:\/\/conakrynews.org\/index.php\/wp-json\/wp\/v2\/posts\/36932","targetHints":{"allow":["GET"]}}],"collection":[{"href":"https:\/\/conakrynews.org\/index.php\/wp-json\/wp\/v2\/posts"}],"about":[{"href":"https:\/\/conakrynews.org\/index.php\/wp-json\/wp\/v2\/types\/post"}],"author":[{"embeddable":true,"href":"https:\/\/conakrynews.org\/index.php\/wp-json\/wp\/v2\/users\/2"}],"replies":[{"embeddable":true,"href":"https:\/\/conakrynews.org\/index.php\/wp-json\/wp\/v2\/comments?post=36932"}],"version-history":[{"count":0,"href":"https:\/\/conakrynews.org\/index.php\/wp-json\/wp\/v2\/posts\/36932\/revisions"}],"wp:featuredmedia":[{"embeddable":true,"href":"https:\/\/conakrynews.org\/index.php\/wp-json\/wp\/v2\/media\/36933"}],"wp:attachment":[{"href":"https:\/\/conakrynews.org\/index.php\/wp-json\/wp\/v2\/media?parent=36932"}],"wp:term":[{"taxonomy":"category","embeddable":true,"href":"https:\/\/conakrynews.org\/index.php\/wp-json\/wp\/v2\/categories?post=36932"},{"taxonomy":"post_tag","embeddable":true,"href":"https:\/\/conakrynews.org\/index.php\/wp-json\/wp\/v2\/tags?post=36932"}],"curies":[{"name":"wp","href":"https:\/\/api.w.org\/{rel}","templated":true}]}}