{"id":36948,"date":"2025-10-24T16:10:02","date_gmt":"2025-10-24T16:10:02","guid":{"rendered":"https:\/\/conakrynews.org\/?p=36948"},"modified":"2025-10-27T15:14:43","modified_gmt":"2025-10-27T15:14:43","slug":"preparatifs-de-la-presidentielle-du-28-decembre-2025-mohamed-nabe-salue-la-demarche-inclusive-de-la-dge","status":"publish","type":"post","link":"https:\/\/conakrynews.org\/index.php\/preparatifs-de-la-presidentielle-du-28-decembre-2025-mohamed-nabe-salue-la-demarche-inclusive-de-la-dge\/","title":{"rendered":"Pr\u00e9paratifs de la pr\u00e9sidentielle du 28 D\u00e9cembre 2025: Mohamed Nab\u00e9 salue la d\u00e9marche inclusive de la DGE"},"content":{"rendered":"<div id=\"m#msg-a:r8383579762945204208\" class=\"mail-message expanded\">\n<div id=\"m#msg-a:r8383579762945204208-content\" class=\"mail-message-content collapsible zoom-normal mail-show-images \">\n<div class=\"clear\">\n<div dir=\"auto\">\n<div dir=\"auto\">\n<div dir=\"auto\"><\/div>\n<div dir=\"auto\"><\/div>\n<div dir=\"auto\">Au terme d&rsquo;une rencontre de concertation organis\u00e9e par la Direction G\u00e9n\u00e9rale des \u00c9lections ce vendredi 24 Octobre 2025,avec les\u00a0 acteurs politiques,des repr\u00e9sentants de la Soci\u00e9t\u00e9 Civile,des repr\u00e9sentants des organismes de presse, ainsi que des repr\u00e9sentants des corps diplomatiques et consulaires accr\u00e9dit\u00e9s en Guin\u00e9e, nous avons interrog\u00e9 le pr\u00e9sident de l&rsquo;Alliance pour le Renouveau et le Progr\u00e8s, afin de nous livrer ses sentiments sur cette rencontre sur les pr\u00e9paratifs de la pr\u00e9sidentielle pr\u00e9vue pour le 28 D\u00e9cembre 2025 en R\u00e9publique de Guin\u00e9e.<\/div>\n<div dir=\"auto\"><\/div>\n<div dir=\"auto\"><\/div>\n<div dir=\"auto\"><\/div>\n<div dir=\"auto\">\n<div dir=\"auto\">R\u00e9pondant \u00e0 la question des journalistes, le pr\u00e9sident de l&rsquo;Alliance Pour le Renouveau et le Progr\u00e8s,Mohamed Nab\u00e9, a\u00a0 salu\u00e9 l&rsquo;initiative de la Direction G\u00e9n\u00e9rale des \u00c9lections,qu&rsquo;il trouve normal\u00a0 pour un processus \u00e9lectoral inclusif et transparent.\u00a0\u00bbJe pense qu&rsquo;il faut d&rsquo;abord saluer l&rsquo;initiative,parce que cette rencontre se situe dans un cadre extr\u00eamement important.C&rsquo;\u00e9tait pour nous parler de l&rsquo;\u00e9tat d&rsquo;avancement du chronogramme \u00e9lectoral.Et je pense que ce qu&rsquo;il faut saluer, c&rsquo;est cette volont\u00e9 de rendre le processus inclusif et \u00e0 toutes les \u00e9tapes du processus, a d\u00e9clar\u00e9 le pr\u00e9sident de l&rsquo;Alliance Pour le Renouveau et le Progr\u00e8s.<\/div>\n<div dir=\"auto\"><\/div>\n<div dir=\"auto\">Avant d&rsquo;ajouter :\u00a0\u00bb La DGE aujourd&rsquo;hui, que je remercie et f\u00e9licite, qui appelle tous les acteurs impliqu\u00e9s, les parties prenantes impliqu\u00e9es dans le processus \u00e9lectoral pour nous \u00e9difier, pour qu&rsquo;on puisse \u00e9changer sur le niveau d&rsquo;avancement<\/div>\n<div dir=\"auto\">et puis aussi poser des questions\u00a0 d&rsquo;int\u00e9r\u00eat national.Je pense que c&rsquo;est quelque chose qu&rsquo;il faut saluer.Et nous\u00a0 souhaitons aussi que la DGE\u00a0 continue\u00a0 dans ce sens\u00a0\u00bb.<\/div>\n<div dir=\"auto\"><\/div>\n<div dir=\"auto\">Quel point a-t-il attir\u00e9 votre attention dans l&rsquo;expos\u00e9 de Mme la DGE ?<\/div>\n<div dir=\"auto\"><\/div>\n<div dir=\"auto\">La r\u00e9ponse du pr\u00e9sident de l&rsquo;Alliance Pour le Renouveau et le Progr\u00e8s a \u00e9t\u00e9 tr\u00e8s claire:\u00a0\u00bbOui, parce qu&rsquo;on s&rsquo;est rendu compte qu&rsquo;il y avait beaucoup de points de divergence et beaucoup de flous,notamment la diff\u00e9rence entre cette disparit\u00e9, ce que la Constitution pr\u00e9voit en termes de limitation d&rsquo;\u00e2ge et ce que le Code \u00e9lectoral pr\u00e9voit.Il\u00a0 est\u00a0 dit dans la Constitution que pour \u00eatre pr\u00e9sident de la R\u00e9publique,<\/div>\n<div dir=\"auto\">il faut \u00eatre \u00e2g\u00e9 au minimum de 40 ans et 80 ans au maximum, alors que le Code \u00e9lectoral parle de 44 ans.Et Mme la Directrice G\u00e9n\u00e9rale a \u00e9t\u00e9 \u00e9difiante l\u00e0-dessus.Elle a dit que c&rsquo;est la Constitution qui est la loi supr\u00eame dans un pays.Et que c&rsquo;est ce qui va primer.Aussi, la question sur les candidatures.Je pense qu&rsquo;aujourd&rsquo;hui, la lanterne de tout le monde a \u00e9t\u00e9<\/div>\n<div dir=\"auto\">\u00e9clair\u00e9e ,parce qu&rsquo;il y a eu\u00a0 beaucoup de sp\u00e9culations autour de cette question.Les gens disent qu&rsquo;il y a 66\u00a0 candidatures pour le moment, d&rsquo;autres parlent de 70 candidatures.Et selon la Directrice G\u00e9n\u00e9rale des \u00c9lections Pour l&rsquo;instant, il n&rsquo;y a pas une seule candidature d\u00e9pos\u00e9e.Ka DGE a fait savoir que les candidatures vont \u00eatre d\u00e9pos\u00e9es au niveau de la Cour supr\u00eame au moment indiqu\u00e9 par la Cour supr\u00eame \u00e0 travers une ordonnance de proc\u00e8s\u00a0\u00bb, a expliqu\u00e9 le pr\u00e9sident de l&rsquo;Alliance Pour le Renouveau et le Progr\u00e8s, Mohamed Nab\u00e9.<\/div>\n<div dir=\"auto\"><\/div>\n<div dir=\"auto\">Sylla Ibrahima Kalil, pour\u00a0<a href=\"http:\/\/www.conakrynews.org\/\" target=\"_blank\" rel=\"noopener noreferrer noreferrer noreferrer\" data-saferedirecturl=\"https:\/\/www.google.com\/url?q=http:\/\/www.conakrynews.org&amp;source=gmail&amp;ust=1761408277275000&amp;usg=AOvVaw1hNdKKyuzAS44TJm-JWxqJ\">www.conakrynews.org<\/a>,625444534<\/div>\n<div dir=\"auto\"><\/div>\n<\/div>\n<\/div>\n<\/div>\n<\/div>\n<\/div>\n<div id=\"m#msg-a:r8383579762945204208-footer\" class=\"mail-message-footer spacer collapsible\"><\/div>\n<\/div>\n","protected":false},"excerpt":{"rendered":"<p>Au terme d&rsquo;une rencontre de concertation organis\u00e9e par la Direction G\u00e9n\u00e9rale des \u00c9lections ce vendredi 24 Octobre 2025,avec les\u00a0 acteurs politiques,des repr\u00e9sentants de la Soci\u00e9t\u00e9 Civile,des repr\u00e9sentants des organismes de presse, ainsi que des repr\u00e9sentants des corps diplomatiques et consulaires accr\u00e9dit\u00e9s en Guin\u00e9e, nous avons interrog\u00e9 le pr\u00e9sident de l&rsquo;Alliance pour le Renouveau et le [&hellip;]<\/p>\n","protected":false},"author":2,"featured_media":36949,"comment_status":"closed","ping_status":"closed","sticky":false,"template":"","format":"standard","meta":{"footnotes":""},"categories":[57],"tags":[],"class_list":{"0":"post-36948","1":"post","2":"type-post","3":"status-publish","4":"format-standard","5":"has-post-thumbnail","7":"category-politique"},"_links":{"self":[{"href":"https:\/\/conakrynews.org\/index.php\/wp-json\/wp\/v2\/posts\/36948","targetHints":{"allow":["GET"]}}],"collection":[{"href":"https:\/\/conakrynews.org\/index.php\/wp-json\/wp\/v2\/posts"}],"about":[{"href":"https:\/\/conakrynews.org\/index.php\/wp-json\/wp\/v2\/types\/post"}],"author":[{"embeddable":true,"href":"https:\/\/conakrynews.org\/index.php\/wp-json\/wp\/v2\/users\/2"}],"replies":[{"embeddable":true,"href":"https:\/\/conakrynews.org\/index.php\/wp-json\/wp\/v2\/comments?post=36948"}],"version-history":[{"count":0,"href":"https:\/\/conakrynews.org\/index.php\/wp-json\/wp\/v2\/posts\/36948\/revisions"}],"wp:featuredmedia":[{"embeddable":true,"href":"https:\/\/conakrynews.org\/index.php\/wp-json\/wp\/v2\/media\/36949"}],"wp:attachment":[{"href":"https:\/\/conakrynews.org\/index.php\/wp-json\/wp\/v2\/media?parent=36948"}],"wp:term":[{"taxonomy":"category","embeddable":true,"href":"https:\/\/conakrynews.org\/index.php\/wp-json\/wp\/v2\/categories?post=36948"},{"taxonomy":"post_tag","embeddable":true,"href":"https:\/\/conakrynews.org\/index.php\/wp-json\/wp\/v2\/tags?post=36948"}],"curies":[{"name":"wp","href":"https:\/\/api.w.org\/{rel}","templated":true}]}}