{"id":37064,"date":"2025-11-01T11:41:02","date_gmt":"2025-11-01T11:41:02","guid":{"rendered":"https:\/\/conakrynews.org\/?p=37064"},"modified":"2025-11-01T14:02:56","modified_gmt":"2025-11-01T14:02:56","slug":"37064","status":"publish","type":"post","link":"https:\/\/conakrynews.org\/index.php\/37064\/","title":{"rendered":"Conakry: Tenue de la 51 Session Ordinaire de l&rsquo;OMVG"},"content":{"rendered":"<div id=\"m#msg-a:r5075362005355389449\" class=\"mail-message expanded\">\n<div id=\"m#msg-a:r5075362005355389449-content\" class=\"mail-message-content collapsible zoom-normal mail-show-images \">\n<div class=\"clear\">\n<div dir=\"auto\">\n<div dir=\"auto\" data-width=\"320px\" data-min-width=\"\" data-max-width=\"\">\n<div data-width=\"320px\" data-min-width=\"\" data-max-width=\"\">\n<div dir=\"auto\">\n<div dir=\"auto\"><img loading=\"lazy\" decoding=\"async\" class=\"alignnone size-medium wp-image-37069\" src=\"https:\/\/conakrynews.org\/wp-content\/uploads\/2025\/11\/IMG-20251101-WA0004-498x375.jpg\" alt=\"\" width=\"498\" height=\"375\" srcset=\"https:\/\/conakrynews.org\/wp-content\/uploads\/2025\/11\/IMG-20251101-WA0004-498x375.jpg 498w, https:\/\/conakrynews.org\/wp-content\/uploads\/2025\/11\/IMG-20251101-WA0004-768x578.jpg 768w, https:\/\/conakrynews.org\/wp-content\/uploads\/2025\/11\/IMG-20251101-WA0004-150x113.jpg 150w, https:\/\/conakrynews.org\/wp-content\/uploads\/2025\/11\/IMG-20251101-WA0004-300x226.jpg 300w, https:\/\/conakrynews.org\/wp-content\/uploads\/2025\/11\/IMG-20251101-WA0004-696x524.jpg 696w, https:\/\/conakrynews.org\/wp-content\/uploads\/2025\/11\/IMG-20251101-WA0004-558x420.jpg 558w, https:\/\/conakrynews.org\/wp-content\/uploads\/2025\/11\/IMG-20251101-WA0004-80x60.jpg 80w, https:\/\/conakrynews.org\/wp-content\/uploads\/2025\/11\/IMG-20251101-WA0004.jpg 1020w\" sizes=\"auto, (max-width: 498px) 100vw, 498px\" \/><img loading=\"lazy\" decoding=\"async\" class=\"alignnone size-medium wp-image-37070\" src=\"https:\/\/conakrynews.org\/wp-content\/uploads\/2025\/11\/IMG-20251031-WA0011-515x343.jpg\" alt=\"\" width=\"515\" height=\"343\" srcset=\"https:\/\/conakrynews.org\/wp-content\/uploads\/2025\/11\/IMG-20251031-WA0011-515x343.jpg 515w, https:\/\/conakrynews.org\/wp-content\/uploads\/2025\/11\/IMG-20251031-WA0011-768x511.jpg 768w, https:\/\/conakrynews.org\/wp-content\/uploads\/2025\/11\/IMG-20251031-WA0011-150x100.jpg 150w, https:\/\/conakrynews.org\/wp-content\/uploads\/2025\/11\/IMG-20251031-WA0011-300x200.jpg 300w, https:\/\/conakrynews.org\/wp-content\/uploads\/2025\/11\/IMG-20251031-WA0011-696x463.jpg 696w, https:\/\/conakrynews.org\/wp-content\/uploads\/2025\/11\/IMG-20251031-WA0011-1068x711.jpg 1068w, https:\/\/conakrynews.org\/wp-content\/uploads\/2025\/11\/IMG-20251031-WA0011-631x420.jpg 631w, https:\/\/conakrynews.org\/wp-content\/uploads\/2025\/11\/IMG-20251031-WA0011.jpg 1080w\" sizes=\"auto, (max-width: 515px) 100vw, 515px\" \/><\/div>\n<div dir=\"auto\">Ce vendredi, 31 Octobre 2025,les pays membres de l&rsquo;Organisation pour la mise en place du Fleuve Gambie,(l&rsquo;OMVG), \u00e0 savoir :la Gambie,la Guin\u00e9e,la Guin\u00e9e Bissau et le S\u00e9n\u00e9gal,se sont r\u00e9unis\u00a0 \u00e0 Conakry du 27 au 31 octobre 2025 ,pour la 51 Session ordinaire de l&rsquo;Organisation,afin d&rsquo;\u00e9changer sur des points cl\u00e9s de leur coop\u00e9ration sous-r\u00e9gionale.<\/div>\n<div dir=\"auto\"><\/div>\n<div dir=\"auto\"><\/div>\n<div dir=\"auto\">Pr\u00e9sent \u00e0 la r\u00e9union, le ministre de l\u2019\u00c9conomie et des Finances, Mourana Soumah, a rappel\u00e9 l\u2019urgence de renforcer la coop\u00e9ration face aux enjeux \u00e9conomiques et environnementaux de plus en plus nombreux et interconnect\u00e9s.<\/div>\n<div dir=\"auto\"><\/div>\n<div dir=\"auto\">Avant de\u00a0 mentionner\u00a0 que l\u2019OMVG est un mod\u00e8le de coop\u00e9ration sous-r\u00e9gionale visant \u00e0 la gestion et \u00e0 l\u2019exploitation des ressources du bassin du fleuve Gambie.<\/div>\n<div dir=\"auto\"><\/div>\n<div dir=\"auto\">Selon le ministre,l&rsquo;\u2019objectif de cette collaboration est d\u2019assurer l\u2019autosuffisance alimentaire des populations riveraines, leur s\u00e9curisation et l\u2019am\u00e9lioration de leurs revenus ; r\u00e9duire la vuln\u00e9rabilit\u00e9 des \u00e9conomies ; pr\u00e9server l\u2019\u00e9quilibre des \u00e9cosyst\u00e8mes dans la sous-r\u00e9gion.<\/div>\n<div dir=\"auto\"><\/div>\n<div dir=\"auto\">\u00ab\u00a0Il\u00a0 est une a n\u00e9cessit\u00e9\u00a0 pour ne plus aujourd&rsquo;hui d\u2019orienter d\u2019importants investissements vers l\u2019hydraulique, l\u2019\u00e9nergie, l\u2019agriculture, l\u2019\u00e9levage, les transports et l\u2019environnement\u00a0\u00bb, a fait savoir le patron du d\u00e9partement de l&rsquo;\u00e9conomie et des finances de la R\u00e9publique de Guin\u00e9e.<\/div>\n<div dir=\"auto\"><\/div>\n<div dir=\"auto\">Avant d&rsquo;exhorter\u00a0 aux diff\u00e9rents Gouvernements des quatres pays membres de l&rsquo;organisation \u00e0 s\u2019acquitter de leurs contributions au budget de fonctionnement et de contrepartie du projet \u00c9nergie.<\/div>\n<div dir=\"auto\"><\/div>\n<div dir=\"auto\"><\/div>\n<div dir=\"auto\">Pour finir,il\u00a0 \u00a0a exprim\u00e9 sa gratitude pour les efforts constants en faveur du d\u00e9veloppement \u00e9conomique et social de la sous-r\u00e9gion.<\/div>\n<div dir=\"auto\"><\/div>\n<div dir=\"auto\"><\/div>\n<div dir=\"auto\">Pour sa part, le ministre de l\u2019Hydraulique et des Hydrocarbures, Aboubacar Camara, pr\u00e9sident en exercice du Conseil des ministres de l&rsquo;OMVG\u00a0 a d\u00e9clar\u00e9 que cette 51 Session\u00a0 Ordinaire est rencontre essentiel pour une ann\u00e9e charni\u00e8re et un tournant strat\u00e9gique assum\u00e9, marquant l\u2019an 1 d\u2019un nouveau cycle pour l\u2019organisation.<\/div>\n<div dir=\"auto\"><\/div>\n<div dir=\"auto\"><\/div>\n<div dir=\"auto\">Avant de mettre en \u00e9vidence\u00a0 les r\u00e9sultats tangibles d\u2019un renouveau institutionnel et politique qui sont entre autres : la mise en service compl\u00e8te de la ligne d\u2019interconnexion 225 kV, d\u00e9sormais une v\u00e9ritable colonne vert\u00e9brale \u00e9nerg\u00e9tique r\u00e9gionale qui vit, pulse, connecte et illumine ; la cr\u00e9ation et p\u00e9rennisation de la soci\u00e9t\u00e9 de gestion, marquant le passage de l\u2019OMVG de b\u00e2tisseur d\u2019infrastructures \u00e0 gestionnaire responsable et visionnaire ; le succ\u00e8s \u00e9clatant du premier forum des investisseurs de l\u2019OMVG \u00e0 Dakar, pr\u00e9sentant les opportunit\u00e9s dans l\u2019agriculture irrigu\u00e9e, l\u2019eau potable, l\u2019assainissement, l\u2019environnement et l\u2019industrialisation locale ; la relance du chantier structurant de l\u2019am\u00e9nagement hydro\u00e9lectrique de Sambagalou.<\/div>\n<div dir=\"auto\"><\/div>\n<div dir=\"auto\">\u00a0\u00bb L&rsquo;ambition de l\u2019OMVG est d\u00e9sormais de devenir un catalyseur de d\u00e9veloppement et non plus un simple ma\u00eetre d\u2019ouvrage public.<\/div>\n<div dir=\"auto\"><\/div>\n<div dir=\"auto\"><\/div>\n<div dir=\"auto\">A noter que pour cette session, les ministres devaient examiner des sujets majeurs, notamment les d\u00e9fis financiers persistants tels que le service de la dette, les besoins en financements compl\u00e9mentaires, et les contributions des \u00c9tats pour les infrastructures de seconde g\u00e9n\u00e9ration.<\/div>\n<div dir=\"auto\"><\/div>\n<div dir=\"auto\">Sylla Ibrahima Kalil, pour\u00a0<a href=\"http:\/\/www.conakrynews.org\/\" target=\"_blank\" rel=\"noopener noreferrer noreferrer noreferrer\" data-saferedirecturl=\"https:\/\/www.google.com\/url?q=http:\/\/www.conakrynews.org&amp;source=gmail&amp;ust=1762083554065000&amp;usg=AOvVaw23EiMQy8TQ4s98j_g99bCA\">www.conakrynews.org<\/a>,625444534<\/div>\n<\/div>\n<\/div>\n<\/div>\n<\/div>\n<\/div>\n<\/div>\n<div id=\"m#msg-a:r5075362005355389449-footer\" class=\"mail-message-footer spacer collapsible\"><\/div>\n<\/div>\n","protected":false},"excerpt":{"rendered":"<p>Ce vendredi, 31 Octobre 2025,les pays membres de l&rsquo;Organisation pour la mise en place du Fleuve Gambie,(l&rsquo;OMVG), \u00e0 savoir :la Gambie,la Guin\u00e9e,la Guin\u00e9e Bissau et le S\u00e9n\u00e9gal,se sont r\u00e9unis\u00a0 \u00e0 Conakry du 27 au 31 octobre 2025 ,pour la 51 Session ordinaire de l&rsquo;Organisation,afin d&rsquo;\u00e9changer sur des points cl\u00e9s de leur coop\u00e9ration sous-r\u00e9gionale. Pr\u00e9sent \u00e0 [&hellip;]<\/p>\n","protected":false},"author":2,"featured_media":37072,"comment_status":"closed","ping_status":"closed","sticky":false,"template":"","format":"standard","meta":{"footnotes":""},"categories":[57],"tags":[],"class_list":{"0":"post-37064","1":"post","2":"type-post","3":"status-publish","4":"format-standard","5":"has-post-thumbnail","7":"category-politique"},"_links":{"self":[{"href":"https:\/\/conakrynews.org\/index.php\/wp-json\/wp\/v2\/posts\/37064","targetHints":{"allow":["GET"]}}],"collection":[{"href":"https:\/\/conakrynews.org\/index.php\/wp-json\/wp\/v2\/posts"}],"about":[{"href":"https:\/\/conakrynews.org\/index.php\/wp-json\/wp\/v2\/types\/post"}],"author":[{"embeddable":true,"href":"https:\/\/conakrynews.org\/index.php\/wp-json\/wp\/v2\/users\/2"}],"replies":[{"embeddable":true,"href":"https:\/\/conakrynews.org\/index.php\/wp-json\/wp\/v2\/comments?post=37064"}],"version-history":[{"count":0,"href":"https:\/\/conakrynews.org\/index.php\/wp-json\/wp\/v2\/posts\/37064\/revisions"}],"wp:featuredmedia":[{"embeddable":true,"href":"https:\/\/conakrynews.org\/index.php\/wp-json\/wp\/v2\/media\/37072"}],"wp:attachment":[{"href":"https:\/\/conakrynews.org\/index.php\/wp-json\/wp\/v2\/media?parent=37064"}],"wp:term":[{"taxonomy":"category","embeddable":true,"href":"https:\/\/conakrynews.org\/index.php\/wp-json\/wp\/v2\/categories?post=37064"},{"taxonomy":"post_tag","embeddable":true,"href":"https:\/\/conakrynews.org\/index.php\/wp-json\/wp\/v2\/tags?post=37064"}],"curies":[{"name":"wp","href":"https:\/\/api.w.org\/{rel}","templated":true}]}}