{"id":37089,"date":"2025-11-01T14:45:47","date_gmt":"2025-11-01T14:45:47","guid":{"rendered":"https:\/\/conakrynews.org\/?p=37089"},"modified":"2025-11-01T14:45:47","modified_gmt":"2025-11-01T14:45:47","slug":"guinee-lancement-des-travaux-de-reconstruction-de-la-paillote","status":"publish","type":"post","link":"https:\/\/conakrynews.org\/index.php\/guinee-lancement-des-travaux-de-reconstruction-de-la-paillote\/","title":{"rendered":"Guin\u00e9e: Lancement des travaux de reconstruction de la Paillote"},"content":{"rendered":"<div><\/div>\n<div class=\"clear\">En droite ligne avec les aspirations et les ambitions du Pr\u00e9sident de la R\u00e9publique, Son Excellence le G\u00e9n\u00e9ral Mamadi DOUMBOUYA, qui \u0153uvre pour la valorisation du patrimoine culturel national et pour redorer l\u2019image des villes du pays \u00e0 travers un am\u00e9nagement urbain moderne et durable, l\u2019\u00c9tat, \u00e0 travers le minist\u00e8re de la Culture et de l\u2019Artisanat, a entrepris la r\u00e9habilitation de la Paillote, un espace culturel embl\u00e9matique et symbole vivant du riche h\u00e9ritage artistique de la Guin\u00e9e.<\/div>\n<div class=\"entry\">\n<p>La c\u00e9r\u00e9monie officielle de pose de la premi\u00e8re pierre de sa reconstruction s\u2019est tenue ce vendredi 31 octobre 2025.<br \/>\nUne fois r\u00e9habilit\u00e9, le site offrira une capacit\u00e9 d\u2019accueil de plus de 1 000 places, avec des infrastructures modernes r\u00e9pondant aux standards internationaux.<br \/>\nCe projet s\u2019inscrit dans la dynamique du Programme Simandou 2040 dans son volet \u00ab Infrastructures Branding Guin\u00e9e \u00bb (La Guin\u00eaf\u00e9), qui vise \u00e0 faire de la Guin\u00e9e une v\u00e9ritable destination culturelle et touristique de r\u00e9f\u00e9rence.<\/p>\n<p>Plac\u00e9e sous le haut patronage du Ministre Directeur de Cabinet de la Pr\u00e9sidence de la R\u00e9publique et Pr\u00e9sident du Comit\u00e9 Strat\u00e9gique de Simandou, Djiba DIAKIT\u00c9, la c\u00e9r\u00e9monie a mobilis\u00e9 plusieurs grandes personnalit\u00e9s du pays, notamment le Ministre Secr\u00e9taire G\u00e9n\u00e9ral de la Pr\u00e9sidence de la R\u00e9publique, le G\u00e9n\u00e9ral Amara CAMARA, des membres du gouvernement, d\u2019anciens ministres de la Culture, ainsi que des op\u00e9rateurs, acteurs et administrateurs culturels, dont de nombreux artistes et cadres du d\u00e9partement en charge de la Culture et de l\u2019Artisanat.<\/p>\n<p>\u201cCe projet s\u2019inscrit dans la mise en \u0153uvre du Programme Simandou 2040, voulu et port\u00e9 par Son Excellence Monsieur le Pr\u00e9sident de la R\u00e9publique.<br \/>\nCe programme visionnaire fait de l\u2019\u00c9ducation et de la Culture le deuxi\u00e8me pilier strat\u00e9gique du d\u00e9veloppement national, en pla\u00e7ant la transmission des savoirs, la valorisation du patrimoine et le renforcement de l\u2019identit\u00e9 guin\u00e9enne au c\u0153ur de la construction de notre souverainet\u00e9 nationale\u201d, a rappel\u00e9 M. Djiba DIAKIT\u00c9.<br \/>\nCette c\u00e9r\u00e9monie, consacr\u00e9e \u00e0 la renaissance d\u2019un lieu mythique : la Paillote, sanctuaire de notre m\u00e9moire collective, symbole vivant du g\u00e9nie cr\u00e9ateur guin\u00e9en et t\u00e9moin privil\u00e9gi\u00e9 de l\u2019\u00e2ge d\u2019or de notre musique.<br \/>\n\u201cCe lieu n\u2019est pas seulement un espace culturel : il est un rep\u00e8re historique, un trait d\u2019union entre les g\u00e9n\u00e9rations, un miroir dans lequel se refl\u00e8tent nos luttes, nos esp\u00e9rances et notre fiert\u00e9 nationale. C\u2019est ici que des l\u00e9gendes telles que le Bembeya Jazz National, Balla et ses Baladins, K\u00e9l\u00e9tigui et ses Tambourinis, ou encore le Horoya Band, ont fa\u00e7onn\u00e9 l\u2019identit\u00e9 musicale de notre pays et port\u00e9 la voix de la Guin\u00e9e sur les plus grandes sc\u00e8nes du monde.<br \/>\nEn d\u00e9cidant de r\u00e9habiliter la Paillote, Son Excellence Monsieur le Pr\u00e9sident de la R\u00e9publique, le G\u00e9n\u00e9ral Mamadi DOUMBOUYA, inscrit un geste fort dans l\u2019histoire : celui de la r\u00e9conciliation entre la m\u00e9moire et la modernit\u00e9, entre l\u2019h\u00e9ritage et l\u2019avenir. Cet acte s\u2019inscrit pleinement dans la vision nationale de refondation et de transformation qu\u2019il porte : celle d\u2019une Guin\u00e9e souveraine, consciente de ses racines et ouverte sur le monde\u201d, a-t-il-soulign\u00e9.<\/p>\n<p>Pour le Pr\u00e9sident du Comit\u00e9 Strat\u00e9gique de Simandou M.Djiba DIAKIT\u00c9, \u201cla Paillote, dans sa nouvelle vie, portera cette ambition. Elle sera \u00e0 la fois un espace de m\u00e9moire et d\u2019innovation, un laboratoire de cr\u00e9ation et de transmission, o\u00f9 se rencontrent l\u2019ancien et le nouveau, les ma\u00eetres d\u2019hier et les talents de demain. En la reconstruisant, nous reconstruisons aussi le fil de notre r\u00e9cit national, celui d\u2019un peuple fier, cr\u00e9atif, r\u00e9silient et tourn\u00e9 vers l\u2019avenir\u201d.<\/p>\n<p>Officiellement invit\u00e9s \u00e0 prendre part \u00e0 cette c\u00e9r\u00e9monie, les anciens ministres de la Culture ont mis l\u2019occasion \u00e0 profit pour exprimer leur reconnaissance envers les autorit\u00e9s, \u00e0 leur t\u00eate le Chef de l\u2019\u00c9tat.<br \/>\nLa pose de la premi\u00e8re pierre de la reconstruction de la Paillote, tout comme d\u2019autres grands actes pos\u00e9s en faveur de la culture guin\u00e9enne, vient r\u00e9conforter les artistes et nostalgiques du riche pass\u00e9 culturel de notre pays.<br \/>\nPr\u00e9sents pour la circonstance, ils ont exprim\u00e9 leur joie et leur fiert\u00e9, tout en \u00e9voquant les souvenirs et les valeursqu\u2019incarne la Paillote.<br \/>\nD\u00e9roul\u00e9e dans une ambiance conviviale et chaleureuse, la c\u00e9r\u00e9monie a \u00e9t\u00e9 marqu\u00e9e par la prestation de plusieurs formations orchestrales.<br \/>\nOutre cette animation musicale, un film documentaire retra\u00e7ant les t\u00e9moignages de grandes figures de la culture guin\u00e9enne a \u00e9galement \u00e9t\u00e9 projet\u00e9, rappelant ainsi l\u2019importance historique et symbolique de ce lieu mythique.<\/p>\n<p>DCI-PRG<\/p>\n<\/div>\n<div class=\"share-post\">\n<p>&nbsp;<\/p>\n<\/div>\n","protected":false},"excerpt":{"rendered":"<p>En droite ligne avec les aspirations et les ambitions du Pr\u00e9sident de la R\u00e9publique, Son Excellence le G\u00e9n\u00e9ral Mamadi DOUMBOUYA, qui \u0153uvre pour la valorisation du patrimoine culturel national et pour redorer l\u2019image des villes du pays \u00e0 travers un am\u00e9nagement urbain moderne et durable, l\u2019\u00c9tat, \u00e0 travers le minist\u00e8re de la Culture et de [&hellip;]<\/p>\n","protected":false},"author":2,"featured_media":37090,"comment_status":"closed","ping_status":"closed","sticky":false,"template":"","format":"standard","meta":{"footnotes":""},"categories":[58],"tags":[],"class_list":{"0":"post-37089","1":"post","2":"type-post","3":"status-publish","4":"format-standard","5":"has-post-thumbnail","7":"category-societe"},"_links":{"self":[{"href":"https:\/\/conakrynews.org\/index.php\/wp-json\/wp\/v2\/posts\/37089","targetHints":{"allow":["GET"]}}],"collection":[{"href":"https:\/\/conakrynews.org\/index.php\/wp-json\/wp\/v2\/posts"}],"about":[{"href":"https:\/\/conakrynews.org\/index.php\/wp-json\/wp\/v2\/types\/post"}],"author":[{"embeddable":true,"href":"https:\/\/conakrynews.org\/index.php\/wp-json\/wp\/v2\/users\/2"}],"replies":[{"embeddable":true,"href":"https:\/\/conakrynews.org\/index.php\/wp-json\/wp\/v2\/comments?post=37089"}],"version-history":[{"count":0,"href":"https:\/\/conakrynews.org\/index.php\/wp-json\/wp\/v2\/posts\/37089\/revisions"}],"wp:featuredmedia":[{"embeddable":true,"href":"https:\/\/conakrynews.org\/index.php\/wp-json\/wp\/v2\/media\/37090"}],"wp:attachment":[{"href":"https:\/\/conakrynews.org\/index.php\/wp-json\/wp\/v2\/media?parent=37089"}],"wp:term":[{"taxonomy":"category","embeddable":true,"href":"https:\/\/conakrynews.org\/index.php\/wp-json\/wp\/v2\/categories?post=37089"},{"taxonomy":"post_tag","embeddable":true,"href":"https:\/\/conakrynews.org\/index.php\/wp-json\/wp\/v2\/tags?post=37089"}],"curies":[{"name":"wp","href":"https:\/\/api.w.org\/{rel}","templated":true}]}}