{"id":37111,"date":"2025-11-02T08:32:25","date_gmt":"2025-11-02T08:32:25","guid":{"rendered":"https:\/\/conakrynews.org\/?p=37111"},"modified":"2025-11-02T08:32:25","modified_gmt":"2025-11-02T08:32:25","slug":"palais-mohammed-v-le-ministre-de-la-justice-et-des-droits-de-lhomme-presente-le-sceau-officiel-de-la-republique-de-guinee-au-chef-de-letat","status":"publish","type":"post","link":"https:\/\/conakrynews.org\/index.php\/palais-mohammed-v-le-ministre-de-la-justice-et-des-droits-de-lhomme-presente-le-sceau-officiel-de-la-republique-de-guinee-au-chef-de-letat\/","title":{"rendered":"Palais Mohammed V: le Ministre de la justice et des droits de l\u2019homme, pr\u00e9sente le sceau officiel de la R\u00e9publique de Guin\u00e9e au Chef de l\u2019\u00c9tat"},"content":{"rendered":"<div><\/div>\n<div class=\"clear\">Le Garde des Sceaux, Ministre de la Justice, Yaya Kairaba KABA, a pr\u00e9sent\u00e9 et remis au Pr\u00e9sident de la R\u00e9publique, ce samedi 1er novembre 2025, le Sceau officiel de la R\u00e9publique de Guin\u00e9e, symbole authentique de la souverainet\u00e9 nationale, au cours d\u2019une c\u00e9r\u00e9monie solennelle tenue au Palais Mohammed V.<\/div>\n<div class=\"entry\">\n<div class=\"entry-content\">\n<p>Cette c\u00e9r\u00e9monie historique s\u2019est d\u00e9roul\u00e9e en pr\u00e9sence du Premier Ministre, Chef du Gouvernement, Amadou Oury BAH, du Ministre secr\u00e9taire G\u00e9n\u00e9ral de la Pr\u00e9sidence, le G\u00e9n\u00e9ral Amara CAMARA, du Ministre Directeur de cabinet de la Pr\u00e9sidence, Djiba DIAKIT\u00c9, ainsi que de plusieurs membres du Gouvernement.<br \/>\nLe Garde des Sceaux, Ministre de la Justice, a proc\u00e9d\u00e9 \u00e0 la pr\u00e9sentation officielle de la nouvelle armoirie moderne et s\u00e9curis\u00e9e de la R\u00e9publique de Guin\u00e9e. Dans son discours de circonstance, Yaya Kairaba KABA a rappel\u00e9 la port\u00e9e historique et symbolique de cet acte solennel.<br \/>\nPour la premi\u00e8re fois depuis l\u2019accession de la Guin\u00e9e \u00e0 l\u2019ind\u00e9pendance en 1958, la R\u00e9publique se dote d\u2019un Sceau officiel d\u2019\u00c9tat, v\u00e9ritable marque de son autorit\u00e9 et de sa l\u00e9gitimit\u00e9 institutionnelle. Ce symbole caract\u00e9ristique de la souverainet\u00e9 nationale se pr\u00e9sente sous la forme d\u2019un cachet rond \u00e0 deux faces, form\u00e9 chacune de deux cercles concentriques contenant des signes grav\u00e9s.<br \/>\nIl porte, \u00e0 l\u2019endroit et au milieu du second cercle, les armoiries de la R\u00e9publique ; en haut du premier cercle, la mention \u00ab R\u00e9publique de Guin\u00e9e \u00bb, et en bas, la devise \u00ab Travail \u2013 Justice \u2013 Solidarit\u00e9 \u00bb.<br \/>\n\u00c0 l\u2019envers, il arbore au centre la carte de la Guin\u00e9e avec la d\u00e9limitation des quatre r\u00e9gions naturelles ; en haut, la mention \u00ab R\u00e9publique de Guin\u00e9e \u00bb, et en bas, la formule \u00ab Au nom du peuple de Guin\u00e9e \u00bb.<br \/>\nLe Sceau sera appos\u00e9 sur les actes officiels qu\u2019il est appel\u00e9 \u00e0 authentifier, \u00e0 l\u2019aide de cire industrielle rouge, sur un ruban aux couleurs du drapeau national, a pr\u00e9cis\u00e9 le Garde des Sceaux, Ministre de la Justice, Yaya Kairaba KABA.<br \/>\n\u00ab Le Sceau ne signe pas, il consacre et authentifie \u00bb, a d\u00e9clar\u00e9 le Garde des Sceaux, soulignant qu\u2019\u00e0 travers ce symbole, chaque document portera d\u00e9sormais l\u2019empreinte de l\u2019autorit\u00e9 l\u00e9gitime de la R\u00e9publique de Guin\u00e9e.<br \/>\nIl a \u00e9galement salu\u00e9 la clairvoyance et la vision du Chef de l\u2019\u00c9tat, S.E. le G\u00e9n\u00e9ral Mamadi DOUMBOUYA, \u00e0 l\u2019origine de ce processus de conception, de validation et de fabrication du Sceau, expression tangible de la refondation institutionnelle et de la restauration de l\u2019autorit\u00e9 publique.<br \/>\nLe Garde des Sceaux a ensuite remis solennellement au Chef de l\u2019\u00c9tat le Sceau officiel de la R\u00e9publique.<br \/>\nCe symbole de souverainet\u00e9 consacre ainsi une nouvelle \u00e8re dans l\u2019histoire institutionnelle de la Guin\u00e9e, d\u00e9sormais dot\u00e9e d\u2019un Sceau d\u2019\u00c9tat authentique, codifi\u00e9 et reconnu, symbolisant \u00e0 la fois la l\u00e9gitimit\u00e9, la rigueur et la continuit\u00e9 r\u00e9publicaine.<\/p>\n<p>DCI-PRG<\/p>\n<\/div>\n<\/div>\n<div class=\"share-post\">\n<p>&nbsp;<\/p>\n<\/div>\n","protected":false},"excerpt":{"rendered":"<p>Le Garde des Sceaux, Ministre de la Justice, Yaya Kairaba KABA, a pr\u00e9sent\u00e9 et remis au Pr\u00e9sident de la R\u00e9publique, ce samedi 1er novembre 2025, le Sceau officiel de la R\u00e9publique de Guin\u00e9e, symbole authentique de la souverainet\u00e9 nationale, au cours d\u2019une c\u00e9r\u00e9monie solennelle tenue au Palais Mohammed V. Cette c\u00e9r\u00e9monie historique s\u2019est d\u00e9roul\u00e9e en [&hellip;]<\/p>\n","protected":false},"author":2,"featured_media":37112,"comment_status":"closed","ping_status":"closed","sticky":false,"template":"","format":"standard","meta":{"footnotes":""},"categories":[57],"tags":[],"class_list":{"0":"post-37111","1":"post","2":"type-post","3":"status-publish","4":"format-standard","5":"has-post-thumbnail","7":"category-politique"},"_links":{"self":[{"href":"https:\/\/conakrynews.org\/index.php\/wp-json\/wp\/v2\/posts\/37111","targetHints":{"allow":["GET"]}}],"collection":[{"href":"https:\/\/conakrynews.org\/index.php\/wp-json\/wp\/v2\/posts"}],"about":[{"href":"https:\/\/conakrynews.org\/index.php\/wp-json\/wp\/v2\/types\/post"}],"author":[{"embeddable":true,"href":"https:\/\/conakrynews.org\/index.php\/wp-json\/wp\/v2\/users\/2"}],"replies":[{"embeddable":true,"href":"https:\/\/conakrynews.org\/index.php\/wp-json\/wp\/v2\/comments?post=37111"}],"version-history":[{"count":0,"href":"https:\/\/conakrynews.org\/index.php\/wp-json\/wp\/v2\/posts\/37111\/revisions"}],"wp:featuredmedia":[{"embeddable":true,"href":"https:\/\/conakrynews.org\/index.php\/wp-json\/wp\/v2\/media\/37112"}],"wp:attachment":[{"href":"https:\/\/conakrynews.org\/index.php\/wp-json\/wp\/v2\/media?parent=37111"}],"wp:term":[{"taxonomy":"category","embeddable":true,"href":"https:\/\/conakrynews.org\/index.php\/wp-json\/wp\/v2\/categories?post=37111"},{"taxonomy":"post_tag","embeddable":true,"href":"https:\/\/conakrynews.org\/index.php\/wp-json\/wp\/v2\/tags?post=37111"}],"curies":[{"name":"wp","href":"https:\/\/api.w.org\/{rel}","templated":true}]}}