{"id":37148,"date":"2025-11-03T21:20:57","date_gmt":"2025-11-03T21:20:57","guid":{"rendered":"https:\/\/conakrynews.org\/?p=37148"},"modified":"2025-11-04T06:22:07","modified_gmt":"2025-11-04T06:22:07","slug":"presidentielle-du-28-decembre-2025-les-populations-saluent-la-candidature-du-general-mamadi-doumbouya","status":"publish","type":"post","link":"https:\/\/conakrynews.org\/index.php\/presidentielle-du-28-decembre-2025-les-populations-saluent-la-candidature-du-general-mamadi-doumbouya\/","title":{"rendered":"Pr\u00e9sidentielle du 28 D\u00e9cembre 2025: les populations saluent la candidature du G\u00e9n\u00e9ral Mamadi Doumbouya\u00a0"},"content":{"rendered":"<div id=\"m#msg-a:r-6593061148763145747\" class=\"mail-message expanded\">\n<div id=\"m#msg-a:r-6593061148763145747-header\" class=\"mail-message-header spacer\"><\/div>\n<div id=\"m#msg-a:r-6593061148763145747-content\" class=\"mail-message-content collapsible zoom-normal mail-show-images \">\n<div class=\"clear\">\n<div dir=\"auto\">\n<div dir=\"auto\"><\/div>\n<div dir=\"auto\">Guin\u00e9e,le suspense est d\u00e9sormais termin\u00e9.Le Pr\u00e9sident de la R\u00e9publique, G\u00e9n\u00e9ral Mamadi Doumbouya, a d\u00e9pos\u00e9 sa candidature \u00e0 la Cour Supr\u00eame cet apr\u00e8s midi du Lundi,03 Novembre 2025.<\/div>\n<div dir=\"auto\"><\/div>\n<div dir=\"auto\">C&rsquo;est avec les tonnerres d&rsquo;applaudissements et de chansons que les populations ont\u00a0 c\u00e9l\u00e9br\u00e9 la Candidature de l&rsquo;homme du 5 Septembre 2021,le G\u00e9n\u00e9ral Mamadi Doumbouya.<\/div>\n<div dir=\"auto\"><\/div>\n<div dir=\"auto\">De Kaloum, jusqu&rsquo;\u00e0 la Camayenne,des groupes de soutien aux id\u00e9aux du pr\u00e9sident Mamadi Doumbouya,et des mouvements de soutien \u00e9taient visibles sur toutes les rues de Conakry, afin de prouver en face de l&rsquo;opinion publique que le G\u00e9n\u00e9ral Mamadi Doumbouya est le choix unique et le candidat id\u00e9<img loading=\"lazy\" decoding=\"async\" class=\"alignnone size-medium wp-image-37149\" src=\"https:\/\/conakrynews.org\/wp-content\/uploads\/2025\/11\/IMG-20251103-WA0005-515x290.jpg\" alt=\"\" width=\"515\" height=\"290\" srcset=\"https:\/\/conakrynews.org\/wp-content\/uploads\/2025\/11\/IMG-20251103-WA0005-515x290.jpg 515w, https:\/\/conakrynews.org\/wp-content\/uploads\/2025\/11\/IMG-20251103-WA0005-150x84.jpg 150w, https:\/\/conakrynews.org\/wp-content\/uploads\/2025\/11\/IMG-20251103-WA0005-300x169.jpg 300w, https:\/\/conakrynews.org\/wp-content\/uploads\/2025\/11\/IMG-20251103-WA0005-696x392.jpg 696w, https:\/\/conakrynews.org\/wp-content\/uploads\/2025\/11\/IMG-20251103-WA0005.jpg 720w\" sizes=\"auto, (max-width: 515px) 100vw, 515px\" \/><img loading=\"lazy\" decoding=\"async\" class=\"alignnone size-medium wp-image-37150\" src=\"https:\/\/conakrynews.org\/wp-content\/uploads\/2025\/11\/IMG-20251103-WA0010-515x361.jpg\" alt=\"\" width=\"515\" height=\"361\" srcset=\"https:\/\/conakrynews.org\/wp-content\/uploads\/2025\/11\/IMG-20251103-WA0010-515x361.jpg 515w, https:\/\/conakrynews.org\/wp-content\/uploads\/2025\/11\/IMG-20251103-WA0010-768x539.jpg 768w, https:\/\/conakrynews.org\/wp-content\/uploads\/2025\/11\/IMG-20251103-WA0010-150x105.jpg 150w, https:\/\/conakrynews.org\/wp-content\/uploads\/2025\/11\/IMG-20251103-WA0010-300x210.jpg 300w, https:\/\/conakrynews.org\/wp-content\/uploads\/2025\/11\/IMG-20251103-WA0010-696x488.jpg 696w, https:\/\/conakrynews.org\/wp-content\/uploads\/2025\/11\/IMG-20251103-WA0010-1068x749.jpg 1068w, https:\/\/conakrynews.org\/wp-content\/uploads\/2025\/11\/IMG-20251103-WA0010-599x420.jpg 599w, https:\/\/conakrynews.org\/wp-content\/uploads\/2025\/11\/IMG-20251103-WA0010-100x70.jpg 100w, https:\/\/conakrynews.org\/wp-content\/uploads\/2025\/11\/IMG-20251103-WA0010.jpg 1152w\" sizes=\"auto, (max-width: 515px) 100vw, 515px\" \/>al du peuple.<\/div>\n<div dir=\"auto\"><\/div>\n<div dir=\"auto\">Nous y reviendrons&#8230;<\/div>\n<div dir=\"auto\"><\/div>\n<div dir=\"auto\">Sylla Ibrahima Kalil, pour www.conajrynews.org,625444534<\/div>\n<\/div>\n<\/div>\n<\/div>\n<div id=\"m#msg-a:r-6593061148763145747-footer\" class=\"mail-message-footer spacer collapsible\"><\/div>\n<\/div>\n","protected":false},"excerpt":{"rendered":"<p>Guin\u00e9e,le suspense est d\u00e9sormais termin\u00e9.Le Pr\u00e9sident de la R\u00e9publique, G\u00e9n\u00e9ral Mamadi Doumbouya, a d\u00e9pos\u00e9 sa candidature \u00e0 la Cour Supr\u00eame cet apr\u00e8s midi du Lundi,03 Novembre 2025. C&rsquo;est avec les tonnerres d&rsquo;applaudissements et de chansons que les populations ont\u00a0 c\u00e9l\u00e9br\u00e9 la Candidature de l&rsquo;homme du 5 Septembre 2021,le G\u00e9n\u00e9ral Mamadi Doumbouya. De Kaloum, jusqu&rsquo;\u00e0 la [&hellip;]<\/p>\n","protected":false},"author":2,"featured_media":37151,"comment_status":"closed","ping_status":"closed","sticky":false,"template":"","format":"standard","meta":{"footnotes":""},"categories":[57],"tags":[],"class_list":{"0":"post-37148","1":"post","2":"type-post","3":"status-publish","4":"format-standard","5":"has-post-thumbnail","7":"category-politique"},"_links":{"self":[{"href":"https:\/\/conakrynews.org\/index.php\/wp-json\/wp\/v2\/posts\/37148","targetHints":{"allow":["GET"]}}],"collection":[{"href":"https:\/\/conakrynews.org\/index.php\/wp-json\/wp\/v2\/posts"}],"about":[{"href":"https:\/\/conakrynews.org\/index.php\/wp-json\/wp\/v2\/types\/post"}],"author":[{"embeddable":true,"href":"https:\/\/conakrynews.org\/index.php\/wp-json\/wp\/v2\/users\/2"}],"replies":[{"embeddable":true,"href":"https:\/\/conakrynews.org\/index.php\/wp-json\/wp\/v2\/comments?post=37148"}],"version-history":[{"count":0,"href":"https:\/\/conakrynews.org\/index.php\/wp-json\/wp\/v2\/posts\/37148\/revisions"}],"wp:featuredmedia":[{"embeddable":true,"href":"https:\/\/conakrynews.org\/index.php\/wp-json\/wp\/v2\/media\/37151"}],"wp:attachment":[{"href":"https:\/\/conakrynews.org\/index.php\/wp-json\/wp\/v2\/media?parent=37148"}],"wp:term":[{"taxonomy":"category","embeddable":true,"href":"https:\/\/conakrynews.org\/index.php\/wp-json\/wp\/v2\/categories?post=37148"},{"taxonomy":"post_tag","embeddable":true,"href":"https:\/\/conakrynews.org\/index.php\/wp-json\/wp\/v2\/tags?post=37148"}],"curies":[{"name":"wp","href":"https:\/\/api.w.org\/{rel}","templated":true}]}}