{"id":37178,"date":"2025-11-04T14:15:13","date_gmt":"2025-11-04T14:15:13","guid":{"rendered":"https:\/\/conakrynews.org\/?p=37178"},"modified":"2025-11-04T14:15:13","modified_gmt":"2025-11-04T14:15:13","slug":"kim-yong-nam-ancien-chef-detat-de-la-coree-du-nord-est-mort-a-97-ans","status":"publish","type":"post","link":"https:\/\/conakrynews.org\/index.php\/kim-yong-nam-ancien-chef-detat-de-la-coree-du-nord-est-mort-a-97-ans\/","title":{"rendered":"Kim Yong-nam, ancien chef d\u2019\u00c9tat de la Cor\u00e9e du Nord, est mort \u00e0 97 ans"},"content":{"rendered":"<div><\/div>\n<div class=\"clear\">Kim Yong-nam est mort \u00e0 l\u2019\u00e2ge de 97 ans, ont annonc\u00e9 mardi les m\u00e9dias d\u2019\u00c9tat. Il a occup\u00e9 pendant plus de vingt ans en Cor\u00e9e du Nord le poste honorifique de pr\u00e9sident de l\u2019Assembl\u00e9e supr\u00eame, qui est sur le papier le chef de l\u2019\u00c9tat. Sa visite en Cor\u00e9e du Sud en 2018 avait contribu\u00e9 \u00ab \u00e0 ouvrir la porte au dialogue intercor\u00e9en \u00bb.<\/div>\n<div class=\"entry\">\n<div class=\"t-content__above-sidebar\">\n<p>D\u00e9c\u00e8s dans les hautes sph\u00e8res nord-cor\u00e9ennes. Kim Yong-nam, qui a \u00e9t\u00e9 pendant plus de 20 ans pr\u00e9sident de l\u2019Assembl\u00e9e supr\u00eame en\u00a0<a class=\"gtm-add-suggested-tag\" href=\"https:\/\/www.france24.com\/fr\/tag\/cor%C3%A9e-du-nord\/\" target=\"_self\" rel=\"noopener noreferrer\">Cor\u00e9e du Nord<\/a>, est d\u00e9c\u00e9d\u00e9 \u00e0 l\u2019\u00e2ge de 97 ans, ont annonc\u00e9, mardi 4 novembre, les m\u00e9dias d\u2019\u00c9tat.<\/p>\n<p>Le dirigeant nord-cor\u00e9en,\u00a0<a class=\"gtm-add-suggested-tag\" href=\"https:\/\/www.france24.com\/fr\/tag\/kim-jong-un\/\" target=\"_self\" rel=\"noopener noreferrer\">Kim Jong-un<\/a>, s\u2019est rendu devant le cercueil du d\u00e9funt \u00ab\u00a0pour exprimer ses sinc\u00e8res condol\u00e9ances\u00a0\u00bb, a d\u00e9clar\u00e9 l\u2019agence officielle KCNA.<\/p>\n<p>Une photo de KCNA le montre, entour\u00e9 de hauts responsables, rendant hommage devant le cercueil en verre transparent, o\u00f9 repose Kim Yong-nam.<\/p>\n<p>Selon la KCNA, la cause du d\u00e9c\u00e8s est une d\u00e9faillance multiple d\u2019organes.<\/p>\n<p>De 1998 \u00e0 2019, Kim Yong-nam a occup\u00e9 le poste de pr\u00e9sident de l\u2019Assembl\u00e9e supr\u00eame, une fonction tr\u00e8s largement honorifique qui lui conf\u00e9rait un r\u00f4le symbolique de chef de l\u2019\u00c9tat, le vrai pouvoir en Cor\u00e9e du Nord \u00e9tant d\u00e9tenu par Kim Jong-un et les membres de sa famille les plus proches de lui.<\/p>\n<h2>Un minist\u00e8re sud-cor\u00e9en lui rend hommage<\/h2>\n<p>En 2018, Kim Yong-nam a conduit une d\u00e9l\u00e9gation nord-cor\u00e9enne \u00e0 la c\u00e9r\u00e9monie d\u2019ouverture des JO d\u2019hiver de Pyeongchang, en Cor\u00e9e du Sud, dont faisait partie la puissante s\u0153ur de Kim Jong-un,\u00a0<a class=\"gtm-add-suggested-tag\" href=\"https:\/\/www.france24.com\/fr\/tag\/kim-yo-jong\/\" target=\"_self\" rel=\"noopener noreferrer\">Kim Yo-jong<\/a>.<\/p>\n<p>Les m\u00e9dias sud-cor\u00e9ens avaient largement relay\u00e9 une sc\u00e8ne dans laquelle il c\u00e9dait la place d\u2019honneur \u00e0 Kim Yo-jong lors d\u2019une r\u00e9union avec des responsables sud-cor\u00e9ens, ce qui avait suscit\u00e9 des sp\u00e9culations selon lesquelles de tels gestes l\u2019auraient aid\u00e9 \u00e0 conserver ses fonctions pendant des d\u00e9cennies dans le contexte politique de Pyongyang, propice aux purges.<\/p>\n<p>Le minist\u00e8re sud-cor\u00e9en de l\u2019Unification, charg\u00e9 des relations avec Pyongyang, a exprim\u00e9 ses condol\u00e9ances dans un communiqu\u00e9.<\/p>\n<p>Le ministre Chung Dong-young a d\u00e9clar\u00e9 avoir eu \u00ab\u00a0des discussions constructives sur la paix dans la p\u00e9ninsule cor\u00e9enne\u00a0\u00bb lors de ses rencontres avec Kim Yong-nam \u00e0 Pyongyang en 2005 et 2018.<\/p>\n<p>Sa visite en\u00a0<a class=\"gtm-add-suggested-tag\" href=\"https:\/\/www.france24.com\/fr\/tag\/cor%C3%A9e-du-sud\/\" target=\"_self\" rel=\"noopener noreferrer\">Cor\u00e9e du Sud<\/a>\u00a0en 2018 a contribu\u00e9 \u00ab\u00a0\u00e0 ouvrir la porte au dialogue intercor\u00e9en\u00a0\u00bb, a ajout\u00e9 Chung Dong-young.<\/p>\n<p>&nbsp;<\/p>\n<p><strong><em>Avec AFP<\/em><\/strong><\/p>\n<\/div>\n<\/div>\n","protected":false},"excerpt":{"rendered":"<p>Kim Yong-nam est mort \u00e0 l\u2019\u00e2ge de 97 ans, ont annonc\u00e9 mardi les m\u00e9dias d\u2019\u00c9tat. Il a occup\u00e9 pendant plus de vingt ans en Cor\u00e9e du Nord le poste honorifique de pr\u00e9sident de l\u2019Assembl\u00e9e supr\u00eame, qui est sur le papier le chef de l\u2019\u00c9tat. Sa visite en Cor\u00e9e du Sud en 2018 avait contribu\u00e9 \u00ab [&hellip;]<\/p>\n","protected":false},"author":2,"featured_media":37179,"comment_status":"closed","ping_status":"closed","sticky":false,"template":"","format":"standard","meta":{"footnotes":""},"categories":[58],"tags":[],"class_list":{"0":"post-37178","1":"post","2":"type-post","3":"status-publish","4":"format-standard","5":"has-post-thumbnail","7":"category-societe"},"_links":{"self":[{"href":"https:\/\/conakrynews.org\/index.php\/wp-json\/wp\/v2\/posts\/37178","targetHints":{"allow":["GET"]}}],"collection":[{"href":"https:\/\/conakrynews.org\/index.php\/wp-json\/wp\/v2\/posts"}],"about":[{"href":"https:\/\/conakrynews.org\/index.php\/wp-json\/wp\/v2\/types\/post"}],"author":[{"embeddable":true,"href":"https:\/\/conakrynews.org\/index.php\/wp-json\/wp\/v2\/users\/2"}],"replies":[{"embeddable":true,"href":"https:\/\/conakrynews.org\/index.php\/wp-json\/wp\/v2\/comments?post=37178"}],"version-history":[{"count":0,"href":"https:\/\/conakrynews.org\/index.php\/wp-json\/wp\/v2\/posts\/37178\/revisions"}],"wp:featuredmedia":[{"embeddable":true,"href":"https:\/\/conakrynews.org\/index.php\/wp-json\/wp\/v2\/media\/37179"}],"wp:attachment":[{"href":"https:\/\/conakrynews.org\/index.php\/wp-json\/wp\/v2\/media?parent=37178"}],"wp:term":[{"taxonomy":"category","embeddable":true,"href":"https:\/\/conakrynews.org\/index.php\/wp-json\/wp\/v2\/categories?post=37178"},{"taxonomy":"post_tag","embeddable":true,"href":"https:\/\/conakrynews.org\/index.php\/wp-json\/wp\/v2\/tags?post=37178"}],"curies":[{"name":"wp","href":"https:\/\/api.w.org\/{rel}","templated":true}]}}