{"id":37218,"date":"2025-11-05T18:35:13","date_gmt":"2025-11-05T18:35:13","guid":{"rendered":"https:\/\/conakrynews.org\/?p=37218"},"modified":"2025-11-05T18:35:13","modified_gmt":"2025-11-05T18:35:13","slug":"guinee-numerique-vers-la-connectivite-de-2200-ecoles-primaires-des-villes-des-campagnes-et-des-grands-centres","status":"publish","type":"post","link":"https:\/\/conakrynews.org\/index.php\/guinee-numerique-vers-la-connectivite-de-2200-ecoles-primaires-des-villes-des-campagnes-et-des-grands-centres\/","title":{"rendered":"Guin\u00e9e\/Num\u00e9rique : vers la connectivit\u00e9 de 2200 \u00e9coles primaires des villes, des campagnes et des grands centres"},"content":{"rendered":"<div><\/div>\n<div><\/div>\n<div class=\"clear\">Le Premier ministre Amadou Oury Bah a pr\u00e9sid\u00e9 ce mercredi 5 novembre 2025, au palais du peuple, la c\u00e9r\u00e9monie de pr\u00e9sentation du projet de connectivit\u00e9 des \u00e9coles primaires publiques de Guin\u00e9e.<\/div>\n<div class=\"entry\">\n<p>Cette rencontre a connu la pr\u00e9sence du ministre de l\u2019\u00e9ducation Jean Paul Cedy et plusieurs cadres de l\u2019administration publique.<\/p>\n<p>Dans son discours, le Coordinateur dudit projet, M. Moussa Magassouba, a soulign\u00e9 qu\u2019il y aura 2200 \u00e9coles qui seront connect\u00e9es \u00e0 la fibre optique afin de permettre aux \u00e9l\u00e8ves de Conakry ainsi qu\u2019\u00e0 l\u2019int\u00e9rieur du pays de bien \u00e9tudier avec les outils num\u00e9riques.<\/p>\n<p>Selon le Ministre Jean Paul Cedy, son d\u00e9partement est en train de faire l\u2019installation de la connectivit\u00e9 des \u00e9coles primaires partout dans le pays.<\/p>\n<p>\u00ab Dans quelques ann\u00e9es, ces enfants qui seront au contact du num\u00e9rique maintenant seront ceux qui conduiront le futur de la Guin\u00e9e. \u00bb<\/p>\n<p>Le Premier Ministre Amadou Oury Bah a, dans son discours, indiqu\u00e9 que ce projet de connectivit\u00e9 au sein des \u00e9tablissements d\u2019enseignement primaire a permis de connecter 585 \u00e9coles sur un total de 2200 \u00e9coles primaires des villes, des campagnes, des grands centres et des villages.<\/p>\n<p>\u00ab Actuellement, le num\u00e9rique est en train de tout bouleverser et c\u2019est un grand honneur pour nous de participer \u00e0 connecter nos \u00e9coles primaires. Imaginez ce que cela veut dire pour les enfants. Dans dix ans, ces enfants seront tr\u00e8s performants en mati\u00e8re du num\u00e9rique. \u00bb<\/p>\n<p>&nbsp;<\/p>\n<p><strong>Source:Guineequotidien<\/strong><\/p>\n<\/div>\n","protected":false},"excerpt":{"rendered":"<p>Le Premier ministre Amadou Oury Bah a pr\u00e9sid\u00e9 ce mercredi 5 novembre 2025, au palais du peuple, la c\u00e9r\u00e9monie de pr\u00e9sentation du projet de connectivit\u00e9 des \u00e9coles primaires publiques de Guin\u00e9e. Cette rencontre a connu la pr\u00e9sence du ministre de l\u2019\u00e9ducation Jean Paul Cedy et plusieurs cadres de l\u2019administration publique. Dans son discours, le Coordinateur [&hellip;]<\/p>\n","protected":false},"author":2,"featured_media":37219,"comment_status":"closed","ping_status":"closed","sticky":false,"template":"","format":"standard","meta":{"footnotes":""},"categories":[1],"tags":[],"class_list":{"0":"post-37218","1":"post","2":"type-post","3":"status-publish","4":"format-standard","5":"has-post-thumbnail","7":"category-non-classe"},"_links":{"self":[{"href":"https:\/\/conakrynews.org\/index.php\/wp-json\/wp\/v2\/posts\/37218","targetHints":{"allow":["GET"]}}],"collection":[{"href":"https:\/\/conakrynews.org\/index.php\/wp-json\/wp\/v2\/posts"}],"about":[{"href":"https:\/\/conakrynews.org\/index.php\/wp-json\/wp\/v2\/types\/post"}],"author":[{"embeddable":true,"href":"https:\/\/conakrynews.org\/index.php\/wp-json\/wp\/v2\/users\/2"}],"replies":[{"embeddable":true,"href":"https:\/\/conakrynews.org\/index.php\/wp-json\/wp\/v2\/comments?post=37218"}],"version-history":[{"count":0,"href":"https:\/\/conakrynews.org\/index.php\/wp-json\/wp\/v2\/posts\/37218\/revisions"}],"wp:featuredmedia":[{"embeddable":true,"href":"https:\/\/conakrynews.org\/index.php\/wp-json\/wp\/v2\/media\/37219"}],"wp:attachment":[{"href":"https:\/\/conakrynews.org\/index.php\/wp-json\/wp\/v2\/media?parent=37218"}],"wp:term":[{"taxonomy":"category","embeddable":true,"href":"https:\/\/conakrynews.org\/index.php\/wp-json\/wp\/v2\/categories?post=37218"},{"taxonomy":"post_tag","embeddable":true,"href":"https:\/\/conakrynews.org\/index.php\/wp-json\/wp\/v2\/tags?post=37218"}],"curies":[{"name":"wp","href":"https:\/\/api.w.org\/{rel}","templated":true}]}}