{"id":37222,"date":"2025-11-06T14:57:53","date_gmt":"2025-11-06T14:57:53","guid":{"rendered":"https:\/\/conakrynews.org\/?p=37222"},"modified":"2025-11-06T14:57:53","modified_gmt":"2025-11-06T14:57:53","slug":"cameroun-paul-biya-a-prete-serment-pour-un-huitieme-mandat-de-president","status":"publish","type":"post","link":"https:\/\/conakrynews.org\/index.php\/cameroun-paul-biya-a-prete-serment-pour-un-huitieme-mandat-de-president\/","title":{"rendered":"Cameroun: Paul Biya a pr\u00eat\u00e9 serment pour un huiti\u00e8me mandat de pr\u00e9sident"},"content":{"rendered":"<div><\/div>\n<div><\/div>\n<div class=\"clear\">Le pr\u00e9sident camerounais, Paul Biya, 92 ans, a pr\u00eat\u00e9 serment ce 6 novembre 2025 pour un huiti\u00e8me mandat. Celui qui dirige le Cameroun depuis 1982 a \u00e9t\u00e9 investi pour un nouveau septennat au cours d\u2019une c\u00e9r\u00e9monie \u00e0 l\u2019Assembl\u00e9e nationale \u00e0 Yaound\u00e9. Il a \u00e9t\u00e9 proclam\u00e9 vainqueur de la pr\u00e9sidentielle du 12 octobre avec 53,66% des voix selon les r\u00e9sultats officiels publi\u00e9s par le Conseil constitutionnel. R\u00e9sultats contest\u00e9s par Issa Tchiroma Bakary, d\u00e9clar\u00e9 deuxi\u00e8me du scrutin et qui revendique la victoire. Ce dernier avait lanc\u00e9 un appel aux populations \u00e0 observer trois journ\u00e9es de \u00ab villes mortes \u00bb, du 3 au 5 novembre.<\/div>\n<div class=\"entry\">\n<p>Au\u00a0<strong><a href=\"https:\/\/www.rfi.fr\/fr\/tag\/cameroun\/\" target=\"_self\" rel=\"noopener noreferrer\">Cameroun<\/a><\/strong>, Paul Biya vient de pr\u00eater serment officiellement pour un huiti\u00e8me mandat \u00e0 la t\u00eate du pays. Le chef de l\u2019\u00c9tat, au pouvoir depuis 43 ans, entre ainsi formellement en fonction pour un nouveau septennat. Une c\u00e9r\u00e9monie au Palais de Verre, b\u00e2timent construit pour l\u2019Assembl\u00e9e nationale, \u00e0 Yaound\u00e9.<\/p>\n<p>Le pr\u00e9sident, aussit\u00f4t apr\u00e8s avoir pr\u00eat\u00e9 serment, a prononc\u00e9 un discours d\u2019investiture. En mentionnant \u00e0 deux reprises que ce nouveau mandat lui est confi\u00e9 par le peuple camerounais mais aussi par la volont\u00e9 de Dieu, Paul Biya, 92 ans, dont 43 \u00e0 la pr\u00e9sidence, en appelle \u00e0 \u00ab\u00a0<em>l\u2019union sacr\u00e9e<\/em>\u00a0\u00bb.<\/p>\n<p>Revenant sur le scrutin du 12 octobre et les manifestations de col\u00e8re de la semaine pr\u00e9c\u00e9dente apr\u00e8s la proclamation de sa victoire par le Conseil constitutionnel, Paul Biya indexe l\u2019attitude de politiciens qu\u2019il qualifie \u00ab\u00a0<em>d\u2019irresponsables<\/em>\u00a0\u00bb, sans citer Issa Tchiroma Bakary qui continue de revendiquer la victoire.<\/p>\n<h2>\u00ab\u00a0<em>Je peux vous l\u2019assurer, l\u2019ordre r\u00e8gnera<\/em>\u00a0\u00bb<\/h2>\n<p>Concernant les violences qui ont \u00e9maill\u00e9 les protestations, Paul Biya adresse ses condol\u00e9ances aux victimes. Des acteurs de la soci\u00e9t\u00e9 civile d\u00e9comptent au moins 39 morts mais il n\u2019y a pas de bilan officiel.<\/p>\n<p>Pas un mot du chef de l\u2019\u00c9tat, en revanche, pour les personnes arr\u00eat\u00e9es qui sont plusieurs centaines, selon le ministre de la Communication interrog\u00e9 par RFI.<\/p>\n<p>Paul Biya, tr\u00e8s applaudi dans l\u2019h\u00e9micycle de l\u2019Assembl\u00e9e nationale, f\u00e9licite alors le professionnalisme des Forces de d\u00e9fense et de s\u00e9curit\u00e9 et en appelle \u00ab\u00a0<em>au sens des responsabilit\u00e9s des uns et des autres\u00a0<\/em>\u00bb. Il ajoute\u00a0: \u00ab\u00a0<em>Le Cameroun n\u2019a pas besoin d\u2019une crise post\u00e9lectorale dont les cons\u00e9quences pourraient \u00eatre dramatiques.<\/em>\u00a0\u00bb Et d\u2019affirmer\u00a0: \u00ab\u00a0<em>Je peux vous l\u2019assurer, l\u2019ordre r\u00e8gnera.<\/em>\u00a0\u00bb<\/p>\n<p>Quant \u00e0 la profondeur des frustrations que le pr\u00e9sident dit mesurer, il a fait des annonces de projets en faveur des jeunes et des femmes pour ce nouveau septennat et un appel renouvel\u00e9 \u00e0 la d\u00e9mobilisation des groupes arm\u00e9s dans les r\u00e9gions anglophones et de l\u2019Extr\u00eame-Nord.<\/p>\n<p>&nbsp;<\/p>\n<p><strong>Avec RFI<\/strong><\/p>\n<\/div>\n<div class=\"share-post\">\n<p>&nbsp;<\/p>\n<\/div>\n","protected":false},"excerpt":{"rendered":"<p>Le pr\u00e9sident camerounais, Paul Biya, 92 ans, a pr\u00eat\u00e9 serment ce 6 novembre 2025 pour un huiti\u00e8me mandat. Celui qui dirige le Cameroun depuis 1982 a \u00e9t\u00e9 investi pour un nouveau septennat au cours d\u2019une c\u00e9r\u00e9monie \u00e0 l\u2019Assembl\u00e9e nationale \u00e0 Yaound\u00e9. Il a \u00e9t\u00e9 proclam\u00e9 vainqueur de la pr\u00e9sidentielle du 12 octobre avec 53,66% des [&hellip;]<\/p>\n","protected":false},"author":2,"featured_media":37223,"comment_status":"closed","ping_status":"closed","sticky":false,"template":"","format":"standard","meta":{"footnotes":""},"categories":[57],"tags":[],"class_list":{"0":"post-37222","1":"post","2":"type-post","3":"status-publish","4":"format-standard","5":"has-post-thumbnail","7":"category-politique"},"_links":{"self":[{"href":"https:\/\/conakrynews.org\/index.php\/wp-json\/wp\/v2\/posts\/37222","targetHints":{"allow":["GET"]}}],"collection":[{"href":"https:\/\/conakrynews.org\/index.php\/wp-json\/wp\/v2\/posts"}],"about":[{"href":"https:\/\/conakrynews.org\/index.php\/wp-json\/wp\/v2\/types\/post"}],"author":[{"embeddable":true,"href":"https:\/\/conakrynews.org\/index.php\/wp-json\/wp\/v2\/users\/2"}],"replies":[{"embeddable":true,"href":"https:\/\/conakrynews.org\/index.php\/wp-json\/wp\/v2\/comments?post=37222"}],"version-history":[{"count":0,"href":"https:\/\/conakrynews.org\/index.php\/wp-json\/wp\/v2\/posts\/37222\/revisions"}],"wp:featuredmedia":[{"embeddable":true,"href":"https:\/\/conakrynews.org\/index.php\/wp-json\/wp\/v2\/media\/37223"}],"wp:attachment":[{"href":"https:\/\/conakrynews.org\/index.php\/wp-json\/wp\/v2\/media?parent=37222"}],"wp:term":[{"taxonomy":"category","embeddable":true,"href":"https:\/\/conakrynews.org\/index.php\/wp-json\/wp\/v2\/categories?post=37222"},{"taxonomy":"post_tag","embeddable":true,"href":"https:\/\/conakrynews.org\/index.php\/wp-json\/wp\/v2\/tags?post=37222"}],"curies":[{"name":"wp","href":"https:\/\/api.w.org\/{rel}","templated":true}]}}