{"id":37230,"date":"2025-11-06T15:13:33","date_gmt":"2025-11-06T15:13:33","guid":{"rendered":"https:\/\/conakrynews.org\/?p=37230"},"modified":"2025-11-06T15:13:33","modified_gmt":"2025-11-06T15:13:33","slug":"cop30-au-bresil-dix-ans-apres-laccord-de-paris-un-rendez-vous-charniere-pour-laction-climatique","status":"publish","type":"post","link":"https:\/\/conakrynews.org\/index.php\/cop30-au-bresil-dix-ans-apres-laccord-de-paris-un-rendez-vous-charniere-pour-laction-climatique\/","title":{"rendered":"COP30 au Br\u00e9sil: dix ans apr\u00e8s l\u2019accord de Paris, un rendez-vous charni\u00e8re pour l\u2019action climatique"},"content":{"rendered":"<div><\/div>\n<div class=\"clear\">La 30e Conf\u00e9rence des Nations unies sur le climat s\u2019ouvrira officiellement lundi 10, \u00e0 Bel\u00e9m, aux portes de l\u2019Amazonie br\u00e9silienne. 143 d\u00e9l\u00e9gations sont accr\u00e9dit\u00e9es, sur 197 \u00c9tats membres de l\u2019ONU climat. Pr\u00e9lude \u00e0 cette COP30, ce jeudi et vendredi, les chefs d\u2019\u00c9tat sont attendus pour envoyer des messages forts alors que les \u00e9missions mondiales de gaz \u00e0 effet de serre augmentent toujours et que l\u2019argent manque au Sud pour qu\u2019il op\u00e8re sa transition \u00e9nerg\u00e9tique et se pr\u00e9pare aux changements.<\/div>\n<div class=\"entry\">\n<p>D\u00e9cri\u00e9es, \u00e0 tort et \u00e0 raison, pour leur inefficience face \u00e0 l\u2019urgence, les\u00a0<strong><a href=\"https:\/\/www.rfi.fr\/fr\/tag\/cop30\/\" target=\"_self\" rel=\"noopener noreferrer\">COP<\/a><\/strong>\u00a0des Nations unies restent tout de m\u00eame le seul moment politique au monde \u2013 exception faite de l\u2019Assembl\u00e9e g\u00e9n\u00e9rale \u2013 o\u00f9 tous les \u00c9tats sont repr\u00e9sent\u00e9s et o\u00f9 chacun a voix au chapitre. La 30e du nom s\u2019ouvre le 10 novembre \u00e0 Bel\u00e9m, ville pauvre de l\u2019\u00c9tat du Para, le plus d\u00e9bois\u00e9 du Br\u00e9sil.<\/p>\n<p>Si aucun sujet embl\u00e9matique ne se d\u00e9marque de l\u2019agenda de n\u00e9gociations, cette COP reste charni\u00e8re et symbolique. Notamment parce qu\u2019elle se tient dix ans apr\u00e8s l\u2019Accord de Paris, le texte universel qui sert de cadre \u00e0 l\u2019action climatique.<\/p>\n<p>Elle a pour mission de faire collaborer les pays dans la lutte commune contre le r\u00e9chauffement du climat. Tous ont des responsabilit\u00e9s tr\u00e8s diff\u00e9rentes dans son origine et des capacit\u00e9s in\u00e9gales \u00e0 affronter ses effets, plus fr\u00e9quents et plus intenses.\u00a0<strong><a href=\"https:\/\/www.rfi.fr\/fr\/am%C3%A9riques\/20251104-jama%C3%AFque-une-semaine-apr%C3%A8s-l-ouragan-melissa-l-%C3%AEle-s-organise-pour-aider-les-populations-sinistr%C3%A9es\" target=\"_self\" rel=\"noopener noreferrer\">L\u2019ouragan Melissa<\/a><\/strong>\u00a0en est une nouvelle illustration : le ph\u00e9nom\u00e8ne le plus puissant ayant frapp\u00e9 une \u00eele de l\u2019Atlantique laisse dans son sillon pr\u00e8s de 60 morts et des \u00eeles cara\u00efb\u00e9ennes exsangues.<\/p>\n<p>Cet ouragan reviendra certainement dans la bouche de nombreux dirigeants ce jeudi et vendredi.\u00a0Une petite soixantaine de chefs d\u2019\u00c9tat et de gouvernement est attendue \u00e0 la tribune du Parque de Cidade.<\/p>\n<p>Tour \u00e0 tour, ils donneront le ton de leurs attentes et de leurs priorit\u00e9s. La pr\u00e9sidence de la COP attend beaucoup de ce \u00ab\u00a0Global Mutir\u00e3o\u00a0\u00bb, l\u2019expression maintes fois r\u00e9p\u00e9t\u00e9e\u00a0qui d\u00e9signe un moment d\u2019action et d\u2019entraide chez les communaut\u00e9s autochtones de la for\u00eat amazonienne. \u00ab\u00a0<em>Nous avons les solutions, nous avons l\u2019engagement. Il est temps que le d\u00e9bat et l\u2019action climatiques sortent des salles de n\u00e9gociation<\/em>\u00a0\u00bb, affirmait vendredi dernier Tulio Andrade, le directeur strat\u00e9gique de la COP30 lors d\u2019une conf\u00e9rence de presse.<\/p>\n<p>La COP30 ouvre un nouveau cycle pour \u00ab\u00a0l\u2019ambition climatique\u00a0\u00bb.\u00a0Comme exig\u00e9 par l\u2019Accord de Paris, les \u00c9tats devaient d\u00e9poser leurs nouvelles politiques climatiques, ou Contributions d\u00e9termin\u00e9es au niveau national (NDC), \u00e0 horizon 2035. L\u2019ensemble des nouvelles NDC pour limiter les rejets carbon\u00e9s conduisent \u00e0 un r\u00e9chauffement de 2,3\u00b0C \u00e0 2,5\u00b0C d\u2019ici la fin du si\u00e8cle, et m\u00eame 2,8\u00b0C si les politiques actuelles se poursuivaient. Ce n\u2019est pas noir. En 2015, les scientifiques projetaient pour 2100 un sc\u00e9nario apocalyptique de +4 \u00e0 +5\u00b0C de r\u00e9chauffement.\u00a0\u00ab\u00a0<em>L\u2019Accord de Paris fonctionne,\u00a0on voit une inflexion de la trajectoire<\/em>\u00a0\u00bb, assure Ga\u00efa Febvre, responsable des politiques internationales au R\u00e9seau action climat (RAC), en \u00e9cho \u00e0 d\u2019autres experts. \u00ab\u00a0<em>Mais ce n\u2019est toujours pas assez pour rester sur une plan\u00e8te viable.\u00a0<\/em>\u00bb<\/p>\n<p>Et pour cause : \u00ab\u00a0<em>Les nouvelles NDC ne contribuent gu\u00e8re aux progr\u00e8s<\/em>\u00a0\u00bb, parce que la baisse d\u2019\u00e9missions ne serait que de 10% d\u2019ici \u00e0 2035 par rapport \u00e0 2019 alors qu\u2019il faudrait les abattre de 60% pour remplir le premier objectif de l\u2019Accord de Paris\u00a0: contenir le r\u00e9chauffement climatique mondial \u00ab\u00a0<em>bien en-dessous 2\u00b0C<\/em>\u00a0\u00bb et de \u00ab\u00a0<em>poursuivre les efforts pour le limiter \u00e0 1,5\u00b0C\u00a0<\/em>\u00bb par rapport \u00e0 l\u2019\u00e8re pr\u00e9industrielle.<\/p>\n<p>En r\u00e9sum\u00e9 : la th\u00e9orie est l\u00e0, mais l\u2019action ne va pas assez vite, malgr\u00e9\u00a0<strong><a href=\"https:\/\/www.rfi.fr\/fr\/monde\/20251028-dix-ans-apr%C3%A8s-l-accord-de-paris-la-transition-vers-les-%C3%A9nergies-renouvelables-plus-importante-que-pr%C3%A9vue\" target=\"_self\" rel=\"noopener noreferrer\">le d\u00e9ploiement massif des \u00e9nergies renouvelables<\/a><\/strong>. \u00ab\u00a0<em>Nous ne parviendrons pas \u00e0 contenir le r\u00e9chauffement climatique en dessous de 1,5\u00a0\u00b0C dans les prochaines ann\u00e9es\u00a0<\/em>\u00bb, reconnaissait m\u00eame pour la premi\u00e8re fois Antonio Guterres, quelques jours avant l\u2019ouverture de la COP. Avec des \u00ab\u00a0<em>cons\u00e9quences d\u00e9vastatrices<\/em>\u00a0\u00bb pour nombre de pays o\u00f9 les temp\u00e9ratures d\u00e9passent parfois les 50\u00b0C et o\u00f9 la mer submerge les c\u00f4tes, salinise les cultures dans les r\u00e9gions de delta.<\/p>\n<p>Dans ce contexte, la\u00a0<strong><a href=\"https:\/\/www.rfi.fr\/fr\/environnement\/20251105-ue-union-europ%C3%A9enne-s-accorde-dans-la-douleur-sur-un-plan-climat-cop30\" target=\"_self\" rel=\"noopener noreferrer\">position europ\u00e9enne<\/a><\/strong>\u00a0est tr\u00e8s comment\u00e9e. Les Vingt-Sept ont failli manquer \u00e0 l\u2019appel de l\u2019ambition climatique. L\u2019UE, qui est la seule grande puissance \u00e0 avoir baiss\u00e9 ses \u00e9missions l\u2019an dernier, tient un r\u00f4le de meneur dans les n\u00e9gociations climatiques. Elle arrive cette fois d\u00e9chir\u00e9e, bloqu\u00e9e par des pays conservateurs, rejoints depuis cet \u00e9t\u00e9 par la France. Paris multiplie les reculs environnementaux, 43 en six mois pr\u00e9cis\u00e9ment selon le RAC, reflet d\u2019une lame de fond plus g\u00e9n\u00e9rale. Lors d\u2019une r\u00e9union de la derni\u00e8re chance, les ministres de l\u2019Environnement ne sont pas parvenus \u00e0 s\u2019entendre sur un objectif pr\u00e9cis pour 2035. Bruxelles arrive \u00e0 la COP avec un plan climat amoindri, rendu in extremis, et pr\u00e9sentera une fourchette de 66,25% \u00e0 72,5% de r\u00e9duction des \u00e9missions. \u00ab\u00a0<em>M\u00eame la limite sup\u00e9rieure de cette fourchette est incompatible avec une trajectoire cr\u00e9dible vers la r\u00e9duction de 90 % propos\u00e9e pour 2040\u00a0<\/em>\u00bb, a r\u00e9agi Greenpeace.<\/p>\n<p>D\u2019autres, comme l\u2019envoy\u00e9e sp\u00e9ciale pour l\u2019Europe aupr\u00e8s de la pr\u00e9sidence de la COP Laurence Tubiana, se f\u00e9licitent que \u00ab\u00a0<em>l\u2019Europe arrive \u00e0 Bel\u00e9m avec une NDC forte<\/em>\u00a0\u00bb. Mais \u00ab l\u2019architecte \u00bb de l\u2019Accord de Paris regrette \u00ab<em>\u00a0le jeu de moins-disant<\/em>\u00a0\u00bb.\u00a0\u00ab\u00a0<em>Tout signal de doutes et de reculs est n\u00e9gatif.<\/em>\u00a0\u00bb \u00ab\u00a0<em>L\u2019UE n\u2019est plus du tout dans une position de leadership, quoi qu\u2019elle clame<\/em>\u00a0\u00bb, cinglait Rebecca Thissen, responsable du plaidoyer mondial du R\u00e9seau Action Climat international.<\/p>\n<p>Cette COP sera-t-elle sans champion\u00a0de l\u2019ambition, laiss\u00e9e \u00e0 la merci du camp de la stagnation, du recul, voire du d\u00e9ni ? Le contexte g\u00e9opolitique n\u2019est pas favorable \u00e0 des progr\u00e8s sur le front du climat, alors que l\u2019urgence le commande. L\u2019administration Trump, qui rejette tout dialogue multilat\u00e9ral, n\u2019enverra pas de repr\u00e9sentant de haut-niveau. Ce qui ne veut pas dire qu\u2019elle n\u2019agira pas en sous-main. Mi-octobre, elle a r\u00e9ussi \u00e0 repousser l\u2019adoption d\u2019un accord majeur sur la d\u00e9carbonation du transport maritime. \u00ab\u00a0<em>La strat\u00e9gie de gros durs qu\u2019ils ont employ\u00e9e \u00e0 Londres<\/em>\u00a0[si\u00e8ge de l\u2019Organisation maritime internationale]\u00a0<em>pourrait bien se reproduire \u00e0 Bel\u00e9m,\u00a0<\/em>craint Rebecca Thissen.\u00a0<em>Ils mettent sous pression les pays avec lesquels ils ont des accords bilat\u00e9raux en les poussant \u00e0 se rallier \u00e0 leurs int\u00e9r\u00eats.<\/em>\u00a0\u00bb<\/p>\n<p>Pour S\u00e9bastien Treyer, directeur du cercle de r\u00e9flexion Iddri, c\u2019est la transformation des \u00e9conomies qui, elle-m\u00eame, contribue \u00e0 tendre les relations entre Etats. \u00ab\u00a0<em>Le d\u00e9ploiement extr\u00eamement rapide des technologies chinoises \u00e9lectriques et les \u00e9nergies renouvelables sont en train de r\u00e9volutionner la plupart des relations commerciales entre les pays. C\u2019est \u00e7a qui cr\u00e9e beaucoup de tensions\u00a0<\/em>\u00bb, d\u00e9m\u00eale-t-il.\u00a0<em>D\u00e9sormais, les plans climatiques deviennent de vraies strat\u00e9gies \u00e9conomiques.\u00a0Le probl\u00e8me c\u2019est qu\u2019elles ne sont pas coordonn\u00e9es, elles sont en comp\u00e9tition.<\/em>\u00a0\u00bb\u00a0Il note un \u00ab\u00a0<em>besoin de signes d\u2019apaisement et de coop\u00e9ration demand\u00e9s tant par les Europ\u00e9ens que par les Chinois, en mati\u00e8re de climat comme de commerce et d\u2019investissement.\u00a0Un sc\u00e9nario de coop\u00e9ration demande de se coordonner sur les politiques industrielles plut\u00f4t que de les confronter. C\u2019est beaucoup mieux pour le climat.\u00a0<\/em>\u00bb<\/p>\n<p>La diplomatie br\u00e9silienne a hiss\u00e9 \u00ab\u00a0<em>le renforcement du multilat\u00e9ralisme<\/em>\u00a0\u00bb au top de ses priorit\u00e9s. Elle\u00a0compte encourager les solutions et coalitions qui existent hors des n\u00e9gociations : contre la d\u00e9forestation, pour quadrupler le d\u00e9veloppement des renouvelables, pour la r\u00e9duction des \u00e9missions de m\u00e9thane, pour promouvoir les opportunit\u00e9s de l\u2019\u00e9conomie bas-carbone, ou encore aussi les controvers\u00e9s biocarburants.<\/p>\n<h2>Le Br\u00e9sil ram\u00e8ne la COP \u00e0 la maison<\/h2>\n<p>Quel pays plus embl\u00e9matique que le Br\u00e9sil pouvait accueillir ce moment charni\u00e8re qui pr\u00e9tend \u00ab\u00a0<em>acc\u00e9l\u00e9rer\u00a0la mise en \u0153uvre\u00a0<\/em>\u00bb des actions promises, COP apr\u00e8s COP ?<\/p>\n<p>Le g\u00e9ant sud-am\u00e9ricain poss\u00e8de 60% de la for\u00eat amazonienne, qui a \u00e9t\u00e9 amput\u00e9e d\u2019une surface grande comme l\u2019Espagne en quarante ans pour cultiver et faire p\u00e2turer de mani\u00e8re extensive. Sa conservation sera au c\u0153ur de la \u00ab\u00a0COP des for\u00eats\u00a0\u00bb et du fonds de d\u00e9fense des for\u00eats tropicales (TFFF) que le pr\u00e9sident Lula officialisera ce jeudi et dont il compte faire l\u2019h\u00e9ritage concret de cette COP \u2013 en pr\u00e9vision, peut-\u00eatre, de progr\u00e8s tangibles dans l\u2019ar\u00e8ne des n\u00e9gociations.<\/p>\n<p>Ses for\u00eats primaires luxuriantes sont un havre de biodiversit\u00e9 et d\u2019\u00e9cosyst\u00e8mes uniques. Cet environnement est aussi l\u2019espace vital de 400 peuples autochtones. Une caravane fluviale, partie le 16 octobre d\u2019Equateur, ralliera Bel\u00e9m dimanche, apr\u00e8s un p\u00e9riple de 3000 km. La coalition \u00ab\u00a0La R\u00e9ponse, c\u2019est nous\u00a0\u00bb, compos\u00e9e des leaders des peuples autochtones des neuf pays du bassin amazonien, revendiquera, lors d\u2019un Sommet des peuples (12-16 novembre), une place officielle \u00e0 la table des n\u00e9gociations.<\/p>\n<p>\u00ab\u00a0<em>Avec plus de 3<\/em>\u00a0<em>000 repr\u00e9sentants, cela devrait \u00eatre la plus large participation autochtone de l\u2019histoire des COP\u00a0<\/em>\u00bb, explique Richard Klein, du Stockholm Environment Institute. \u00ab\u00a0<em>De nombreux chefs autochtones ont fait valoir que cette visibilit\u00e9 devait se traduire en un v\u00e9ritable pouvoir de d\u00e9cision et un acc\u00e8s direct au financement.\u00a0<\/em>\u00bb Des annonces sont attendues sur ces deux aspects ce jeudi de la part d\u2019une douzaine de pays, dont la Norv\u00e8ge, l\u2019Allemagne et le Royaume-Uni.<\/p>\n<p>Le Br\u00e9sil fut, en 1992, l\u2019h\u00f4te du\u00a0<strong><a href=\"https:\/\/www.rfi.fr\/fr\/connaissances\/20211102-du-sommet-de-la-terre-de-rio-%C3%A0-la-cop26-de-glasgow-retour-sur-29-ans-de-n%C3%A9gociations-climatiques\" target=\"_self\" rel=\"noopener noreferrer\">fondateur Sommet de la Terre de Rio<\/a><\/strong>, grand moment alternatif pour les mouvements alternatifs et sociaux et ann\u00e9e de naissance des COP. Trente-trois ans apr\u00e8s, alors que les in\u00e9galit\u00e9s \u00e9conomiques explosent, l\u2019enjeu fort de cette \u00ab\u00a0COP des peuples autochtones\u00a0\u00bb sera de s\u2019assurer que la \u00ab\u00a0<em>transition \u00e9nerg\u00e9tique\u00a0hors des combustibles fossiles\u00a0<\/em>\u00bb soit \u00ab\u00a0<em>juste\u00a0<\/em>\u00bb,\u00a0\u00ab\u00a0<em>ordonn\u00e9e\u00a0<\/em>\u00bb et \u00ab\u00a0<em>\u00e9quitable\u00a0<\/em>\u00bb, comme demand\u00e9 dans l\u2019accord trouv\u00e9 en\u00a02023 \u00e0 Duba\u00ef (Bilan mondial). Que, par exemple, l\u2019acc\u00e8s aux minerais critiques de la transition profite \u00e0 toutes les soci\u00e9t\u00e9s sans reproduire les sch\u00e9mas de spoliation de terres\u00a0ni aggraver les in\u00e9galit\u00e9s. Que l\u2019exploitation industrielle des terres indig\u00e8nes exclut tout projet extractiviste ou de plantation de monocultures. La COP30 aura pour t\u00e2che de dresser une feuille de route pour r\u00e9pondre \u00e0 ce d\u00e9fi. Ce sera aussi le cheval de bataille des ONG qui r\u00e9clameront l\u2019\u00e9tablissement d\u2019un m\u00e9canisme international pour inventorier et articuler les initiatives existantes. \u00ab\u00a0<em>Il y a une r\u00e9elle opportunit\u00e9 de passer de dix ans de discussion sur la transition juste \u00e0 une mise en \u0153uvre concr\u00e8te\u00a0<\/em>\u00bb, explique Ga\u00efa Febvre, responsable des politiques internationales au R\u00e9seau action climat France.\u00a0<em>Aujourd\u2019hui, la transition juste est extr\u00eamement fragment\u00e9e et la partie \u00ab\u00a0juste\u00a0\u00bb de la transition dispara\u00eet<\/em>\u00a0\u00bb. Malgr\u00e9 un acc\u00e8s au logement \u00e0 Bel\u00e9m d\u2019une iniquit\u00e9 pouss\u00e9e \u00e0 l\u2019absurde, la soci\u00e9t\u00e9 civile a donn\u00e9 rendez-vous le 15 novembre dans les rues de la capitale du Para.<\/p>\n<p>Le Br\u00e9sil est \u00e9galement un monstre sur le plan agricole, aux d\u00e9pens de sa for\u00eat, et le huiti\u00e8me pays producteur d\u2019or noir. Il est une puissance \u00e9mergente qui incarne, tel l\u2019\u00e2ne de Buridan, le tiraillement entre la lutte contre le changement climatique et le d\u00e9sir d\u2019exploiter ses lucratives mais d\u00e9l\u00e9t\u00e8res ressources fossiles pour financer le d\u00e9veloppement \u00e9conomique. Sauf que Lula da Silva n\u2019est pas cet animal all\u00e9gorique qui se laisse mourir faute de choisir\u00a0entre le seau d\u2019eau et le seau d\u2019avoine. L\u2019ancien syndicaliste, pass\u00e9 par la case pr\u00e9sidentielle \u00e0 trois reprises et celle de la prison, a choisi d\u2019autoriser, \u00e0 deux semaines de la COP, l\u2019exploration p\u00e9troli\u00e8re\u00a0au large de l\u2019embouchure de l\u2019Amazone. La bronca est mondiale depuis, et les responsables br\u00e9siliens, eux-m\u00eame divis\u00e9s, sont pouss\u00e9s \u00e0 justifier cet affront au climat. \u00ab\u00a0<em>C\u2019est une contradiction,<\/em>\u00a0reconna\u00eet Tulio Andrade, le directeur strat\u00e9gique de la COP.\u00a0<em>Mais il y a diff\u00e9rentes fa\u00e7ons de transitionner. Avant de changer de maison, il faut en construire une nouvelle. Il faut construire une nouvelle \u00e9conomie.\u00a0<\/em>\u00bb<\/p>\n<h2>Le n\u0153ud gordien du financement<\/h2>\n<p>D\u2019autres pays d\u00e9tenteurs de ces ressources sont tent\u00e9s les extraire pour s\u2019enrichir. Car pendant ce temps, le n\u0153ud gordien du financement vers les pays du Sud n\u2019est toujours pas d\u00e9fait.<\/p>\n<p>A l\u2019issue de la COP29, les \u00c9tats se sont accord\u00e9s sur un nouvel objectif de 300 milliards de dollars\u00a0pour la transition et l\u2019adaptation au changement climatique. Une somme que les pays industrialis\u00e9s, historiquement responsables de la concentration de CO2 dans l\u2019air, devront verser chaque ann\u00e9e d\u2019ici \u00e0 2035 aux pays du Sud. \u00ab<em>\u00a0Cet accord a laiss\u00e9 un go\u00fbt amer aux pays en d\u00e9veloppement\u00a0<\/em>\u00bb, expose Lorelei Limousin, charg\u00e9e du dossier finance \u00e0 Greenpeace, tant il est d\u00e9corr\u00e9l\u00e9 des n\u00e9cessit\u00e9s.<\/p>\n<p>Ces pays ont donc demand\u00e9, lors de la COP29, \u00e0 recevoir 1000 milliards de dollars de plus par an. La \u00ab\u00a0feuille de route de Bakou \u00e0 Bel\u00e9m\u00a0\u00bb, publi\u00e9e hier, devait fixer les moyens d\u2019y parvenir. Meilleure coordination financi\u00e8re, all\u00e8gements de dettes, r\u00f4le du priv\u00e9 et des banques de d\u00e9veloppement mais aussi des taxes : \u00ab\u00a0<em>les outils sont pr\u00eats<\/em>\u00a0\u00bb, assurent les pr\u00e9sidents des COP29 et 30, l\u2019Azerba\u00efdjanais Moukhtar Baba\u00efev et le Br\u00e9silien Andr\u00e9 Correa do Lago.<\/p>\n<p>Les solutions n\u2019ont rien de novateur, d\u00e9plorent de leur c\u00f4t\u00e9 les ONG. \u00ab\u00a0<em>On se demande ce que les Etats vont pouvoir faire avec cette feuille de route.\u00a0Les deux seuls points concrets sont une s\u00e9rie de dialogues l\u2019ann\u00e9e prochaine pour discuter de sa mise en \u0153uvre et un groupe d\u2019experts ind\u00e9pendants\u00a0<\/em>\u00bb, d\u00e9crypte Rebecca Thissen, sp\u00e9cialiste finance au Climate Action Network. D\u00e9\u00e7ue \u00e9galement, Greenpeace rel\u00e8ve toutefois \u00ab\u00a0<em>un signal positif\u00a0<\/em>\u00bb sur \u00ab\u00a0<em>la taxation des entreprises de combustibles fossiles (qui) appara\u00eet clairement comme la solution pour surmonter les contraintes budg\u00e9taires nationales\u00a0<\/em>\u00bb, salue Rebecca Newsom. Un imp\u00f4t sur les plus grandes fortunes pourrait rapporter entre 200 et 1364 milliards de dollars selon les taux appliqu\u00e9s, indique le rapport. Sur l\u2019aviation ou le transport maritime, cela rapporterait quant \u00e0 elle de 4 \u00e0 223 milliards de dollars, et une taxe sur les transactions financi\u00e8res entre 105 et 327 milliards de dollars.<\/p>\n<p>Ce sujet atomique du financement irradie tous les autres. Il sera sous-jacent \u00e0 l\u2019\u00e9valuation des progr\u00e8s nationaux pour l\u2019adaptation (Objectif mondial d\u2019adaptation) \u00e0 travers 100 indicateurs concrets qui doivent \u00eatre discut\u00e9s voire adopt\u00e9s. De plus, l\u2019engagement pris \u00e0 Glasgow, lors de la COP27, de doubler le financement public international \u00e0 40 milliards annuels pour l\u2019adaptation avant 2025\u00a0arrive \u00e0 expiration. Dans son\u00a0<strong><a href=\"https:\/\/www.rfi.fr\/fr\/environnement\/20251029-adaptation-aux-effets-du-climat-les-besoins-pour-les-pays-en-d%C3%A9veloppement-largement-sous-financ%C3%A9s-selon-l-onu\" target=\"_self\" rel=\"noopener noreferrer\">rapport annuel sur l\u2019adaptation<\/a><\/strong>, l\u2019ONU estime qu\u2019il manque entre 310 et 365 milliards par an \u00e0 destination du Sud.<\/p>\n<p>A cette COP, \u00ab<em>\u00a0il ne faut pas s\u2019attendre \u00e0 des accords sur des gros sujets clinquants<\/em>\u00a0\u00bb,\u00a0selon Marta Torres-Gunfaus, chercheuse sur le climat \u00e0 l\u2019Iddri. Au Stockholm Environment Institute, Richard Klein abonde\u00a0: \u00ab\u00a0<em>Le sentiment d\u2019urgence grandit chaque ann\u00e9e, mais il est peu probable que cette urgence se refl\u00e8te dans les r\u00e9sultats de la COP30.<\/em>\u00a0\u00bb<\/p>\n<p>Plusieurs experts,\u00a0<strong><a href=\"https:\/\/www.la-croix.com\/planete\/climat-la-cop30-a-belem-un-moment-de-verite-20251025\" target=\"_blank\" rel=\"noopener noreferrer\">comme la climatologue Val\u00e9rie Masson-Delmotte<\/a><\/strong>, esp\u00e8rent voir l\u2019avis historique de la Cour internationale de Justice (CIJ), \u00e9mis en juillet, cit\u00e9 dans le document final. La haute cour stipule que l\u2019action climatique est d\u00e9sormais une obligation juridique pour les Etats. \u00ab\u00a0<em>A un moment o\u00f9 de nombreux pays renoncent \u00e0 leurs engagements<\/em>\u00a0\u00bb, conclut Richard Klein, \u00ab\u00a0<em>une telle r\u00e9f\u00e9rence soulignerait que l\u2019inaction face au changement climatique peut avoir des cons\u00e9quences<\/em>\u00a0\u00bb.<\/p>\n<p>&nbsp;<\/p>\n<p><strong>Avec AFP<\/strong><\/p>\n<\/div>\n","protected":false},"excerpt":{"rendered":"<p>La 30e Conf\u00e9rence des Nations unies sur le climat s\u2019ouvrira officiellement lundi 10, \u00e0 Bel\u00e9m, aux portes de l\u2019Amazonie br\u00e9silienne. 143 d\u00e9l\u00e9gations sont accr\u00e9dit\u00e9es, sur 197 \u00c9tats membres de l\u2019ONU climat. Pr\u00e9lude \u00e0 cette COP30, ce jeudi et vendredi, les chefs d\u2019\u00c9tat sont attendus pour envoyer des messages forts alors que les \u00e9missions mondiales de [&hellip;]<\/p>\n","protected":false},"author":2,"featured_media":37231,"comment_status":"closed","ping_status":"closed","sticky":false,"template":"","format":"standard","meta":{"footnotes":""},"categories":[60],"tags":[],"class_list":{"0":"post-37230","1":"post","2":"type-post","3":"status-publish","4":"format-standard","5":"has-post-thumbnail","7":"category-environnement"},"_links":{"self":[{"href":"https:\/\/conakrynews.org\/index.php\/wp-json\/wp\/v2\/posts\/37230","targetHints":{"allow":["GET"]}}],"collection":[{"href":"https:\/\/conakrynews.org\/index.php\/wp-json\/wp\/v2\/posts"}],"about":[{"href":"https:\/\/conakrynews.org\/index.php\/wp-json\/wp\/v2\/types\/post"}],"author":[{"embeddable":true,"href":"https:\/\/conakrynews.org\/index.php\/wp-json\/wp\/v2\/users\/2"}],"replies":[{"embeddable":true,"href":"https:\/\/conakrynews.org\/index.php\/wp-json\/wp\/v2\/comments?post=37230"}],"version-history":[{"count":0,"href":"https:\/\/conakrynews.org\/index.php\/wp-json\/wp\/v2\/posts\/37230\/revisions"}],"wp:featuredmedia":[{"embeddable":true,"href":"https:\/\/conakrynews.org\/index.php\/wp-json\/wp\/v2\/media\/37231"}],"wp:attachment":[{"href":"https:\/\/conakrynews.org\/index.php\/wp-json\/wp\/v2\/media?parent=37230"}],"wp:term":[{"taxonomy":"category","embeddable":true,"href":"https:\/\/conakrynews.org\/index.php\/wp-json\/wp\/v2\/categories?post=37230"},{"taxonomy":"post_tag","embeddable":true,"href":"https:\/\/conakrynews.org\/index.php\/wp-json\/wp\/v2\/tags?post=37230"}],"curies":[{"name":"wp","href":"https:\/\/api.w.org\/{rel}","templated":true}]}}