{"id":37287,"date":"2025-11-08T23:34:07","date_gmt":"2025-11-08T23:34:07","guid":{"rendered":"https:\/\/conakrynews.org\/?p=37287"},"modified":"2025-11-08T23:49:56","modified_gmt":"2025-11-08T23:49:56","slug":"mohamed-diawara-passe-le-flambeau-a-alhassane-taran-diallo","status":"publish","type":"post","link":"https:\/\/conakrynews.org\/index.php\/mohamed-diawara-passe-le-flambeau-a-alhassane-taran-diallo\/","title":{"rendered":"Mohamed Diawara passe le flambeau \u00e0 Alhassane Taran Diallo"},"content":{"rendered":"<nav class=\"bf-breadcrumb clearfix bc-top-style\" role=\"navigation\" aria-label=\"Breadcrumbs\">\n<div class=\"container bf-breadcrumb-container\">\n<p>&nbsp;<\/p>\n<\/div>\n<\/nav>\n<div class=\"content-wrap\">\n<p>&nbsp;<\/p>\n<div class=\"container layout-2-col layout-2-col-1 layout-right-sidebar layout-bc-before post-template-1\">\n<div class=\"row main-section\">\n<div class=\"col-sm-8 content-column\">\n<div class=\"single-container\">\n<article id=\"post-300387\" class=\"post-300387 post type-post status-publish format-standard has-post-thumbnail category-a-la-une single-post-content has-thumbnail\">\n<div class=\"post-header post-tp-1-header\">\n<h1 class=\"single-post-title\"><\/h1>\n<div class=\"post-meta-wrap clearfix\">\n<div class=\"term-badges \"><\/div>\n<div class=\"post-meta single-post-meta\"><\/div>\n<\/div>\n<div class=\"fcarplq fcarplq-between-thumbnail-title fcarplq-pubadban fcarplq-show-desktop fcarplq-show-tablet-portrait fcarplq-show-tablet-landscape fcarplq-show-phone fcarplq-loc-post_between_featured_title fcarplq-align-center fcarplq-column-1 fcarplq-clearfix no-bg-box-model\">\n<div id=\"fcarplq-293154-1039556148\" class=\"fcarplq-container fcarplq-type-image \" data-adid=\"293154\" data-type=\"image\"><\/div>\n<\/div>\n<div class=\"single-featured\"><\/div>\n<\/div>\n<div class=\"post-share single-post-share top-share clearfix style-1\">\n<div class=\"post-share-btn-group\"><a class=\"post-share-btn post-share-btn-comments comments\" title=\"Laisser un commentaire sur: &quot;Tribunal du Travail : Mohamed Diawara passe le flambeau \u00e0 Alhassane Taran Diallo&quot;\" href=\"https:\/\/mediaguinee.com\/2025\/11\/tribunal-du-travail-mohamed-diawara-passe-le-flambeau-a-alhassane-taran-diallo\/#respond\"><i class=\"bf-icon fa fa-comments\" aria-hidden=\"true\"><\/i>\u00a0<\/a>La c\u00e9r\u00e9monie de passation de service du Tribunal du Travail de Conakry, tenue ce vendredi 7 novembre 2025, a rassembl\u00e9 l\u2019ensemble de la famille judiciaire, ainsi que plusieurs personnalit\u00e9s invit\u00e9es. Ce fut \u00e0 la fois un moment de convivialit\u00e9 et l\u2019occasion pour le pr\u00e9sident sortant de pr\u00e9senter son bilan.<\/div>\n<\/div>\n<div class=\"entry-content clearfix single-post-content\">\n<div class=\"fcarplq fcarplq-post-inline fcarplq-float-center fcarplq-align-center fcarplq-column-1 fcarplq-hide-on-tablet-portrait fcarplq-hide-on-tablet-landscape fcarplq-hide-on-desktop fcarplq-clearfix no-bg-box-model\">\n<div id=\"fcarplq-231298-1661955586\" class=\"fcarplq-container fcarplq-type-custom_code fcarplq-hide-on-desktop fcarplq-hide-on-tablet-portrait fcarplq-hide-on-tablet-landscape\" data-adid=\"231298\" data-type=\"custom_code\">\n<p>&nbsp;<\/p>\n<p>Appel\u00e9 \u00e0 d\u2019autres fonctions, Mohamed Diawara quitte cette juridiction sp\u00e9ciale \u00ab avec une profonde \u00e9motion et un sentiment de devoir accompli \u00bb, a-t-il entam\u00e9 dans son discours. Il a exprim\u00e9 sa gratitude au Chef de l\u2019\u00c9tat, pr\u00e9sident du Conseil sup\u00e9rieur de la magistrature, et \u00e0 son ministre de la Justice pour la confiance plac\u00e9e en lui durant ses ann\u00e9es de service, avant de revenir sur ses r\u00e9alisations.<\/p>\n<\/div>\n<\/div>\n<p>\u00ab Je suis particuli\u00e8rement fier d\u2019annoncer qu\u2019au cours de notre mandat, le Tribunal du Travail de Conakry a rendu plus de 130 d\u00e9cisions, malgr\u00e9 les probl\u00e8mes techniques et le manque d\u2019assesseurs. Nous avons d\u2019abord consolid\u00e9 l\u2019institution avant de traiter les dossiers. Cela traduit la vitalit\u00e9 de notre activit\u00e9 juridictionnelle et notre engagement pour une justice sociale effective \u00bb, a d\u00e9clar\u00e9 Mohamed Diawara.<\/p>\n<p>En mati\u00e8re de gestion administrative et financi\u00e8re, il a pr\u00e9cis\u00e9 que les montants restants en caisse s\u2019\u00e9levaient \u00e0 28\u202f185\u202f000 francs, t\u00e9moignant selon lui de la transparence et de la bonne gouvernance financi\u00e8re au sein de l\u2019institution.<\/p>\n<div class=\"google-auto-placed\">\n<p>&nbsp;<\/p>\n<p>Si des avanc\u00e9es ont \u00e9t\u00e9 not\u00e9es, des d\u00e9fis restent encore \u00e0 relever. Mohamed Diawara a soulign\u00e9 la n\u00e9cessit\u00e9 pour les autorit\u00e9s de pr\u00eater une attention particuli\u00e8re au Tribunal du Travail, souvent n\u00e9glig\u00e9 : \u00ab On croit que ce tribunal est secondaire, mais il joue un r\u00f4le majeur dans la protection des droits des travailleurs. Un geste d\u2019ex\u00e9cution peut concerner des centaines de personnes. C\u2019est un tribunal qui peut beaucoup apporter \u00e0 notre pays s\u2019il est accompagn\u00e9 \u00bb, a-t-il martel\u00e9.<\/p>\n<\/div>\n<p>Depuis 2018, le pr\u00e9sident entrant Alhassane Taran Diallo est familiaris\u00e9 avec le fonctionnement du Tribunal du Travail. Il n\u2019a pas manqu\u00e9 de saluer les r\u00e9alisations de ses pr\u00e9d\u00e9cesseurs : \u00ab Le tribunal a connu une v\u00e9ritable refondation \u00e0 partir de 2022 gr\u00e2ce \u00e0 l\u2019am\u00e9lioration de l\u2019acc\u00e8s, au renforcement de l\u2019efficacit\u00e9 et \u00e0 la cr\u00e9dibilit\u00e9 de ses d\u00e9cisions. Je remercie sinc\u00e8rement mes pr\u00e9d\u00e9cesseurs, Elhadj Mamoudou Camara et Mohamed Diawara, pour ces r\u00e9formes courageuses. \u00bb<\/p>\n<p>Le nouveau pr\u00e9sident a \u00e9galement expos\u00e9 les d\u00e9fis \u00e0 relever : manque de locaux ad\u00e9quats, besoin de formation continue pour les assesseurs et praticiens du droit social, ainsi que la n\u00e9cessit\u00e9 de r\u00e9viser et d\u2019adapter la l\u00e9gislation du travail \u00e0 l\u2019\u00e9volution du monde \u00e9conomique.<\/p>\n<p>L\u2019installation d\u2019Alhassane Taran Diallo cl\u00f4t ainsi la s\u00e9rie d\u2019installations group\u00e9es des pr\u00e9sidents de la Cour des Comptes, de la Cour d\u2019Appel de Conakry, des tribunaux de premi\u00e8re instance de Kaloum et Dixinn, ainsi que du procureur du TPI de Dixinn.<\/p>\n<p><strong>Saidou L\u00e9b\u00e9r\u00e9 pour mediaguinee<\/strong><\/p>\n<\/div>\n<\/article>\n<\/div>\n<\/div>\n<\/div>\n<\/div>\n<p>&nbsp;<\/p>\n<\/div>\n","protected":false},"excerpt":{"rendered":"<p>&nbsp; &nbsp; \u00a0La c\u00e9r\u00e9monie de passation de service du Tribunal du Travail de Conakry, tenue ce vendredi 7 novembre 2025, a rassembl\u00e9 l\u2019ensemble de la famille judiciaire, ainsi que plusieurs personnalit\u00e9s invit\u00e9es. Ce fut \u00e0 la fois un moment de convivialit\u00e9 et l\u2019occasion pour le pr\u00e9sident sortant de pr\u00e9senter son bilan. &nbsp; Appel\u00e9 \u00e0 d\u2019autres [&hellip;]<\/p>\n","protected":false},"author":2,"featured_media":37290,"comment_status":"closed","ping_status":"closed","sticky":false,"template":"","format":"standard","meta":{"footnotes":""},"categories":[58],"tags":[],"class_list":{"0":"post-37287","1":"post","2":"type-post","3":"status-publish","4":"format-standard","5":"has-post-thumbnail","7":"category-societe"},"_links":{"self":[{"href":"https:\/\/conakrynews.org\/index.php\/wp-json\/wp\/v2\/posts\/37287","targetHints":{"allow":["GET"]}}],"collection":[{"href":"https:\/\/conakrynews.org\/index.php\/wp-json\/wp\/v2\/posts"}],"about":[{"href":"https:\/\/conakrynews.org\/index.php\/wp-json\/wp\/v2\/types\/post"}],"author":[{"embeddable":true,"href":"https:\/\/conakrynews.org\/index.php\/wp-json\/wp\/v2\/users\/2"}],"replies":[{"embeddable":true,"href":"https:\/\/conakrynews.org\/index.php\/wp-json\/wp\/v2\/comments?post=37287"}],"version-history":[{"count":0,"href":"https:\/\/conakrynews.org\/index.php\/wp-json\/wp\/v2\/posts\/37287\/revisions"}],"wp:featuredmedia":[{"embeddable":true,"href":"https:\/\/conakrynews.org\/index.php\/wp-json\/wp\/v2\/media\/37290"}],"wp:attachment":[{"href":"https:\/\/conakrynews.org\/index.php\/wp-json\/wp\/v2\/media?parent=37287"}],"wp:term":[{"taxonomy":"category","embeddable":true,"href":"https:\/\/conakrynews.org\/index.php\/wp-json\/wp\/v2\/categories?post=37287"},{"taxonomy":"post_tag","embeddable":true,"href":"https:\/\/conakrynews.org\/index.php\/wp-json\/wp\/v2\/tags?post=37287"}],"curies":[{"name":"wp","href":"https:\/\/api.w.org\/{rel}","templated":true}]}}