{"id":37300,"date":"2025-11-10T14:43:17","date_gmt":"2025-11-10T14:43:17","guid":{"rendered":"https:\/\/conakrynews.org\/?p=37300"},"modified":"2025-11-10T14:43:17","modified_gmt":"2025-11-10T14:43:17","slug":"dakar-sonko-entre-ferveur-populaire-et-defis-de-gouvernance","status":"publish","type":"post","link":"https:\/\/conakrynews.org\/index.php\/dakar-sonko-entre-ferveur-populaire-et-defis-de-gouvernance\/","title":{"rendered":"Dakar : Sonko, entre ferveur populaire et d\u00e9fis de gouvernance"},"content":{"rendered":"<div class=\"td-pb-row\">\n<div class=\"td-pb-span12\">\n<div class=\"td-post-header\">\n<header class=\"td-post-title\">\n<h1 class=\"entry-title\"><span style=\"color: #222222;font-family: Verdana, Geneva, sans-serif;font-size: 15px\">Une d\u00e9monstration de force qui d\u00e9passe le symbole. Le meeting du 8 novembre 2025 \u00e0 Dakar, organis\u00e9 par Ousmane Sonko et le PASTEF, n\u2019\u00e9tait pas seulement une mobilisation de militants. Il s\u2019est impos\u00e9 comme un acte politique majeur, r\u00e9v\u00e9lant la strat\u00e9gie d\u2019un Premier ministre qui entend gouverner en s\u2019appuyant sur la rue autant que sur les institutions.<\/span><\/h1>\n<\/header>\n<\/div>\n<\/div>\n<\/div>\n<div class=\"td-pb-row\">\n<div class=\"td-pb-span8 td-main-content\" role=\"main\">\n<div class=\"td-ss-main-content\">\n<div class=\"td-post-content\">\n<div class=\"rb-s-container edge-padding\">\n<div class=\"grid-container\">\n<div class=\"s-ct\">\n<div class=\"s-ct-wrap has-lsl\">\n<div class=\"s-ct-inner\">\n<div class=\"e-ct-outer\">\n<div class=\"entry-content rbct clearfix\">\n<p>La ferveur populaire, impressionnante par son ampleur, confirme que Sonko conserve une base solide, notamment aupr\u00e8s de la jeunesse. Mais cette d\u00e9monstration soul\u00e8ve aussi des interrogations : peut-on gouverner durablement en transformant chaque rassemblement en \u00e9preuve de force ?<\/p>\n<p><strong>Les points forts du discours : un r\u00e9cit de rupture<\/strong><\/p>\n<p>Sonko a insist\u00e9 sur la souverainet\u00e9 nationale, la justice sociale et la mobilisation citoyenne. Ces th\u00e8mes, port\u00e9s depuis ses d\u00e9buts, r\u00e9sonnent fortement dans un pays marqu\u00e9 par les in\u00e9galit\u00e9s et les frustrations \u00e9conomiques. Le Premier ministre a su transformer ces revendications en un r\u00e9cit politique coh\u00e9rent, qui oppose un \u201cnouveau S\u00e9n\u00e9gal\u201d \u00e0 l\u2019ancien syst\u00e8me.<\/p>\n<p>Ce discours, offensif et galvanisant, a renforc\u00e9 l\u2019image d\u2019un leader qui ne transige pas sur ses principes. Mais il place aussi la barre tr\u00e8s haut : les attentes suscit\u00e9es sont immenses, et la moindre d\u00e9ception pourrait fragiliser la confiance populaire.<\/p>\n<figure class=\"wp-block-gallery has-nested-images columns-default is-cropped wp-block-gallery-1 is-layout-flex wp-block-gallery-is-layout-flex\">\n<figure class=\"wp-block-image size-large\"><img loading=\"lazy\" decoding=\"async\" class=\"wp-image-4759 td-animation-stack-type0-2\" src=\"https:\/\/i0.wp.com\/koumamedia.com\/wp-content\/uploads\/2025\/11\/1000609158.jpg?resize=696%2C344&amp;ssl=1\" alt=\"\" width=\"696\" height=\"344\" data-recalc-dims=\"1\" data-id=\"4759\" \/><figcaption class=\"wp-element-caption\">Meeting Sonko, CP pASTEF<\/figcaption><\/figure>\n<\/figure>\n<p><strong>Les cons\u00e9quences politiques avec un rapport de force redessin\u00e9\u00a0<\/strong><\/p>\n<p>Pour le PASTEF : Le parti sort renforc\u00e9, consolidant son statut de force dominante. Avec cette mobilisation confirme sa capacit\u00e9 \u00e0 occuper l\u2019espace public et \u00e0 imposer son agenda se confirme.<\/p>\n<p>Mais pour l\u2019opposition, les partis concurrents apparaissent marginalis\u00e9s. Faute de mobilisation \u00e9quivalente, ils risquent de perdre en visibilit\u00e9 et en cr\u00e9dibilit\u00e9 dans l\u2019opinion. Pour les institutions : Le meeting illustre une gouvernance qui s\u2019appuie sur la l\u00e9gitimit\u00e9 populaire. Cela peut renforcer l\u2019ex\u00e9cutif, mais aussi fragiliser l\u2019\u00e9quilibre institutionnel si la rue devient le principal levier de pouvoir.<\/p>\n<p><strong>Les cons\u00e9quences sociales : entre espoir et tension<\/strong><\/p>\n<p>La jeunesse, moteur du rassemblement, place de grandes attentes sur Sonko. Enthousiasme et optimisme dominent, mais la pression est forte pour que les promesses se traduisent en r\u00e9sultats concrets.<\/p>\n<p>Le risque est double pour le leader du PASTEF, car si les r\u00e9formes tardent, la ferveur pourrait se transformer en frustration.<\/p>\n<p><strong>Une gouvernance sous tension<\/strong><\/p>\n<p>Ce meeting r\u00e9v\u00e8le une gouvernance fond\u00e9e sur la mobilisation populaire. Sonko veut montrer qu\u2019il est port\u00e9 par le peuple, mais cette strat\u00e9gie comporte des risques :\u00a0 Elle peut renforcer sa l\u00e9gitimit\u00e9 \u00e0 court terme, mais peut aussi fragiliser la stabilit\u00e9 institutionnelle si elle se transforme en confrontation permanente avec l\u2019opposition et les corps interm\u00e9diaires.<\/p>\n<p>Mais cette strat\u00e9gie, si elle n\u2019est pas accompagn\u00e9e de r\u00e9formes concr\u00e8tes et rapides, pourrait se retourner contre son initiateur. Le d\u00e9fi de Sonko est d\u00e9sormais clair : transformer la ferveur en r\u00e9sultats tangibles, pour \u00e9viter que l\u2019enthousiasme populaire ne se mue en d\u00e9sillusion.\u00a0 C\u2019est dans le virage de la transformation \u00e9conomique qu\u2019il est attendu, car le panier de la m\u00e9nag\u00e8re s\u00e9n\u00e9galaise ne peut pas demeurer l\u00e9g\u00e9 simplement parce qu\u2019elle a une sympathie pour SONKO. Par ce meeting, le leader du PASTEF met un coup de pression \u00e0 son gouvernement.<\/p>\n<\/div>\n<\/div>\n<p><strong>Source: Koumamedia.com<\/strong><\/p>\n<\/div>\n<\/div>\n<\/div>\n<\/div>\n<\/div>\n<div id=\"jp-relatedposts\" class=\"jp-relatedposts\">\n<h3 class=\"jp-relatedposts-headline\"><\/h3>\n<div class=\"jp-relatedposts-items jp-relatedposts-items-minimal jp-relatedposts-grid \">\n<p class=\"jp-relatedposts-post jp-relatedposts-post0\" data-post-id=\"4611\" data-post-format=\"false\">\n<\/div>\n<\/div>\n<\/div>\n<\/div>\n<\/div>\n<\/div>\n","protected":false},"excerpt":{"rendered":"<p>Une d\u00e9monstration de force qui d\u00e9passe le symbole. Le meeting du 8 novembre 2025 \u00e0 Dakar, organis\u00e9 par Ousmane Sonko et le PASTEF, n\u2019\u00e9tait pas seulement une mobilisation de militants. Il s\u2019est impos\u00e9 comme un acte politique majeur, r\u00e9v\u00e9lant la strat\u00e9gie d\u2019un Premier ministre qui entend gouverner en s\u2019appuyant sur la rue autant que sur [&hellip;]<\/p>\n","protected":false},"author":2,"featured_media":37301,"comment_status":"closed","ping_status":"closed","sticky":false,"template":"","format":"standard","meta":{"footnotes":""},"categories":[57],"tags":[],"class_list":{"0":"post-37300","1":"post","2":"type-post","3":"status-publish","4":"format-standard","5":"has-post-thumbnail","7":"category-politique"},"_links":{"self":[{"href":"https:\/\/conakrynews.org\/index.php\/wp-json\/wp\/v2\/posts\/37300","targetHints":{"allow":["GET"]}}],"collection":[{"href":"https:\/\/conakrynews.org\/index.php\/wp-json\/wp\/v2\/posts"}],"about":[{"href":"https:\/\/conakrynews.org\/index.php\/wp-json\/wp\/v2\/types\/post"}],"author":[{"embeddable":true,"href":"https:\/\/conakrynews.org\/index.php\/wp-json\/wp\/v2\/users\/2"}],"replies":[{"embeddable":true,"href":"https:\/\/conakrynews.org\/index.php\/wp-json\/wp\/v2\/comments?post=37300"}],"version-history":[{"count":0,"href":"https:\/\/conakrynews.org\/index.php\/wp-json\/wp\/v2\/posts\/37300\/revisions"}],"wp:featuredmedia":[{"embeddable":true,"href":"https:\/\/conakrynews.org\/index.php\/wp-json\/wp\/v2\/media\/37301"}],"wp:attachment":[{"href":"https:\/\/conakrynews.org\/index.php\/wp-json\/wp\/v2\/media?parent=37300"}],"wp:term":[{"taxonomy":"category","embeddable":true,"href":"https:\/\/conakrynews.org\/index.php\/wp-json\/wp\/v2\/categories?post=37300"},{"taxonomy":"post_tag","embeddable":true,"href":"https:\/\/conakrynews.org\/index.php\/wp-json\/wp\/v2\/tags?post=37300"}],"curies":[{"name":"wp","href":"https:\/\/api.w.org\/{rel}","templated":true}]}}