{"id":37338,"date":"2025-11-11T22:17:22","date_gmt":"2025-11-11T22:17:22","guid":{"rendered":"https:\/\/conakrynews.org\/?p=37338"},"modified":"2025-11-11T22:17:22","modified_gmt":"2025-11-11T22:17:22","slug":"projet-simandou-il-faut-faire-simandou-pour-ne-pas-que-nos-enfants-viennent-nous-insulter-demain","status":"publish","type":"post","link":"https:\/\/conakrynews.org\/index.php\/projet-simandou-il-faut-faire-simandou-pour-ne-pas-que-nos-enfants-viennent-nous-insulter-demain\/","title":{"rendered":"Projet Simandou \u2013 \u201cIl faut faire Simandou pour ne pas que nos enfants viennent nous insulter demain !\u201d"},"content":{"rendered":"<div class=\"td-pb-row\">\n<div class=\"td-pb-span12\">\n<div class=\"td-post-header\">\n<header class=\"td-post-title\">\n<h1 class=\"entry-title\"><span style=\"color: #222222;font-family: Verdana, Geneva, sans-serif;font-size: 15px\">C\u2019est en ces termes forts que le Pr\u00e9sident de la R\u00e9publique, le G\u00e9n\u00e9ral Mamadi Doumbouya, aurait exhort\u00e9 ses collaborateurs \u00e0 mener \u00e0 bien le m\u00e9gaprojet minier de <\/span><strong style=\"color: #222222;font-family: Verdana, Geneva, sans-serif;font-size: 15px\">Simandou<\/strong><span style=\"color: #222222;font-family: Verdana, Geneva, sans-serif;font-size: 15px\">, symbole du renouveau \u00e9conomique guin\u00e9en. La confidence a \u00e9t\u00e9 partag\u00e9e ce mardi 11 novembre 2025 par\u00a0<\/span><strong style=\"color: #222222;font-family: Verdana, Geneva, sans-serif;font-size: 15px\">Djiba Diakit\u00e9<\/strong><span style=\"color: #222222;font-family: Verdana, Geneva, sans-serif;font-size: 15px\">, ministre Directeur de Cabinet de la Pr\u00e9sidence et Pr\u00e9sident du\u00a0<\/span><strong style=\"color: #222222;font-family: Verdana, Geneva, sans-serif;font-size: 15px\">Comit\u00e9 Strat\u00e9gique de Simandou<\/strong><span style=\"color: #222222;font-family: Verdana, Geneva, sans-serif;font-size: 15px\">, lors de la c\u00e9r\u00e9monie officielle de lancement des activit\u00e9s d\u2019exploitation du gisement \u00e0 For\u00e9cariah.<\/span><\/h1>\n<\/header>\n<\/div>\n<\/div>\n<\/div>\n<div class=\"td-pb-row\">\n<div class=\"td-pb-span8 td-main-content\" role=\"main\">\n<div class=\"td-ss-main-content\">\n<div class=\"td-post-content tagdiv-type\">\n<p><img loading=\"lazy\" decoding=\"async\" class=\"alignnone size-full wp-image-5958 td-animation-stack-type0-2\" src=\"https:\/\/ledenonciateur224.com\/wp-content\/uploads\/2025\/11\/djiba-simandou.jpeg\" alt=\"\" width=\"618\" height=\"375\" \/><\/p>\n<p>Revenant sur les origines du projet, Djiba Diakit\u00e9 a r\u00e9v\u00e9l\u00e9 une directive claire et sans ambigu\u00eft\u00e9 donn\u00e9e par le Chef de l\u2019\u00c9tat au moment de la relance de ce chantier historique.<\/p>\n<p><em>\u00ab Permettez-moi de partager une confidence intimement partag\u00e9e avec moi, \u00e0 la gen\u00e8se du projet Simandou. Vous nous avez donn\u00e9 comme directive en nous disant ceci : Djiba, il faut faire Simandou pour ne pas que nos enfants viennent nous insulter demain. En pr\u00e9servant les int\u00e9r\u00eats vitaux des Guin\u00e9ens, en respectant l\u2019environnement et les standards internationaux concernant l\u2019ensemble des infrastructures. Si vous ne pouvez pas me garantir cela, venez me voir, j\u2019arr\u00eate. Je ne suis pas press\u00e9, un autre pr\u00e9sident viendra le faire. \u00bb<\/em><\/p>\n<p><img loading=\"lazy\" decoding=\"async\" class=\"alignnone size-full wp-image-5959 td-animation-stack-type0-2\" src=\"https:\/\/ledenonciateur224.com\/wp-content\/uploads\/2025\/11\/fb-img-1762889794133.jpg\" alt=\"\" width=\"1536\" height=\"2048\" \/><\/p>\n<p>Selon le ministre, cette orientation pr\u00e9sidentielle a constitu\u00e9\u00a0<strong>la boussole de toutes les d\u00e9cisions strat\u00e9giques<\/strong>\u00a0prises dans le cadre des n\u00e9gociations et de la mise en \u0153uvre du projet Simandou. Elle incarne la volont\u00e9 du Chef de l\u2019\u00c9tat de concilier\u00a0<strong>d\u00e9veloppement \u00e9conomique, souverainet\u00e9 nationale et respect de l\u2019environnement<\/strong>.<\/p>\n<p><em>\u00ab Cette ligne directrice a guid\u00e9 chaque prise de d\u00e9cision dans les n\u00e9gociations du projet Simandou. Elle est aussi au c\u0153ur du programme de d\u00e9veloppement socio\u00e9conomique durable et responsable\u00a0<strong>Simandou 2040<\/strong>, qui nous permettra de convertir notre potentiel minier en savoir-faire inclusif pour le bien-\u00eatre du peuple souverain de Guin\u00e9e \u00bb,<\/em>\u00a0a ajout\u00e9 Djiba Diakit\u00e9.<\/p>\n<p>Le projet\u00a0<strong>Simandou<\/strong>, consid\u00e9r\u00e9 comme l\u2019un des plus grands gisements de fer inexploit\u00e9s au monde, repr\u00e9sente un tournant majeur pour l\u2019avenir du pays. En plus de ses retomb\u00e9es \u00e9conomiques attendues, il symbolise l\u2019ambition du gouvernement de\u00a0<strong>transformer les ressources naturelles en opportunit\u00e9s concr\u00e8tes pour les g\u00e9n\u00e9rations futures<\/strong>\u00a0\u2014 un engagement que le Pr\u00e9sident Doumbouya souhaite inscrire dans la dur\u00e9e.<\/p>\n<p><img loading=\"lazy\" decoding=\"async\" class=\"alignnone size-full wp-image-5960 td-animation-stack-type0-2\" src=\"https:\/\/ledenonciateur224.com\/wp-content\/uploads\/2025\/11\/fb-img-1762889784718.jpg\" alt=\"\" width=\"1080\" height=\"810\" \/><\/p>\n<p>&nbsp;<\/p>\n<p>Avec nos confr\u00e8res d\u2019Africaguin\u00e9e<\/p>\n<div class=\"sharedaddy sd-sharing-enabled\"><\/div>\n<\/div>\n<\/div>\n<\/div>\n<\/div>\n","protected":false},"excerpt":{"rendered":"<p>C\u2019est en ces termes forts que le Pr\u00e9sident de la R\u00e9publique, le G\u00e9n\u00e9ral Mamadi Doumbouya, aurait exhort\u00e9 ses collaborateurs \u00e0 mener \u00e0 bien le m\u00e9gaprojet minier de Simandou, symbole du renouveau \u00e9conomique guin\u00e9en. La confidence a \u00e9t\u00e9 partag\u00e9e ce mardi 11 novembre 2025 par\u00a0Djiba Diakit\u00e9, ministre Directeur de Cabinet de la Pr\u00e9sidence et Pr\u00e9sident du\u00a0Comit\u00e9 [&hellip;]<\/p>\n","protected":false},"author":2,"featured_media":37339,"comment_status":"closed","ping_status":"closed","sticky":false,"template":"","format":"standard","meta":{"footnotes":""},"categories":[58],"tags":[],"class_list":{"0":"post-37338","1":"post","2":"type-post","3":"status-publish","4":"format-standard","5":"has-post-thumbnail","7":"category-societe"},"_links":{"self":[{"href":"https:\/\/conakrynews.org\/index.php\/wp-json\/wp\/v2\/posts\/37338","targetHints":{"allow":["GET"]}}],"collection":[{"href":"https:\/\/conakrynews.org\/index.php\/wp-json\/wp\/v2\/posts"}],"about":[{"href":"https:\/\/conakrynews.org\/index.php\/wp-json\/wp\/v2\/types\/post"}],"author":[{"embeddable":true,"href":"https:\/\/conakrynews.org\/index.php\/wp-json\/wp\/v2\/users\/2"}],"replies":[{"embeddable":true,"href":"https:\/\/conakrynews.org\/index.php\/wp-json\/wp\/v2\/comments?post=37338"}],"version-history":[{"count":0,"href":"https:\/\/conakrynews.org\/index.php\/wp-json\/wp\/v2\/posts\/37338\/revisions"}],"wp:featuredmedia":[{"embeddable":true,"href":"https:\/\/conakrynews.org\/index.php\/wp-json\/wp\/v2\/media\/37339"}],"wp:attachment":[{"href":"https:\/\/conakrynews.org\/index.php\/wp-json\/wp\/v2\/media?parent=37338"}],"wp:term":[{"taxonomy":"category","embeddable":true,"href":"https:\/\/conakrynews.org\/index.php\/wp-json\/wp\/v2\/categories?post=37338"},{"taxonomy":"post_tag","embeddable":true,"href":"https:\/\/conakrynews.org\/index.php\/wp-json\/wp\/v2\/tags?post=37338"}],"curies":[{"name":"wp","href":"https:\/\/api.w.org\/{rel}","templated":true}]}}