{"id":37359,"date":"2025-11-13T13:19:56","date_gmt":"2025-11-13T13:19:56","guid":{"rendered":"https:\/\/conakrynews.org\/?p=37359"},"modified":"2025-11-13T13:19:56","modified_gmt":"2025-11-13T13:19:56","slug":"guinee-ouverture-des-travaux-de-la-7eme-edition-du-transforma-africa-summuttas25","status":"publish","type":"post","link":"https:\/\/conakrynews.org\/index.php\/guinee-ouverture-des-travaux-de-la-7eme-edition-du-transforma-africa-summuttas25\/","title":{"rendered":"Guin\u00e9e : Ouverture des travaux de la 7\u00e8me \u00e9dition du Transforma Africa Summut(TAS25)"},"content":{"rendered":"<div><\/div>\n<div><\/div>\n<div class=\"clear\">Sous le Patronage du Pr\u00e9sident de la R\u00e9publique,son Excellence, Monsieur Mamadi Doumbouya, et en pr\u00e9sence\u00a0 de son Excellence Monsieur Paul Kagam\u00e9, Pr\u00e9sident du Rwanda et Pr\u00e9sident du Conseil d&rsquo;Administration de Smart Africa,le premier ministre,Chef du Gouvernement, Amadou Oury Bah,a pris part \u00e0 la c\u00e9r\u00e9monie d\u2019ouverture de la 7\u00e8me \u00e9dition du Transform Africa Summit (TAS25), un rendez-vous continental majeur consacr\u00e9 \u00e0 la transformation num\u00e9rique de l\u2019Afrique, qui se tient \u00e0 Conakry du 12 au 14 novembre 2025.<\/div>\n<div class=\"entry\">\n<p>Organis\u00e9e pour la premi\u00e8re fois en Afrique francophone et en Afrique de l\u2019Ouest, cette rencontre de haut niveau, plac\u00e9e sous le th\u00e8me \u00ab L\u2019avenir num\u00e9rique de l\u2019Afrique : construire un continent propuls\u00e9 par l\u2019intelligence artificielle \u00bb, r\u00e9unit des d\u00e9cideurs publics, entrepreneurs, investisseurs et acteurs du num\u00e9rique venus de tout le continent.<\/p>\n<p>\u00c0 travers sa participation, le Premier ministre traduit la volont\u00e9 du Gouvernement de faire du num\u00e9rique un pilier strat\u00e9gique du d\u00e9veloppement national, au service de la modernisation de l\u2019administration, de la cr\u00e9ation d\u2019emplois et du renforcement de la souverainet\u00e9 technologique de la Guin\u00e9e.<\/p>\n<p><strong>Avec CCG<\/strong><\/p>\n<\/div>\n","protected":false},"excerpt":{"rendered":"<p>Sous le Patronage du Pr\u00e9sident de la R\u00e9publique,son Excellence, Monsieur Mamadi Doumbouya, et en pr\u00e9sence\u00a0 de son Excellence Monsieur Paul Kagam\u00e9, Pr\u00e9sident du Rwanda et Pr\u00e9sident du Conseil d&rsquo;Administration de Smart Africa,le premier ministre,Chef du Gouvernement, Amadou Oury Bah,a pris part \u00e0 la c\u00e9r\u00e9monie d\u2019ouverture de la 7\u00e8me \u00e9dition du Transform Africa Summit (TAS25), un [&hellip;]<\/p>\n","protected":false},"author":2,"featured_media":37350,"comment_status":"closed","ping_status":"closed","sticky":false,"template":"","format":"standard","meta":{"footnotes":""},"categories":[58],"tags":[],"class_list":{"0":"post-37359","1":"post","2":"type-post","3":"status-publish","4":"format-standard","5":"has-post-thumbnail","7":"category-societe"},"_links":{"self":[{"href":"https:\/\/conakrynews.org\/index.php\/wp-json\/wp\/v2\/posts\/37359","targetHints":{"allow":["GET"]}}],"collection":[{"href":"https:\/\/conakrynews.org\/index.php\/wp-json\/wp\/v2\/posts"}],"about":[{"href":"https:\/\/conakrynews.org\/index.php\/wp-json\/wp\/v2\/types\/post"}],"author":[{"embeddable":true,"href":"https:\/\/conakrynews.org\/index.php\/wp-json\/wp\/v2\/users\/2"}],"replies":[{"embeddable":true,"href":"https:\/\/conakrynews.org\/index.php\/wp-json\/wp\/v2\/comments?post=37359"}],"version-history":[{"count":0,"href":"https:\/\/conakrynews.org\/index.php\/wp-json\/wp\/v2\/posts\/37359\/revisions"}],"wp:featuredmedia":[{"embeddable":true,"href":"https:\/\/conakrynews.org\/index.php\/wp-json\/wp\/v2\/media\/37350"}],"wp:attachment":[{"href":"https:\/\/conakrynews.org\/index.php\/wp-json\/wp\/v2\/media?parent=37359"}],"wp:term":[{"taxonomy":"category","embeddable":true,"href":"https:\/\/conakrynews.org\/index.php\/wp-json\/wp\/v2\/categories?post=37359"},{"taxonomy":"post_tag","embeddable":true,"href":"https:\/\/conakrynews.org\/index.php\/wp-json\/wp\/v2\/tags?post=37359"}],"curies":[{"name":"wp","href":"https:\/\/api.w.org\/{rel}","templated":true}]}}