{"id":37365,"date":"2025-11-13T13:32:05","date_gmt":"2025-11-13T13:32:05","guid":{"rendered":"https:\/\/conakrynews.org\/?p=37365"},"modified":"2025-11-13T13:32:05","modified_gmt":"2025-11-13T13:32:05","slug":"sante-vers-la-construction-du-centre-de-medecine-conjoint-sino-africain-dans-lenceinte-de-lhopital-sino-guineen","status":"publish","type":"post","link":"https:\/\/conakrynews.org\/index.php\/sante-vers-la-construction-du-centre-de-medecine-conjoint-sino-africain-dans-lenceinte-de-lhopital-sino-guineen\/","title":{"rendered":"Sant\u00e9 : vers la construction du Centre de M\u00e9decine Conjoint Sino-Africain, dans l\u2019enceinte de l\u2019H\u00f4pital Sino-Guin\u00e9en"},"content":{"rendered":"<div><\/div>\n<div class=\"clear\">Le Premier ministre a pr\u00e9sid\u00e9 la c\u00e9r\u00e9monie de signature de l\u2019accord relatif \u00e0 la co-construction du Centre de M\u00e9decine Conjoint Sino-Africain, dans l\u2019enceinte de l\u2019H\u00f4pital Sino-Guin\u00e9en.<\/div>\n<div class=\"entry\">\n<p>Ce centre marque une \u00e9tape majeure dans le renforcement du syst\u00e8me de sant\u00e9 guin\u00e9en, en int\u00e9grant les technologies m\u00e9dicales avanc\u00e9es pour am\u00e9liorer la pr\u00e9vention, le traitement et l\u2019acc\u00e8s \u00e0 des soins de qualit\u00e9.<\/p>\n<p>Dans son allocution, le Premier ministre a rappel\u00e9 que les r\u00e9alit\u00e9s contemporaines ont d\u00e9montr\u00e9 que la question de la sant\u00e9 est devenue un enjeu central de la stabilit\u00e9 mondiale, voire un aspect g\u00e9ostrat\u00e9gique majeur : \u00ab Notre r\u00e9gion a \u00e9t\u00e9 impact\u00e9e par la fi\u00e8vre h\u00e9morragique Ebola, qui a d\u00e9truit des vies et lourdement affect\u00e9 notre \u00e9conomie nationale. Et, comme vous le savez, la Covid a pratiquement oblig\u00e9 le monde entier \u00e0 s\u2019arr\u00eater pendant des mois \u00bb, a-t-il soulign\u00e9.<\/p>\n<p>Il a ensuite indiqu\u00e9 que la cr\u00e9ation du Centre Sino-Africain de Conakry permettra de renforcer davantage les liens de coop\u00e9ration entre les deux pays : \u00ab \u00c0 travers la sant\u00e9, vous avez choisi un secteur tr\u00e8s sensible pour d\u00e9montrer votre attachement \u00e0 la coop\u00e9ration entre l\u2019Afrique et la Chine \u00bb, a d\u00e9clar\u00e9 le Chef du Gouvernement.<\/p>\n<p><strong>Avec CCG<\/strong><\/p>\n<p>&nbsp;<\/p>\n<\/div>\n","protected":false},"excerpt":{"rendered":"<p>Le Premier ministre a pr\u00e9sid\u00e9 la c\u00e9r\u00e9monie de signature de l\u2019accord relatif \u00e0 la co-construction du Centre de M\u00e9decine Conjoint Sino-Africain, dans l\u2019enceinte de l\u2019H\u00f4pital Sino-Guin\u00e9en. Ce centre marque une \u00e9tape majeure dans le renforcement du syst\u00e8me de sant\u00e9 guin\u00e9en, en int\u00e9grant les technologies m\u00e9dicales avanc\u00e9es pour am\u00e9liorer la pr\u00e9vention, le traitement et l\u2019acc\u00e8s \u00e0 [&hellip;]<\/p>\n","protected":false},"author":2,"featured_media":37366,"comment_status":"closed","ping_status":"closed","sticky":false,"template":"","format":"standard","meta":{"footnotes":""},"categories":[59],"tags":[],"class_list":{"0":"post-37365","1":"post","2":"type-post","3":"status-publish","4":"format-standard","5":"has-post-thumbnail","7":"category-sante"},"_links":{"self":[{"href":"https:\/\/conakrynews.org\/index.php\/wp-json\/wp\/v2\/posts\/37365","targetHints":{"allow":["GET"]}}],"collection":[{"href":"https:\/\/conakrynews.org\/index.php\/wp-json\/wp\/v2\/posts"}],"about":[{"href":"https:\/\/conakrynews.org\/index.php\/wp-json\/wp\/v2\/types\/post"}],"author":[{"embeddable":true,"href":"https:\/\/conakrynews.org\/index.php\/wp-json\/wp\/v2\/users\/2"}],"replies":[{"embeddable":true,"href":"https:\/\/conakrynews.org\/index.php\/wp-json\/wp\/v2\/comments?post=37365"}],"version-history":[{"count":0,"href":"https:\/\/conakrynews.org\/index.php\/wp-json\/wp\/v2\/posts\/37365\/revisions"}],"wp:featuredmedia":[{"embeddable":true,"href":"https:\/\/conakrynews.org\/index.php\/wp-json\/wp\/v2\/media\/37366"}],"wp:attachment":[{"href":"https:\/\/conakrynews.org\/index.php\/wp-json\/wp\/v2\/media?parent=37365"}],"wp:term":[{"taxonomy":"category","embeddable":true,"href":"https:\/\/conakrynews.org\/index.php\/wp-json\/wp\/v2\/categories?post=37365"},{"taxonomy":"post_tag","embeddable":true,"href":"https:\/\/conakrynews.org\/index.php\/wp-json\/wp\/v2\/tags?post=37365"}],"curies":[{"name":"wp","href":"https:\/\/api.w.org\/{rel}","templated":true}]}}