{"id":37368,"date":"2025-11-13T22:14:16","date_gmt":"2025-11-13T22:14:16","guid":{"rendered":"https:\/\/conakrynews.org\/?p=37368"},"modified":"2025-11-13T22:14:16","modified_gmt":"2025-11-13T22:14:16","slug":"culture-les-organisateurs-de-la-biennale-face-a-la-presse-pour-annoncer-la-suite-de-levenement","status":"publish","type":"post","link":"https:\/\/conakrynews.org\/index.php\/culture-les-organisateurs-de-la-biennale-face-a-la-presse-pour-annoncer-la-suite-de-levenement\/","title":{"rendered":"Culture: Les organisateurs de la Biennale\u00a0 face \u00e0 la presse pour annoncer la suite de l&rsquo;\u00e9v\u00e9nement"},"content":{"rendered":"<p dir=\"ltr\">\n<p dir=\"ltr\">Les membres de l&rsquo;\u00e9v\u00e9nement culturel et artistique appel\u00e9 la Biennale, \u00e9taient\u00a0 face \u00e0 la presse ce jeudi , 13 Novembre 2025,en compagnie de\u00a0 plusieurs artistes guin\u00e9ens\u00a0 et \u00e9trangers, ainsi que des\u00a0 acteurs \u00e9voluant dans les industries culturelles en Afrique et d&rsquo;ailleurs.l&rsquo;objectif de cette sortie m\u00e9diatique, visait \u00e0 annoncer aux m\u00e9dias nationaux et internationaux l&rsquo;organisation de trois (3) concerts g\u00e9ants\u00a0 \u00a0qui cl\u00f4tureront l\u2019\u00e9v\u00e9nement les 13, 14 et 15 novembre 2025.<\/p>\n<p dir=\"ltr\">Sous le haut patronage du Chef de l&rsquo;\u00c9tat,le Pr\u00e9sident Mamadi,la Biennale est une initiative\u00a0 culturelle et artistique \u00e0 dimension internationale\u00a0 pilot\u00e9e par Abdoulaye N\u2019Baye,du groupe historique du rap Guin\u00e9en appel\u00e9 de Deeg-J Force 3, qui a gagn\u00e9 le c\u0153ur des Guin\u00e9ens depuis un bon moment.<\/p>\n<p dir=\"ltr\">Dans sa prise de parole,le coordinateur de la Biennale, Abdoulaye M&rsquo;baye, a d&rsquo;abord\u00a0 remerci\u00e9\u00a0 les\u00a0 autorit\u00e9s guin\u00e9ennes, avec \u00e0 leur t\u00eate le Chef de l\u2019\u00c9tat, le Pr\u00e9sident Mamadi Doumbouya, pour leur implication d\u00e9cisive dans la r\u00e9ussite de cette \u00e9dition.<\/p>\n<p dir=\"ltr\">Avant de saluer\u00a0 la participation massive\u00a0 et positive des\u00a0 talents artistiques \u00e0 ce grand rendez \u00e0 la fois culturel, artistique et touristique.<\/p>\n<p dir=\"ltr\">\u00a0\u00bb Ces personnalit\u00e9s ont permis \u00e0 la biennale de briller et de contribuer activement \u00e0 la promotion de la culture guin\u00e9enne sur la sc\u00e8ne internationale, notamment \u00e0 travers des \u00e9changes et des visites touristiques\u00a0\u00bb, a indiqu\u00e9 Abdoulaye M&rsquo;baye.<\/p>\n<p>De poursuivre, il a expliqu\u00e9 :\u00a0\u00bb\u00a0<i>Il s\u2019agit d\u2019un grand rendez-vous culturel qui s\u2019\u00e9tend du 7 au 15 novembre. Le coup d\u2019envoi a \u00e9t\u00e9 donn\u00e9 par le Carnaval de Conakry, qui a r\u00e9uni plus de 5000 artistes (cirques, percussions, ballets) sur le boulevard de Matam.A travers un concert, un hommage a \u00e9t\u00e9 rendu aux l\u00e9gendes de la musique guin\u00e9enne et africaine, avec la participation de 12 artistes embl\u00e9matiques, dont S\u00e9kouba Bambino ainsi que plusieurs autres activit\u00e9s.<\/i>L\u2019\u00e9v\u00e9nement s\u2019ach\u00e8vera avec des concerts simultan\u00e9s dans les quartiers, menant au grand concert de cl\u00f4ture du 15 novembre sur l\u2019Esplanade du palais peuple, ax\u00e9 sur la musique urbaine\u00a0\u00bb, a-t-il expliqu\u00e9.<\/p>\n<p>Pr\u00e9sent \u00e0 la conf\u00e9rence de presse,le regaamane Guin\u00e9en,Takana Zion,a d\u00e9clar\u00e9 :\u00a0\u00bb Je suis\u00a0 tr\u00e8s fier de l&rsquo;organisation de la Biennale en Guin\u00e9e,et\u00a0je me reconnais dans ceux qui le viendront,manifeste comme \u00e9nergie, une \u00e9nergie positive, une \u00e9nergie qui fait rayonner l&rsquo;Afrique \u00e0 l&rsquo;art et la culture.Et\u00a0qui montre que la jeunesse est au top en Afrique\u00a0\u00bb, a fait savoir Takana.<\/p>\n<p>Avant de souhaiter du meilleur pour la r\u00e9ussite de l&rsquo;\u00e9v\u00e9nement.\u00a0\u00bbQue Dieu b\u00e9nisse tout ce que nous sommes en train de faire,et que le festival commence bien et que \u00e7a se termine bien\u00a0\u00bb, souhaiterait-\u00a0 il.<\/p>\n<div dir=\"auto\"><\/div>\n<div dir=\"auto\"><\/div>\n<div dir=\"auto\">\n<p dir=\"ltr\">\u00c0 rappeler\u00a0 que le th\u00e8me central de cette de la\u00a0 biennale 2025\u00a0 est\u00a0<i><b>\u00ab\u00a0La Guin\u00e9e accueille le monde\u00a0\u00bb.<\/b><\/i><\/p>\n<p dir=\"ltr\">Sylla Ibrahima Kalil, pour\u00a0<a href=\"http:\/\/www.conakrynews.org\/\" target=\"_blank\" rel=\"noopener noreferrer\" data-saferedirecturl=\"https:\/\/www.google.com\/url?q=http:\/\/www.conakrynews.org&amp;source=gmail&amp;ust=1763158165577000&amp;usg=AOvVaw2399HIPyesHWKBOoYI3Fca\">www.conakrynews.org<\/a>,625444534<\/p>\n<\/div>\n","protected":false},"excerpt":{"rendered":"<p>Les membres de l&rsquo;\u00e9v\u00e9nement culturel et artistique appel\u00e9 la Biennale, \u00e9taient\u00a0 face \u00e0 la presse ce jeudi , 13 Novembre 2025,en compagnie de\u00a0 plusieurs artistes guin\u00e9ens\u00a0 et \u00e9trangers, ainsi que des\u00a0 acteurs \u00e9voluant dans les industries culturelles en Afrique et d&rsquo;ailleurs.l&rsquo;objectif de cette sortie m\u00e9diatique, visait \u00e0 annoncer aux m\u00e9dias nationaux et internationaux l&rsquo;organisation de [&hellip;]<\/p>\n","protected":false},"author":2,"featured_media":37369,"comment_status":"closed","ping_status":"closed","sticky":false,"template":"","format":"standard","meta":{"footnotes":""},"categories":[62],"tags":[],"class_list":{"0":"post-37368","1":"post","2":"type-post","3":"status-publish","4":"format-standard","5":"has-post-thumbnail","7":"category-culture"},"_links":{"self":[{"href":"https:\/\/conakrynews.org\/index.php\/wp-json\/wp\/v2\/posts\/37368","targetHints":{"allow":["GET"]}}],"collection":[{"href":"https:\/\/conakrynews.org\/index.php\/wp-json\/wp\/v2\/posts"}],"about":[{"href":"https:\/\/conakrynews.org\/index.php\/wp-json\/wp\/v2\/types\/post"}],"author":[{"embeddable":true,"href":"https:\/\/conakrynews.org\/index.php\/wp-json\/wp\/v2\/users\/2"}],"replies":[{"embeddable":true,"href":"https:\/\/conakrynews.org\/index.php\/wp-json\/wp\/v2\/comments?post=37368"}],"version-history":[{"count":0,"href":"https:\/\/conakrynews.org\/index.php\/wp-json\/wp\/v2\/posts\/37368\/revisions"}],"wp:featuredmedia":[{"embeddable":true,"href":"https:\/\/conakrynews.org\/index.php\/wp-json\/wp\/v2\/media\/37369"}],"wp:attachment":[{"href":"https:\/\/conakrynews.org\/index.php\/wp-json\/wp\/v2\/media?parent=37368"}],"wp:term":[{"taxonomy":"category","embeddable":true,"href":"https:\/\/conakrynews.org\/index.php\/wp-json\/wp\/v2\/categories?post=37368"},{"taxonomy":"post_tag","embeddable":true,"href":"https:\/\/conakrynews.org\/index.php\/wp-json\/wp\/v2\/tags?post=37368"}],"curies":[{"name":"wp","href":"https:\/\/api.w.org\/{rel}","templated":true}]}}