{"id":37375,"date":"2025-11-14T06:22:56","date_gmt":"2025-11-14T06:22:56","guid":{"rendered":"https:\/\/conakrynews.org\/?p=37375"},"modified":"2025-11-14T06:22:56","modified_gmt":"2025-11-14T06:22:56","slug":"guinee-presidentielle-du-28-decembre-2025-le-president-mamadi-doumbouya-convoque-le-corps-electoral","status":"publish","type":"post","link":"https:\/\/conakrynews.org\/index.php\/guinee-presidentielle-du-28-decembre-2025-le-president-mamadi-doumbouya-convoque-le-corps-electoral\/","title":{"rendered":"Guin\u00e9e\/Pr\u00e9sidentielle du 28 D\u00e9cembre 2025: Le pr\u00e9sident Mamadi Doumbouya convoque le corps \u00e9lectoral\u00a0"},"content":{"rendered":"<div id=\"m#msg-a:r-4247002226178030479\" class=\"mail-message expanded\">\n<div id=\"m#msg-a:r-4247002226178030479-content\" class=\"mail-message-content collapsible zoom-normal mail-show-images \">\n<div class=\"clear\">\n<div dir=\"auto\">\n<div dir=\"auto\">\n<div>\n<p>&nbsp;<\/p>\n<p>Dans la soir\u00e9e de ce\u00a0 jeudi 13 Novembre 2025,le chef de l\u2019\u00c9tat,son Excellence Mamadi Doumbouya, a\u00a0 convoqu\u00e9 le corps \u00e9lectoral guin\u00e9en pour l\u2019\u00e9lection pr\u00e9sidentielle pr\u00e9vue le dimanche 28 d\u00e9cembre 2025.<\/p>\n<p>Selon le d\u00e9cret relay\u00e9 sur les ondes de la\u00a0Radiodiffusion T\u00e9l\u00e9vision Guin\u00e9enne (RTG), les dispositions suivantes sont arr\u00eat\u00e9es :<\/p>\n<ul>\n<li>Article 1 : Le corps \u00e9lectoral est convoqu\u00e9 pour le scrutin du 28 d\u00e9cembre 2025.<\/li>\n<li>Article 2 : Les bureaux de vote seront ouverts de 07h00 \u00e0 18h00.<\/li>\n<li>Article 3 : Le vote se d\u00e9roulera \u00e0 bulletin unique.<\/li>\n<li>Article 4 : Plusieurs d\u00e9partements minist\u00e9riels et institutions sont charg\u00e9s de l\u2019application du pr\u00e9sent d\u00e9cret, conform\u00e9ment \u00e0 l\u2019article 341 du Code \u00e9lectoral, notamment :\n<ul>\n<li>le minist\u00e8re de l\u2019Administration du Territoire et de la D\u00e9centralisation<\/li>\n<li>le minist\u00e8re des Affaires \u00e9trang\u00e8res, de l\u2019Int\u00e9gration africaine et des Guin\u00e9ens \u00e9tablis \u00e0 l\u2019\u00e9tranger<\/li>\n<li>le Garde des Sceaux, ministre de la Justice et des Droits de l\u2019Homme<\/li>\n<li>le minist\u00e8re de la S\u00e9curit\u00e9 et de la Protection civile<\/li>\n<li>le minist\u00e8re de la D\u00e9fense nationale<\/li>\n<li>le minist\u00e8re de l\u2019\u00c9conomie et des Finances<\/li>\n<li>le minist\u00e8re du Budget<\/li>\n<li>la Direction g\u00e9n\u00e9rale des \u00e9lections<\/li>\n<li>l\u2019Observatoire national autonome de supervision du r\u00e9f\u00e9rendum constitutionnel.<\/li>\n<\/ul>\n<\/li>\n<\/ul>\n<p>Ce d\u00e9cret marque le lancement officiel du calendrier menant \u00e0 l\u2019\u00e9lection pr\u00e9sidentielle de 2025.<\/p>\n<p>Conakrynews.org<\/p>\n<\/div>\n<\/div>\n<\/div>\n<\/div>\n<\/div>\n<div id=\"m#msg-a:r-4247002226178030479-footer\" class=\"mail-message-footer spacer collapsible\"><\/div>\n<\/div>\n","protected":false},"excerpt":{"rendered":"<p>&nbsp; Dans la soir\u00e9e de ce\u00a0 jeudi 13 Novembre 2025,le chef de l\u2019\u00c9tat,son Excellence Mamadi Doumbouya, a\u00a0 convoqu\u00e9 le corps \u00e9lectoral guin\u00e9en pour l\u2019\u00e9lection pr\u00e9sidentielle pr\u00e9vue le dimanche 28 d\u00e9cembre 2025. Selon le d\u00e9cret relay\u00e9 sur les ondes de la\u00a0Radiodiffusion T\u00e9l\u00e9vision Guin\u00e9enne (RTG), les dispositions suivantes sont arr\u00eat\u00e9es : Article 1 : Le corps \u00e9lectoral [&hellip;]<\/p>\n","protected":false},"author":2,"featured_media":37376,"comment_status":"closed","ping_status":"closed","sticky":false,"template":"","format":"standard","meta":{"footnotes":""},"categories":[57],"tags":[],"class_list":{"0":"post-37375","1":"post","2":"type-post","3":"status-publish","4":"format-standard","5":"has-post-thumbnail","7":"category-politique"},"_links":{"self":[{"href":"https:\/\/conakrynews.org\/index.php\/wp-json\/wp\/v2\/posts\/37375","targetHints":{"allow":["GET"]}}],"collection":[{"href":"https:\/\/conakrynews.org\/index.php\/wp-json\/wp\/v2\/posts"}],"about":[{"href":"https:\/\/conakrynews.org\/index.php\/wp-json\/wp\/v2\/types\/post"}],"author":[{"embeddable":true,"href":"https:\/\/conakrynews.org\/index.php\/wp-json\/wp\/v2\/users\/2"}],"replies":[{"embeddable":true,"href":"https:\/\/conakrynews.org\/index.php\/wp-json\/wp\/v2\/comments?post=37375"}],"version-history":[{"count":0,"href":"https:\/\/conakrynews.org\/index.php\/wp-json\/wp\/v2\/posts\/37375\/revisions"}],"wp:featuredmedia":[{"embeddable":true,"href":"https:\/\/conakrynews.org\/index.php\/wp-json\/wp\/v2\/media\/37376"}],"wp:attachment":[{"href":"https:\/\/conakrynews.org\/index.php\/wp-json\/wp\/v2\/media?parent=37375"}],"wp:term":[{"taxonomy":"category","embeddable":true,"href":"https:\/\/conakrynews.org\/index.php\/wp-json\/wp\/v2\/categories?post=37375"},{"taxonomy":"post_tag","embeddable":true,"href":"https:\/\/conakrynews.org\/index.php\/wp-json\/wp\/v2\/tags?post=37375"}],"curies":[{"name":"wp","href":"https:\/\/api.w.org\/{rel}","templated":true}]}}