{"id":37391,"date":"2025-11-17T09:00:55","date_gmt":"2025-11-17T09:00:55","guid":{"rendered":"https:\/\/conakrynews.org\/?p=37391"},"modified":"2025-11-17T09:01:14","modified_gmt":"2025-11-17T09:01:14","slug":"medias-agepi-tiendra-son-congres-electif-le-16-janvier-prochain-a-conakry","status":"publish","type":"post","link":"https:\/\/conakrynews.org\/index.php\/medias-agepi-tiendra-son-congres-electif-le-16-janvier-prochain-a-conakry\/","title":{"rendered":"M\u00e9dias: AGEPI tiendra son congr\u00e8s \u00e9lectif le 16 janvier prochain \u00e0 Conakry"},"content":{"rendered":"<div class=\"td-pb-row\">\n<div class=\"td-pb-span12\">\n<div class=\"td-post-header\">\n<header class=\"td-post-title\">\n<h1 class=\"entry-title\" style=\"text-align: center\"><span style=\"color: #222222;font-family: Verdana, Geneva, sans-serif;font-size: 15px\">En pr\u00e9lude au congr\u00e8s \u00e9lectif du bureau <\/span><span style=\"color: #222222;font-family: Verdana, Geneva, sans-serif;font-size: 15px\">ex\u00e9cutif de l\u2019Association Guin\u00e9enne des \u00c9diteurs de la Presse Ind\u00e9pendante\u00a0 (AGEPI), pr\u00e9vu pour le 16 janvier prochain \u00e0 Conakry, l\u2019\u00e9quipe sortante \u00e0 travers sa pr\u00e9sidente informe ses membres, partenaires et institutions nationales et internationales pour la tenue du renouvellement de son bureau ex\u00e9cutif.<\/span><\/h1>\n<\/header>\n<\/div>\n<\/div>\n<\/div>\n<div class=\"td-pb-row\">\n<div class=\"td-pb-span8 td-main-content\" role=\"main\">\n<div class=\"td-ss-main-content\">\n<div class=\"td-post-content\">\n<div dir=\"auto\"><\/div>\n<div dir=\"auto\">\u00c9lue \u00e0 la t\u00eate de la premi\u00e8re association de la presse priv\u00e9e depuis trois ans, Madame Aminata Camara, pr\u00e9sidente sortante ne compte pas briguer un second mandat. Dans un communiqu\u00e9 publi\u00e9 dans les m\u00e9dias, la pr\u00e9sidente sortante convie tous les membres au renouvellement du bureau ex\u00e9cutif.<\/div>\n<div dir=\"auto\"><\/div>\n<div dir=\"auto\"><\/div>\n<div dir=\"auto\"><\/div>\n<div dir=\"auto\"><\/div>\n<div dir=\"auto\"><em><strong>Communiqu\u00e9 Officiel de l\u2019AGEPI<\/strong><\/em><\/div>\n<div dir=\"auto\"><\/div>\n<div dir=\"auto\"><em><strong>Objet: Convocation au Congr\u00e8s \u00c9lectif du Bureau Ex\u00e9cutif de l\u2019AGEPI<\/strong><\/em><\/div>\n<div dir=\"auto\"><\/div>\n<div dir=\"auto\"><\/div>\n<div dir=\"auto\"><em><strong>Chers Directeurs de Publication,<\/strong><\/em><\/div>\n<div dir=\"auto\"><\/div>\n<div dir=\"auto\"><em><strong>\u2018Association Guin\u00e9enne des \u00c9diteurs de la Presse Ind\u00e9pendante (AGEPI) a le plaisir d\u2019informer la Haute Autorit\u00e9 de la Communication (HAC) et les Institutions publiques et priv\u00e9es partenaires de la tenue de son Congr\u00e8s \u00e9lectif national extraordinaire le vendredi 16 janvier 2026, \u00e0 Conakry.<\/strong><\/em><\/div>\n<div dir=\"auto\"><\/div>\n<div dir=\"auto\"><em><strong>Ce congr\u00e8s est convoqu\u00e9 conform\u00e9ment aux textes r\u00e9glementaires de l\u2019Association et aura pour objectif principal le renouvellement du Bureau Ex\u00e9cutif de l\u2019AGEPI.<\/strong><\/em><\/div>\n<div dir=\"auto\"><\/div>\n<div dir=\"auto\"><em><strong>Ordre du jour: I. Renouvellement du Bureau Ex\u00e9cutif Votre pr\u00e9sence, ainsi que votre participation active, sont indispensables pour la r\u00e9ussite de ce rendez-vous statutaire majeur pour l\u2019avenir de notre organisation et pour la consolidation de la presse ind\u00e9pendante en Guin\u00e9e.<\/strong><\/em><\/div>\n<div dir=\"auto\"><\/div>\n<div dir=\"auto\"><em><strong>N.B.: La Pr\u00e9sidente sortante ne souhaite pas se repr\u00e9senter pour un second mandat.<\/strong><\/em><\/div>\n<div dir=\"auto\"><\/div>\n<div dir=\"auto\"><em><strong>Nous vous remercions par avance pour votre disponibilit\u00e9, votre engagement et votre contribution \u00e0 la r\u00e9ussite de ce Congr\u00e8s.<\/strong><\/em><\/div>\n<div dir=\"auto\"><\/div>\n<div dir=\"auto\"><em><strong>La pr\u00e9sidente<\/strong><\/em><\/div>\n<div dir=\"auto\"><\/div>\n<div dir=\"auto\"><\/div>\n<div dir=\"auto\"><\/div>\n<div dir=\"auto\"><em><strong>Aminata Camara<\/strong><\/em><\/div>\n<\/div>\n<\/div>\n<\/div>\n<\/div>\n","protected":false},"excerpt":{"rendered":"<p>En pr\u00e9lude au congr\u00e8s \u00e9lectif du bureau ex\u00e9cutif de l\u2019Association Guin\u00e9enne des \u00c9diteurs de la Presse Ind\u00e9pendante\u00a0 (AGEPI), pr\u00e9vu pour le 16 janvier prochain \u00e0 Conakry, l\u2019\u00e9quipe sortante \u00e0 travers sa pr\u00e9sidente informe ses membres, partenaires et institutions nationales et internationales pour la tenue du renouvellement de son bureau ex\u00e9cutif. \u00c9lue \u00e0 la t\u00eate de [&hellip;]<\/p>\n","protected":false},"author":2,"featured_media":37392,"comment_status":"closed","ping_status":"closed","sticky":false,"template":"","format":"standard","meta":{"footnotes":""},"categories":[58],"tags":[],"class_list":{"0":"post-37391","1":"post","2":"type-post","3":"status-publish","4":"format-standard","5":"has-post-thumbnail","7":"category-societe"},"_links":{"self":[{"href":"https:\/\/conakrynews.org\/index.php\/wp-json\/wp\/v2\/posts\/37391","targetHints":{"allow":["GET"]}}],"collection":[{"href":"https:\/\/conakrynews.org\/index.php\/wp-json\/wp\/v2\/posts"}],"about":[{"href":"https:\/\/conakrynews.org\/index.php\/wp-json\/wp\/v2\/types\/post"}],"author":[{"embeddable":true,"href":"https:\/\/conakrynews.org\/index.php\/wp-json\/wp\/v2\/users\/2"}],"replies":[{"embeddable":true,"href":"https:\/\/conakrynews.org\/index.php\/wp-json\/wp\/v2\/comments?post=37391"}],"version-history":[{"count":0,"href":"https:\/\/conakrynews.org\/index.php\/wp-json\/wp\/v2\/posts\/37391\/revisions"}],"wp:featuredmedia":[{"embeddable":true,"href":"https:\/\/conakrynews.org\/index.php\/wp-json\/wp\/v2\/media\/37392"}],"wp:attachment":[{"href":"https:\/\/conakrynews.org\/index.php\/wp-json\/wp\/v2\/media?parent=37391"}],"wp:term":[{"taxonomy":"category","embeddable":true,"href":"https:\/\/conakrynews.org\/index.php\/wp-json\/wp\/v2\/categories?post=37391"},{"taxonomy":"post_tag","embeddable":true,"href":"https:\/\/conakrynews.org\/index.php\/wp-json\/wp\/v2\/tags?post=37391"}],"curies":[{"name":"wp","href":"https:\/\/api.w.org\/{rel}","templated":true}]}}