{"id":37413,"date":"2025-11-18T12:32:47","date_gmt":"2025-11-18T12:32:47","guid":{"rendered":"https:\/\/conakrynews.org\/?p=37413"},"modified":"2025-11-18T12:35:17","modified_gmt":"2025-11-18T12:35:17","slug":"37413","status":"publish","type":"post","link":"https:\/\/conakrynews.org\/index.php\/37413\/","title":{"rendered":"Bassirou Diomaye Faye et Ousmane Sonko, la rencontre en pleine nuit pour resserrer les rangs"},"content":{"rendered":"<div class=\"td-pb-row\">\n<div class=\"td-pb-span12\">\n<div class=\"td-post-header\">\n<header class=\"td-post-title\">\n<h1 class=\"entry-title\"><span style=\"color: #222222;font-family: Verdana, Geneva, sans-serif;font-size: 15px\">Le pr\u00e9sident Bassirou Diomaye Faye et son Premier ministre Ousmane Sonko se sont entretenus, aux environs de 23 heures, lors d\u2019une r\u00e9union tenue en toute discr\u00e9tion au palais de la R\u00e9publique, selon les r\u00e9v\u00e9lations du journaliste Babacar Tour\u00e9 (Kewoulo).<\/span><\/h1>\n<\/header>\n<\/div>\n<\/div>\n<\/div>\n<div class=\"td-pb-row\">\n<div class=\"td-pb-span8 td-main-content\" role=\"main\">\n<div class=\"td-ss-main-content\">\n<div class=\"td-post-content\">\n<div id=\"habillagePub\">\n<div id=\"wrapper\" class=\"hfeed ssWrapper\">\n<div id=\"main\" class=\"backColorWhite\">\n<div id=\"homeTopUne\">\n<div id=\"container\">\n<div id=\"content\" class=\"single_page\" role=\"main\">\n<article id=\"post-566439\" class=\"post-566439 post type-post status-publish format-standard has-post-thumbnail hentry category-alaune category-notification category-politique category-actualites tag-diomaye tag-sonko tbl-forkorts-article\">\n<div id=\"articleBody\" class=\"content-single-full\">\n<p>Cette entrevue, organis\u00e9e loin des cam\u00e9ras et des regards ext\u00e9rieurs, survient dans un climat politique aliment\u00e9 depuis plusieurs semaines par des sp\u00e9culations sur la qualit\u00e9 de leurs relations et de suppos\u00e9es tensions au sommet de l\u2019\u00c9tat. D\u2019apr\u00e8s Babacar Tour\u00e9, cette rencontre nocturne aurait permis aux deux dirigeants de \u00ab s\u2019accorder les violons \u00bb, apr\u00e8s la multiplication de rumeurs faisant \u00e9tat d\u2019un d\u00e9saccord strat\u00e9gique entre eux. Le\u00a0<a href=\"https:\/\/www.senenews.com\/actualites\/aida-mbodji-porte-plainte-un-journaliste-de-la-sen-tv-emporte-par-laffaire-sonko-diomaye-photo_566393.html\">pr\u00e9sident et son chef du gouvernement<\/a>\u00a0auraient profit\u00e9 de cet \u00e9change pour r\u00e9affirmer leur unit\u00e9 et leur confiance mutuelle, mettant ainsi fin aux interpr\u00e9tations qui cherchaient \u00e0 les opposer.<\/p>\n<p>Une mani\u00e8re claire de rappeler que la dynamique institutionnelle reste intacte et que les divergences pr\u00eat\u00e9es au duo ne reposent sur aucune base solide. Toujours selon le journaliste, certains acteurs politiques et m\u00e9diatiques \u0153uvreraient en coulisses pour creuser un foss\u00e9 entre les deux camarades de parti, exploitant la moindre nuance ou d\u00e9cision pour alimenter la discorde. Mais cette strat\u00e9gie pourrait se retourner contre eux : la coh\u00e9sion renforc\u00e9e affich\u00e9e \u00e0 l\u2019issue de cette r\u00e9union tardive laisse entrevoir une marginalisation prochaine de ceux qui esp\u00e9raient tirer profit d\u2019une fracture imaginaire au sein de l\u2019ex\u00e9cutif.<\/p>\n<\/div>\n<\/article>\n<\/div>\n<p><strong>Source: Senenews\u00a0<\/strong><\/p>\n<\/div>\n<\/div>\n<\/div>\n<\/div>\n<\/div>\n<p>&nbsp;<\/p>\n<div id=\"jp-relatedposts\" class=\"jp-relatedposts\">\n<h3 class=\"jp-relatedposts-headline\"><\/h3>\n<div class=\"jp-relatedposts-items jp-relatedposts-items-minimal jp-relatedposts-grid \">\n<p class=\"jp-relatedposts-post jp-relatedposts-post0\" data-post-id=\"5331\" data-post-format=\"false\">\n<\/div>\n<\/div>\n<\/div>\n<\/div>\n<\/div>\n<\/div>\n","protected":false},"excerpt":{"rendered":"<p>Le pr\u00e9sident Bassirou Diomaye Faye et son Premier ministre Ousmane Sonko se sont entretenus, aux environs de 23 heures, lors d\u2019une r\u00e9union tenue en toute discr\u00e9tion au palais de la R\u00e9publique, selon les r\u00e9v\u00e9lations du journaliste Babacar Tour\u00e9 (Kewoulo). Cette entrevue, organis\u00e9e loin des cam\u00e9ras et des regards ext\u00e9rieurs, survient dans un climat politique aliment\u00e9 [&hellip;]<\/p>\n","protected":false},"author":2,"featured_media":37415,"comment_status":"closed","ping_status":"closed","sticky":false,"template":"","format":"standard","meta":{"footnotes":""},"categories":[57],"tags":[],"class_list":{"0":"post-37413","1":"post","2":"type-post","3":"status-publish","4":"format-standard","5":"has-post-thumbnail","7":"category-politique"},"_links":{"self":[{"href":"https:\/\/conakrynews.org\/index.php\/wp-json\/wp\/v2\/posts\/37413","targetHints":{"allow":["GET"]}}],"collection":[{"href":"https:\/\/conakrynews.org\/index.php\/wp-json\/wp\/v2\/posts"}],"about":[{"href":"https:\/\/conakrynews.org\/index.php\/wp-json\/wp\/v2\/types\/post"}],"author":[{"embeddable":true,"href":"https:\/\/conakrynews.org\/index.php\/wp-json\/wp\/v2\/users\/2"}],"replies":[{"embeddable":true,"href":"https:\/\/conakrynews.org\/index.php\/wp-json\/wp\/v2\/comments?post=37413"}],"version-history":[{"count":0,"href":"https:\/\/conakrynews.org\/index.php\/wp-json\/wp\/v2\/posts\/37413\/revisions"}],"wp:featuredmedia":[{"embeddable":true,"href":"https:\/\/conakrynews.org\/index.php\/wp-json\/wp\/v2\/media\/37415"}],"wp:attachment":[{"href":"https:\/\/conakrynews.org\/index.php\/wp-json\/wp\/v2\/media?parent=37413"}],"wp:term":[{"taxonomy":"category","embeddable":true,"href":"https:\/\/conakrynews.org\/index.php\/wp-json\/wp\/v2\/categories?post=37413"},{"taxonomy":"post_tag","embeddable":true,"href":"https:\/\/conakrynews.org\/index.php\/wp-json\/wp\/v2\/tags?post=37413"}],"curies":[{"name":"wp","href":"https:\/\/api.w.org\/{rel}","templated":true}]}}