{"id":37424,"date":"2025-11-18T12:56:30","date_gmt":"2025-11-18T12:56:30","guid":{"rendered":"https:\/\/conakrynews.org\/?p=37424"},"modified":"2025-11-18T12:56:30","modified_gmt":"2025-11-18T12:56:30","slug":"media-numerique-conference-en-ligne-sur-lia-et-le-journalisme-en-afrique","status":"publish","type":"post","link":"https:\/\/conakrynews.org\/index.php\/media-numerique-conference-en-ligne-sur-lia-et-le-journalisme-en-afrique\/","title":{"rendered":"M\u00e9dia num\u00e9rique: Conf\u00e9rence en ligne sur l\u2019IA et le journalisme en Afrique"},"content":{"rendered":"<div><\/div>\n<div class=\"clear\">Il s\u2019agit de la premi\u00e8re conf\u00e9rence en ligne d\u2019un Master francophone en journalisme international (MFJI) qui s\u2019adresse aux professionnels des m\u00e9dias de pays francophones d\u2019Afrique du Nord et de l\u2019Ouest.<\/div>\n<div class=\"entry\">\n<div id=\"copy\">\n<div class=\"content\">\n<section class=\"main\">\u00ab Usages de l\u2019intelligence artificielle dans les pratiques informationnelles africaines \u00bb, tel est le th\u00e8me d\u2019une conf\u00e9rence en ligne sur les activit\u00e9s des m\u00e9dias num\u00e9riques africains, pr\u00e9vue le 27 novembre 2025. l s\u2019agit de la premi\u00e8re conf\u00e9rence en ligne du Master francophone en journalisme international (MFJI), qui s\u2019adresse aux professionnels des m\u00e9dias de pays francophones d\u2019Afrique du Nord et de l\u2019Ouest.&nbsp;<\/p>\n<p>Lanc\u00e9 en 2024, ce master est initi\u00e9 par l\u2019Acad\u00e9mie de la Deutsche Welle (DW Akademie, en allemand) et l\u2019\u00c9cole publique de journalisme de Tours (EPJT) en France. D\u2019apr\u00e8s DW Akademie, la conf\u00e9rence permettra \u00e0 des universitaires et \u00e0 des experts de d\u00e9battre des sous-th\u00e8mes suivants :<\/p>\n<ul>\n<li>Enjeux et impacts \u00e9ditoriaux des usages des IA par les journalistes<\/li>\n<li>Les cadres \u00e9thiques de l\u2019utilisation de l\u2019IA en journalisme<\/li>\n<li>IA, plateformes num\u00e9riques et viabilit\u00e9 des mod\u00e8les \u00e9conomiques en ligne<\/li>\n<li>Journalismes sp\u00e9cialis\u00e9s et IA<\/li>\n<li>Public, appr\u00e9hension et consommation des contenus informationnels g\u00e9n\u00e9r\u00e9s par IA<\/li>\n<li>Les caract\u00e9ristiques de la d\u00e9sinformation par IA<\/li>\n<li>Formes et principes de r\u00e9gulation des contenus g\u00e9n\u00e9r\u00e9s par IA<\/li>\n<li>Quelle formation journalistique \u00e0 l\u2019\u00e8re de l\u2019IA ?<\/li>\n<\/ul>\n<p>Le MFJI est un master en deux ans, qui se d\u00e9roule successivement en trois lieux : \u00e0 Bonn (Allemagne), \u00e0 Tours (France) et dans le pays d\u2019origine des \u00e9tudiants africains. Il est d\u00e9di\u00e9 en particulier \u00e0 des professionnels des m\u00e9dias issus de cinq pays africains francophones : Tunisie, Maroc, C\u00f4te d\u2019Ivoire, S\u00e9n\u00e9gal et Burkina Faso.<\/p>\n<\/section>\n<\/div>\n<\/div>\n<div class=\"info-row\">\n<nav class=\"navbar\" role=\"navigation\" aria-label=\"article navigation\">\n<div class=\"navbar-menu is-active\">\n<div class=\"navbar-start\"><\/div>\n<div class=\"navbar-end\">\n<div class=\"field is-grouped\"><strong>Avec dpa-news<\/strong><\/div>\n<\/div>\n<\/div>\n<\/nav>\n<\/div>\n<\/div>\n","protected":false},"excerpt":{"rendered":"<p>Il s\u2019agit de la premi\u00e8re conf\u00e9rence en ligne d\u2019un Master francophone en journalisme international (MFJI) qui s\u2019adresse aux professionnels des m\u00e9dias de pays francophones d\u2019Afrique du Nord et de l\u2019Ouest. \u00ab Usages de l\u2019intelligence artificielle dans les pratiques informationnelles africaines \u00bb, tel est le th\u00e8me d\u2019une conf\u00e9rence en ligne sur les activit\u00e9s des m\u00e9dias num\u00e9riques [&hellip;]<\/p>\n","protected":false},"author":2,"featured_media":37426,"comment_status":"closed","ping_status":"closed","sticky":false,"template":"","format":"standard","meta":{"footnotes":""},"categories":[58],"tags":[],"class_list":{"0":"post-37424","1":"post","2":"type-post","3":"status-publish","4":"format-standard","5":"has-post-thumbnail","7":"category-societe"},"_links":{"self":[{"href":"https:\/\/conakrynews.org\/index.php\/wp-json\/wp\/v2\/posts\/37424","targetHints":{"allow":["GET"]}}],"collection":[{"href":"https:\/\/conakrynews.org\/index.php\/wp-json\/wp\/v2\/posts"}],"about":[{"href":"https:\/\/conakrynews.org\/index.php\/wp-json\/wp\/v2\/types\/post"}],"author":[{"embeddable":true,"href":"https:\/\/conakrynews.org\/index.php\/wp-json\/wp\/v2\/users\/2"}],"replies":[{"embeddable":true,"href":"https:\/\/conakrynews.org\/index.php\/wp-json\/wp\/v2\/comments?post=37424"}],"version-history":[{"count":0,"href":"https:\/\/conakrynews.org\/index.php\/wp-json\/wp\/v2\/posts\/37424\/revisions"}],"wp:featuredmedia":[{"embeddable":true,"href":"https:\/\/conakrynews.org\/index.php\/wp-json\/wp\/v2\/media\/37426"}],"wp:attachment":[{"href":"https:\/\/conakrynews.org\/index.php\/wp-json\/wp\/v2\/media?parent=37424"}],"wp:term":[{"taxonomy":"category","embeddable":true,"href":"https:\/\/conakrynews.org\/index.php\/wp-json\/wp\/v2\/categories?post=37424"},{"taxonomy":"post_tag","embeddable":true,"href":"https:\/\/conakrynews.org\/index.php\/wp-json\/wp\/v2\/tags?post=37424"}],"curies":[{"name":"wp","href":"https:\/\/api.w.org\/{rel}","templated":true}]}}