{"id":37463,"date":"2025-11-19T12:31:38","date_gmt":"2025-11-19T12:31:38","guid":{"rendered":"https:\/\/conakrynews.org\/?p=37463"},"modified":"2025-11-19T12:31:38","modified_gmt":"2025-11-19T12:31:38","slug":"deuxieme-forum-regional-pour-la-consolidation-de-la-paix-sociale-une-initiative-saluee-par-les-autorites-guineennes","status":"publish","type":"post","link":"https:\/\/conakrynews.org\/index.php\/deuxieme-forum-regional-pour-la-consolidation-de-la-paix-sociale-une-initiative-saluee-par-les-autorites-guineennes\/","title":{"rendered":"Deuxi\u00e8me Forum r\u00e9gional pour la consolidation de la paix sociale : une initiative salu\u00e9e par les autorit\u00e9s guin\u00e9ennes"},"content":{"rendered":"<div class=\"td-pb-row\">\n<div class=\"td-pb-span12\">\n<div class=\"td-post-header\">\n<header class=\"td-post-title\">\n<h1 class=\"entry-title\"><span style=\"color: #222222;font-family: Verdana, Geneva, sans-serif;font-size: 15px\">Conakry, mardi 18 novembre 2025 \u2014 Le Comit\u00e9 islamique du Croissant international, en partenariat avec la Croix-Rouge et le Centre pour la Consolidation de la Paix Sociale, a organis\u00e9 ce mardi \u00e0 L\u2019h\u00f4tel Noom la deuxi\u00e8me \u00e9dition du Forum r\u00e9gional de promotion de la paix sociale. L\u2019\u00e9v\u00e9nement a r\u00e9uni des d\u00e9l\u00e9gations venues du B\u00e9nin, du Burkina Faso, du Cameroun, de la Guin\u00e9e, du S\u00e9n\u00e9gal, du Mali, du Niger et du Tchad.<\/span><\/h1>\n<\/header>\n<\/div>\n<\/div>\n<\/div>\n<div class=\"td-pb-row\">\n<div class=\"td-pb-span8 td-main-content\" role=\"main\">\n<div class=\"td-ss-main-content\">\n<div class=\"td-post-content\">\n<p>Ce forum r\u00e9gional vise \u00e0 renforcer la coop\u00e9ration entre les soci\u00e9t\u00e9s nationales de la Croix-Rouge et diverses organisations comp\u00e9tentes dans le domaine de la pr\u00e9vention des conflits, de la m\u00e9diation communautaire et de l\u2019humanitaire. Les participants ont \u00e9chang\u00e9 sur les strat\u00e9gies innovantes pour consolider la paix dans un contexte r\u00e9gional marqu\u00e9 par des d\u00e9fis s\u00e9curitaires croissants.<\/p>\n<p><a href=\"https:\/\/i0.wp.com\/liberationinfo.com\/wp-content\/uploads\/2025\/11\/IMG-20251118-WA0017.jpg\"><img loading=\"lazy\" decoding=\"async\" class=\"alignnone size-medium wp-image-28810 td-animation-stack-type0-2\" src=\"https:\/\/i0.wp.com\/liberationinfo.com\/wp-content\/uploads\/2025\/11\/IMG-20251118-WA0017.jpg?resize=300%2C135\" alt=\"\" width=\"300\" height=\"135\" data-recalc-dims=\"1\" \/><\/a><\/p>\n<p>La c\u00e9r\u00e9monie d\u2019ouverture s\u2019est tenue en pr\u00e9sence de M. Elhadj Ibrahima Bah, ministre secr\u00e9taire g\u00e9n\u00e9ral adjoint des Affaires religieuses, repr\u00e9sentant de son ministre Secr\u00e9taire g\u00e9n\u00e9ral Des affaires religieuses, Elhadj Karomo Diawara, il a au nom de son ministre a transmis le message de soutien des autorit\u00e9s guin\u00e9ennes, saluant une initiative \u00ab essentielle pour renforcer la coh\u00e9sion et la stabilit\u00e9 dans la sous-r\u00e9gion \u00bb.<\/p>\n<p><a href=\"https:\/\/i0.wp.com\/liberationinfo.com\/wp-content\/uploads\/2025\/11\/IMG-20251118-WA0015.jpg\"><img loading=\"lazy\" decoding=\"async\" class=\"alignnone size-medium wp-image-28815 td-animation-stack-type0-2\" src=\"https:\/\/i0.wp.com\/liberationinfo.com\/wp-content\/uploads\/2025\/11\/IMG-20251118-WA0015.jpg?resize=135%2C300\" alt=\"\" width=\"135\" height=\"300\" data-recalc-dims=\"1\" \/><\/a><\/p>\n<p>Le repr\u00e9sentant du minist\u00e8re des Affaires religieuses a \u00e9galement exprim\u00e9 la reconnaissance du gouvernement envers les organisateurs, soulignant \u00ab le r\u00f4le crucial des organisations humanitaires et religieuses dans la promotion du dialogue et de la paix sociale \u00bb.<br \/>\nainsi que , le premier ministre chef du gouvernement M. Bah oury et son Pr\u00e9sident le G\u00e9n\u00e9ral Mamadi Doumbouya ont fait parvenir leurs f\u00e9licitations aux participants et ont encourag\u00e9 la poursuite de ce type d\u2019initiatives r\u00e9gionales visant \u00e0 renforcer la solidarit\u00e9 et la paix entre les peuples.<br \/>\nCette deuxi\u00e8me \u00e9dition du forum marque une \u00e9tape importante dans la coop\u00e9ration r\u00e9gionale pour la pr\u00e9vention des conflits et la consolidation de la paix sociale, t\u00e9moignant de l\u2019engagement constant des pays participants \u00e0 \u0153uvrer pour un environnement stable et harmonieux.<\/p>\n<p><strong>Ibrahima Sory Camara\u00a0<\/strong><\/p>\n<\/div>\n<\/div>\n<\/div>\n<\/div>\n","protected":false},"excerpt":{"rendered":"<p>Conakry, mardi 18 novembre 2025 \u2014 Le Comit\u00e9 islamique du Croissant international, en partenariat avec la Croix-Rouge et le Centre pour la Consolidation de la Paix Sociale, a organis\u00e9 ce mardi \u00e0 L\u2019h\u00f4tel Noom la deuxi\u00e8me \u00e9dition du Forum r\u00e9gional de promotion de la paix sociale. L\u2019\u00e9v\u00e9nement a r\u00e9uni des d\u00e9l\u00e9gations venues du B\u00e9nin, du [&hellip;]<\/p>\n","protected":false},"author":2,"featured_media":37464,"comment_status":"closed","ping_status":"closed","sticky":false,"template":"","format":"standard","meta":{"footnotes":""},"categories":[58],"tags":[],"class_list":{"0":"post-37463","1":"post","2":"type-post","3":"status-publish","4":"format-standard","5":"has-post-thumbnail","7":"category-societe"},"_links":{"self":[{"href":"https:\/\/conakrynews.org\/index.php\/wp-json\/wp\/v2\/posts\/37463","targetHints":{"allow":["GET"]}}],"collection":[{"href":"https:\/\/conakrynews.org\/index.php\/wp-json\/wp\/v2\/posts"}],"about":[{"href":"https:\/\/conakrynews.org\/index.php\/wp-json\/wp\/v2\/types\/post"}],"author":[{"embeddable":true,"href":"https:\/\/conakrynews.org\/index.php\/wp-json\/wp\/v2\/users\/2"}],"replies":[{"embeddable":true,"href":"https:\/\/conakrynews.org\/index.php\/wp-json\/wp\/v2\/comments?post=37463"}],"version-history":[{"count":0,"href":"https:\/\/conakrynews.org\/index.php\/wp-json\/wp\/v2\/posts\/37463\/revisions"}],"wp:featuredmedia":[{"embeddable":true,"href":"https:\/\/conakrynews.org\/index.php\/wp-json\/wp\/v2\/media\/37464"}],"wp:attachment":[{"href":"https:\/\/conakrynews.org\/index.php\/wp-json\/wp\/v2\/media?parent=37463"}],"wp:term":[{"taxonomy":"category","embeddable":true,"href":"https:\/\/conakrynews.org\/index.php\/wp-json\/wp\/v2\/categories?post=37463"},{"taxonomy":"post_tag","embeddable":true,"href":"https:\/\/conakrynews.org\/index.php\/wp-json\/wp\/v2\/tags?post=37463"}],"curies":[{"name":"wp","href":"https:\/\/api.w.org\/{rel}","templated":true}]}}