{"id":37497,"date":"2025-11-20T21:31:39","date_gmt":"2025-11-20T21:31:39","guid":{"rendered":"https:\/\/conakrynews.org\/?p=37497"},"modified":"2025-11-20T21:31:39","modified_gmt":"2025-11-20T21:31:39","slug":"evaluation-finale-des-cap-2025-le-matd-ouvre-la-serie-des-huit-ministeres-programmes-pour-la-journee","status":"publish","type":"post","link":"https:\/\/conakrynews.org\/index.php\/evaluation-finale-des-cap-2025-le-matd-ouvre-la-serie-des-huit-ministeres-programmes-pour-la-journee\/","title":{"rendered":"\u00c9valuation finale des CAP 2025: le MATD ouvre la s\u00e9rie des huit minist\u00e8res programm\u00e9s pour la journ\u00e9e"},"content":{"rendered":"<div><\/div>\n<div class=\"clear\">Sous la haute autorit\u00e9 du Premier ministre, Amadou Oury Bah, a d\u00e9but\u00e9 l\u2019\u00e9valuation finale des Contrats Annuels de Performance (CAP), pr\u00e9vue du 20 au 25 novembre 2025. Le Minist\u00e8re de l\u2019Administration du Territoire et de la D\u00e9centralisation a \u00e9t\u00e9 le premier \u00e0 passer devant la Commission, ouvrant ainsi la s\u00e9rie des huit minist\u00e8res inscrits au programme de cette premi\u00e8re journ\u00e9e.<\/div>\n<div class=\"entry\">\n<p>Cet exercice s\u2019inscrit dans le cadre du dispositif national de pilotage et de redevabilit\u00e9 gouvernementale, mis en place depuis la signature des lettres de mission minist\u00e9rielles. Il vise \u00e0 mesurer le niveau d\u2019ex\u00e9cution des engagements, appr\u00e9cier les performances, identifier les obstacles rencontr\u00e9s et orienter les priorit\u00e9s pour l\u2019ann\u00e9e \u00e0 venir.<\/p>\n<p>Le MATD a mis en avant une ann\u00e9e charni\u00e8re, marqu\u00e9e par l\u2019organisation des \u00e9lections, le renforcement de la gestion des fronti\u00e8res, l\u2019am\u00e9lioration de la r\u00e9ponse aux catastrophes et les r\u00e9alisations majeures port\u00e9es par l\u2019ANAFIC : \u00ab\u00a0Le Premier ministre a insist\u00e9 sur un point tr\u00e8s important : poursuivre le processus de d\u00e9centralisation \u00e0 travers la mise en place de la charte de la d\u00e9concentration, qui un axe majeur dans le renforcement du r\u00f4le des gouvernants en mati\u00e8re de territorialisation\u00a0\u00bb, a soulign\u00e9 Mohamed Sik\u00e9 Camara, Secr\u00e9taire g\u00e9n\u00e9ral du MATD.<\/p>\n<p><strong>Avec CCG<\/strong><\/p>\n<\/div>\n","protected":false},"excerpt":{"rendered":"<p>Sous la haute autorit\u00e9 du Premier ministre, Amadou Oury Bah, a d\u00e9but\u00e9 l\u2019\u00e9valuation finale des Contrats Annuels de Performance (CAP), pr\u00e9vue du 20 au 25 novembre 2025. Le Minist\u00e8re de l\u2019Administration du Territoire et de la D\u00e9centralisation a \u00e9t\u00e9 le premier \u00e0 passer devant la Commission, ouvrant ainsi la s\u00e9rie des huit minist\u00e8res inscrits au [&hellip;]<\/p>\n","protected":false},"author":2,"featured_media":37498,"comment_status":"closed","ping_status":"closed","sticky":false,"template":"","format":"standard","meta":{"footnotes":""},"categories":[57],"tags":[],"class_list":{"0":"post-37497","1":"post","2":"type-post","3":"status-publish","4":"format-standard","5":"has-post-thumbnail","7":"category-politique"},"_links":{"self":[{"href":"https:\/\/conakrynews.org\/index.php\/wp-json\/wp\/v2\/posts\/37497","targetHints":{"allow":["GET"]}}],"collection":[{"href":"https:\/\/conakrynews.org\/index.php\/wp-json\/wp\/v2\/posts"}],"about":[{"href":"https:\/\/conakrynews.org\/index.php\/wp-json\/wp\/v2\/types\/post"}],"author":[{"embeddable":true,"href":"https:\/\/conakrynews.org\/index.php\/wp-json\/wp\/v2\/users\/2"}],"replies":[{"embeddable":true,"href":"https:\/\/conakrynews.org\/index.php\/wp-json\/wp\/v2\/comments?post=37497"}],"version-history":[{"count":0,"href":"https:\/\/conakrynews.org\/index.php\/wp-json\/wp\/v2\/posts\/37497\/revisions"}],"wp:featuredmedia":[{"embeddable":true,"href":"https:\/\/conakrynews.org\/index.php\/wp-json\/wp\/v2\/media\/37498"}],"wp:attachment":[{"href":"https:\/\/conakrynews.org\/index.php\/wp-json\/wp\/v2\/media?parent=37497"}],"wp:term":[{"taxonomy":"category","embeddable":true,"href":"https:\/\/conakrynews.org\/index.php\/wp-json\/wp\/v2\/categories?post=37497"},{"taxonomy":"post_tag","embeddable":true,"href":"https:\/\/conakrynews.org\/index.php\/wp-json\/wp\/v2\/tags?post=37497"}],"curies":[{"name":"wp","href":"https:\/\/api.w.org\/{rel}","templated":true}]}}