{"id":37501,"date":"2025-11-21T17:15:54","date_gmt":"2025-11-21T17:15:54","guid":{"rendered":"https:\/\/conakrynews.org\/?p=37501"},"modified":"2025-11-21T17:24:57","modified_gmt":"2025-11-21T17:24:57","slug":"guinee-la-ministre-fatima-camara-annonce-la-tenue-des-journees-portes-ouvertes-sur-le-controle-qualite","status":"publish","type":"post","link":"https:\/\/conakrynews.org\/index.php\/guinee-la-ministre-fatima-camara-annonce-la-tenue-des-journees-portes-ouvertes-sur-le-controle-qualite\/","title":{"rendered":"Guin\u00e9e : La ministre Fatima Camara annonce la tenue des journ\u00e9es\u00a0 portes ouvertes sur la qualit\u00e9"},"content":{"rendered":"<p dir=\"ltr\"><img loading=\"lazy\" decoding=\"async\" class=\"alignnone size-medium wp-image-37511\" src=\"https:\/\/conakrynews.org\/wp-content\/uploads\/2025\/11\/IMG-20251121-WA0027-515x301.jpg\" alt=\"\" width=\"515\" height=\"301\" srcset=\"https:\/\/conakrynews.org\/wp-content\/uploads\/2025\/11\/IMG-20251121-WA0027-515x301.jpg 515w, https:\/\/conakrynews.org\/wp-content\/uploads\/2025\/11\/IMG-20251121-WA0027-768x449.jpg 768w, https:\/\/conakrynews.org\/wp-content\/uploads\/2025\/11\/IMG-20251121-WA0027-150x88.jpg 150w, https:\/\/conakrynews.org\/wp-content\/uploads\/2025\/11\/IMG-20251121-WA0027-300x176.jpg 300w, https:\/\/conakrynews.org\/wp-content\/uploads\/2025\/11\/IMG-20251121-WA0027-696x407.jpg 696w, https:\/\/conakrynews.org\/wp-content\/uploads\/2025\/11\/IMG-20251121-WA0027-1068x625.jpg 1068w, https:\/\/conakrynews.org\/wp-content\/uploads\/2025\/11\/IMG-20251121-WA0027-718x420.jpg 718w, https:\/\/conakrynews.org\/wp-content\/uploads\/2025\/11\/IMG-20251121-WA0027.jpg 1280w\" sizes=\"auto, (max-width: 515px) 100vw, 515px\" \/>Ce vendredi 23 Novembre 2025 \u00e0 Conakry, la Ministre du Commerce, Fatima Camara, et le directeur g\u00e9n\u00e9ral de l\u2019Office National de Contr\u00f4le de Qualit\u00e9 (ONCQ), Mohamed Kadiatou Sylla,\u00a0 \u00e9taient face aux professionnels de la communication pour annoncer la tenue des journ\u00e9es portes ouvertes sur la qualit\u00e9, pr\u00e9vues les 26 et 27\u00a0 dans la capitale Conakry.<\/p>\n<p dir=\"ltr\">C&rsquo;est un\u00a0 \u00e9v\u00e9nement majeur, plac\u00e9 sous le th\u00e8me\u00a0<i><b>\u00ab\u00a0La qualit\u00e9, levier de comp\u00e9titivit\u00e9 et de protection du consommateur\u00a0\u00bb<\/b><\/i>, qui\u00a0 vise \u00e0 renforcer la culture de la qualit\u00e9 en Guin\u00e9e et \u00e0 ancrer le r\u00f4le de l\u2019ONCQ comme acteur strat\u00e9gique de la gouvernance \u00e9conomique en R\u00e9publique de Guin\u00e9e.<\/p>\n<p dir=\"ltr\">Prenant la parole,la Ministre Fatima Camara, a rappel\u00e9 l\u2019importance primordiale de la qualit\u00e9 et de la s\u00e9curit\u00e9 des produits pour la sant\u00e9 des populations, la confiance des march\u00e9s et la comp\u00e9titivit\u00e9 de l\u2019\u00e9conomie guin\u00e9enne, tant au niveau sous-r\u00e9gional qu\u2019international.<\/p>\n<p>Et de pr\u00e9ciser\u00a0 que l\u2019Office National de Contr\u00f4le de Qualit\u00e9 (ONCQ) est l\u2019organe principal de contr\u00f4le d\u00e9sign\u00e9 par la Loi du 4 juillet 2021 portant contr\u00f4le des denr\u00e9es et r\u00e9pression des fraudes commerciales.<\/p>\n<p dir=\"ltr\"><i>\u00a0\u00bb Le travail de l\u2019ONCQ et l\u2019organisation de ces Journ\u00e9es Portes Ouvertes s\u2019inscrivent dans la trajectoire du programme de transformation \u00e0 long terme \u2018Simandou 2040. Ce programme ne se limite pas aux infrastructures, mais suppose \u00e9galement une mont\u00e9e en gamme des produits, une r\u00e9gulation cr\u00e9dible des march\u00e9s et une meilleure tra\u00e7abilit\u00e9 des flux commerciaux \u00ab\u00a0,\u00a0 a\u00a0 expliqu\u00e9\u00a0 la ministre du Commerce.<\/i><\/p>\n<p dir=\"ltr\">De m\u00eame, la patronne du d\u00e9partement du Commerce a indiqu\u00e9 que ces deux journ\u00e9es ambitionnent de renforcer la culture de la qualit\u00e9 et la visibilit\u00e9 de l\u2019ONCQ.\u00a0\u00bb De\u00a0 cr\u00e9er une synergie entre l\u2019administration, les op\u00e9rateurs priv\u00e9s et les consommateurs ; et sensibiliser largement les acteurs sur les enjeux de qualit\u00e9 et de s\u00e9curit\u00e9 sanitaire\u00a0\u00bb, dit-elle.<\/p>\n<p dir=\"ltr\">Selon elle, la premi\u00e8re journ\u00e9e, c\u2019est \u00e0 dire le 26 novembre, se tiendra au palais du peuple pour la c\u00e9r\u00e9monie de lancement et les panels de haut niveau. La seconde, le 27 novembre, se d\u00e9roulera au si\u00e8ge de l\u2019ONCQ \u00e0 Matoto, avec des visites guid\u00e9es des laboratoires.<\/p>\n<p dir=\"ltr\">Pour sa part, le directeur g\u00e9n\u00e9ral, l\u2019Office National de Contr\u00f4le de Qualit\u00e9, Mohamed Kadiatou Sylla est revenu\u00a0 sur la port\u00e9e internationale de l\u2019\u00e9v\u00e9nement.Avant d&rsquo;annoncer aux m\u00e9dias, la pr\u00e9sence du Royaume du Maroc comme invit\u00e9 d\u2019honneur \u00e0\u00a0 ces rencontres pr\u00e9vues.<\/p>\n<p dir=\"ltr\">Pour finir, il\u00a0 a d\u00e9clar\u00e9 que\u00a0 l&rsquo;\u00e9v\u00e9nement sera marqu\u00e9 par\u00a0 l\u2019animation de quatre panels, abordant notamment : le r\u00f4le de la gouvernance dans le soutien \u00e0 l\u2019infrastructure qualit\u00e9 (Vision Simandou 2040) ; la normalisation, la certification et le commerce international ; la s\u00e9curit\u00e9 sanitaire des aliments ; et la culture qualit\u00e9 dans les industries.<\/p>\n<p dir=\"ltr\">\u00c0 noter que plusieurs experts venant du S\u00e9n\u00e9gal, du Burkina Faso et de la C\u00f4te d\u2019Ivoire sont \u00e9galement attendus.<\/p>\n<p dir=\"ltr\">Sylla Ibrahima Kalil,pour <a href=\"http:\/\/www.conakrynews.org\/\" target=\"_blank\" rel=\"noopener noreferrer noreferrer\" data-saferedirecturl=\"https:\/\/www.google.com\/url?q=http:\/\/www.conakrynews.org&amp;source=gmail&amp;ust=1763831486519000&amp;usg=AOvVaw0wR2ARQp2DmqpONLG7ECEl\">www.conakrynews.org<\/a>,625444534<\/p>\n","protected":false},"excerpt":{"rendered":"<p>Ce vendredi 23 Novembre 2025 \u00e0 Conakry, la Ministre du Commerce, Fatima Camara, et le directeur g\u00e9n\u00e9ral de l\u2019Office National de Contr\u00f4le de Qualit\u00e9 (ONCQ), Mohamed Kadiatou Sylla,\u00a0 \u00e9taient face aux professionnels de la communication pour annoncer la tenue des journ\u00e9es portes ouvertes sur la qualit\u00e9, pr\u00e9vues les 26 et 27\u00a0 dans la capitale Conakry. [&hellip;]<\/p>\n","protected":false},"author":2,"featured_media":37505,"comment_status":"closed","ping_status":"closed","sticky":false,"template":"","format":"standard","meta":{"footnotes":""},"categories":[58],"tags":[],"class_list":{"0":"post-37501","1":"post","2":"type-post","3":"status-publish","4":"format-standard","5":"has-post-thumbnail","7":"category-societe"},"_links":{"self":[{"href":"https:\/\/conakrynews.org\/index.php\/wp-json\/wp\/v2\/posts\/37501","targetHints":{"allow":["GET"]}}],"collection":[{"href":"https:\/\/conakrynews.org\/index.php\/wp-json\/wp\/v2\/posts"}],"about":[{"href":"https:\/\/conakrynews.org\/index.php\/wp-json\/wp\/v2\/types\/post"}],"author":[{"embeddable":true,"href":"https:\/\/conakrynews.org\/index.php\/wp-json\/wp\/v2\/users\/2"}],"replies":[{"embeddable":true,"href":"https:\/\/conakrynews.org\/index.php\/wp-json\/wp\/v2\/comments?post=37501"}],"version-history":[{"count":0,"href":"https:\/\/conakrynews.org\/index.php\/wp-json\/wp\/v2\/posts\/37501\/revisions"}],"wp:featuredmedia":[{"embeddable":true,"href":"https:\/\/conakrynews.org\/index.php\/wp-json\/wp\/v2\/media\/37505"}],"wp:attachment":[{"href":"https:\/\/conakrynews.org\/index.php\/wp-json\/wp\/v2\/media?parent=37501"}],"wp:term":[{"taxonomy":"category","embeddable":true,"href":"https:\/\/conakrynews.org\/index.php\/wp-json\/wp\/v2\/categories?post=37501"},{"taxonomy":"post_tag","embeddable":true,"href":"https:\/\/conakrynews.org\/index.php\/wp-json\/wp\/v2\/tags?post=37501"}],"curies":[{"name":"wp","href":"https:\/\/api.w.org\/{rel}","templated":true}]}}