{"id":37585,"date":"2025-11-25T12:17:19","date_gmt":"2025-11-25T12:17:19","guid":{"rendered":"https:\/\/conakrynews.org\/?p=37585"},"modified":"2025-11-25T12:35:16","modified_gmt":"2025-11-25T12:35:16","slug":"37585","status":"publish","type":"post","link":"https:\/\/conakrynews.org\/index.php\/37585\/","title":{"rendered":"La CEDEAO co-pr\u00e9side \u00e0 Dakar le\u00a0 9\u00e8me symposium\u00a0 des chefs\u00a0 d&rsquo;\u2019\u00c9tat-major de marine et commandants de\u00a0 garde-cotes du Golfe de\u00a0 Guin\u00e9e"},"content":{"rendered":"<div dir=\"auto\"><img loading=\"lazy\" decoding=\"async\" class=\"alignnone size-medium wp-image-37592\" src=\"https:\/\/conakrynews.org\/wp-content\/uploads\/2025\/11\/IMG-20251125-WA0008-515x240.jpg\" alt=\"\" width=\"515\" height=\"240\" srcset=\"https:\/\/conakrynews.org\/wp-content\/uploads\/2025\/11\/IMG-20251125-WA0008-515x240.jpg 515w, https:\/\/conakrynews.org\/wp-content\/uploads\/2025\/11\/IMG-20251125-WA0008-768x358.jpg 768w, https:\/\/conakrynews.org\/wp-content\/uploads\/2025\/11\/IMG-20251125-WA0008-1536x716.jpg 1536w, https:\/\/conakrynews.org\/wp-content\/uploads\/2025\/11\/IMG-20251125-WA0008-150x70.jpg 150w, https:\/\/conakrynews.org\/wp-content\/uploads\/2025\/11\/IMG-20251125-WA0008-300x140.jpg 300w, https:\/\/conakrynews.org\/wp-content\/uploads\/2025\/11\/IMG-20251125-WA0008-696x325.jpg 696w, https:\/\/conakrynews.org\/wp-content\/uploads\/2025\/11\/IMG-20251125-WA0008-1068x498.jpg 1068w, https:\/\/conakrynews.org\/wp-content\/uploads\/2025\/11\/IMG-20251125-WA0008-901x420.jpg 901w, https:\/\/conakrynews.org\/wp-content\/uploads\/2025\/11\/IMG-20251125-WA0008.jpg 1600w\" sizes=\"auto, (max-width: 515px) 100vw, 515px\" \/><img loading=\"lazy\" decoding=\"async\" class=\"alignnone size-medium wp-image-37593\" src=\"https:\/\/conakrynews.org\/wp-content\/uploads\/2025\/11\/IMG-20251125-WA0006-175x375.jpg\" alt=\"\" width=\"175\" height=\"375\" srcset=\"https:\/\/conakrynews.org\/wp-content\/uploads\/2025\/11\/IMG-20251125-WA0006-175x375.jpg 175w, https:\/\/conakrynews.org\/wp-content\/uploads\/2025\/11\/IMG-20251125-WA0006-716x1536.jpg 716w, https:\/\/conakrynews.org\/wp-content\/uploads\/2025\/11\/IMG-20251125-WA0006-150x322.jpg 150w, https:\/\/conakrynews.org\/wp-content\/uploads\/2025\/11\/IMG-20251125-WA0006-300x643.jpg 300w, https:\/\/conakrynews.org\/wp-content\/uploads\/2025\/11\/IMG-20251125-WA0006-696x1493.jpg 696w, https:\/\/conakrynews.org\/wp-content\/uploads\/2025\/11\/IMG-20251125-WA0006-196x420.jpg 196w, https:\/\/conakrynews.org\/wp-content\/uploads\/2025\/11\/IMG-20251125-WA0006.jpg 746w\" sizes=\"auto, (max-width: 175px) 100vw, 175px\" \/><\/div>\n<div dir=\"auto\"><\/div>\n<div dir=\"auto\">S.E. Madame Damtien TCHINTCHIBIDJA, Vice-Pr\u00e9sidente de la Commission de la CEDEAO, a co-pr\u00e9sid\u00e9 \u00e0 Dakar, aux c\u00f4t\u00e9s du ministre s\u00e9n\u00e9galais des Forces arm\u00e9es, le g\u00e9n\u00e9ral Birame DIOP, la c\u00e9r\u00e9monie d\u2019ouverture du 9\u1d49 symposium des Chefs d\u2019\u00e9tat-major de marine et Commandants de garde-c\u00f4tes du Golfe de Guin\u00e9e, qui s\u2019est tenu du 18 au 20 novembre 2025.<\/div>\n<div dir=\"auto\"><\/div>\n<div dir=\"auto\">Elle y a rappel\u00e9 l\u2019importance strat\u00e9gique du Golfe de Guin\u00e9e pour l\u2019\u00e9conomie mondiale et la s\u00e9curit\u00e9 maritime r\u00e9gionale, soulignant son r\u00f4le dans la production p\u00e9troli\u00e8re et les \u00e9changes internationaux. La Vice-Pr\u00e9sidente a \u00e9galement \u00e9voqu\u00e9 le soutien de la CEDEAO \u00e0 ses \u00c9tats membres, notamment \u00e0 travers le syst\u00e8me d\u2019alerte pr\u00e9coce ECOWARN, qui surveille les risques li\u00e9s \u00e0 la s\u00e9curit\u00e9 maritime et aux activit\u00e9s criminelles affectant les communaut\u00e9s c\u00f4ti\u00e8res.<\/div>\n<div dir=\"auto\"><\/div>\n<div dir=\"auto\">Service de Communication<\/div>\n<div dir=\"auto\"><\/div>\n<div dir=\"auto\"><\/div>\n","protected":false},"excerpt":{"rendered":"<p>S.E. Madame Damtien TCHINTCHIBIDJA, Vice-Pr\u00e9sidente de la Commission de la CEDEAO, a co-pr\u00e9sid\u00e9 \u00e0 Dakar, aux c\u00f4t\u00e9s du ministre s\u00e9n\u00e9galais des Forces arm\u00e9es, le g\u00e9n\u00e9ral Birame DIOP, la c\u00e9r\u00e9monie d\u2019ouverture du 9\u1d49 symposium des Chefs d\u2019\u00e9tat-major de marine et Commandants de garde-c\u00f4tes du Golfe de Guin\u00e9e, qui s\u2019est tenu du 18 au 20 novembre 2025. [&hellip;]<\/p>\n","protected":false},"author":2,"featured_media":37591,"comment_status":"closed","ping_status":"closed","sticky":false,"template":"","format":"standard","meta":{"footnotes":""},"categories":[57],"tags":[],"class_list":{"0":"post-37585","1":"post","2":"type-post","3":"status-publish","4":"format-standard","5":"has-post-thumbnail","7":"category-politique"},"_links":{"self":[{"href":"https:\/\/conakrynews.org\/index.php\/wp-json\/wp\/v2\/posts\/37585","targetHints":{"allow":["GET"]}}],"collection":[{"href":"https:\/\/conakrynews.org\/index.php\/wp-json\/wp\/v2\/posts"}],"about":[{"href":"https:\/\/conakrynews.org\/index.php\/wp-json\/wp\/v2\/types\/post"}],"author":[{"embeddable":true,"href":"https:\/\/conakrynews.org\/index.php\/wp-json\/wp\/v2\/users\/2"}],"replies":[{"embeddable":true,"href":"https:\/\/conakrynews.org\/index.php\/wp-json\/wp\/v2\/comments?post=37585"}],"version-history":[{"count":0,"href":"https:\/\/conakrynews.org\/index.php\/wp-json\/wp\/v2\/posts\/37585\/revisions"}],"wp:featuredmedia":[{"embeddable":true,"href":"https:\/\/conakrynews.org\/index.php\/wp-json\/wp\/v2\/media\/37591"}],"wp:attachment":[{"href":"https:\/\/conakrynews.org\/index.php\/wp-json\/wp\/v2\/media?parent=37585"}],"wp:term":[{"taxonomy":"category","embeddable":true,"href":"https:\/\/conakrynews.org\/index.php\/wp-json\/wp\/v2\/categories?post=37585"},{"taxonomy":"post_tag","embeddable":true,"href":"https:\/\/conakrynews.org\/index.php\/wp-json\/wp\/v2\/tags?post=37585"}],"curies":[{"name":"wp","href":"https:\/\/api.w.org\/{rel}","templated":true}]}}