{"id":37631,"date":"2025-11-26T19:48:46","date_gmt":"2025-11-26T19:48:46","guid":{"rendered":"https:\/\/conakrynews.org\/?p=37631"},"modified":"2025-11-26T19:52:21","modified_gmt":"2025-11-26T19:52:21","slug":"conakry-la-ministre-fatima-camara-preside-louverture-des-journees-portes-ouvertes-sur-la-qualite","status":"publish","type":"post","link":"https:\/\/conakrynews.org\/index.php\/conakry-la-ministre-fatima-camara-preside-louverture-des-journees-portes-ouvertes-sur-la-qualite\/","title":{"rendered":"Conakry : La Ministre Fatima Camara pr\u00e9side l&rsquo;ouverture des journ\u00e9es portes ouvertes sur la qualit\u00e9"},"content":{"rendered":"<p dir=\"ltr\">Ce mercredi 26 Novembre 2025 \u00e0 Conakry, la ministre du Commerce,Fatima Camara, a pr\u00e9sid\u00e9 la c\u00e9r\u00e9monie d&rsquo;ouverture des journ\u00e9es portes ouvertes de l&rsquo;Office National de Contr\u00f4le de Qualit\u00e9 (ONCQ)\u00a0 dans la salle de Congr\u00e8s du Palais du peuple.Sois\u00a0 le th\u00e8me\u00a0 central : \u00ab La qualit\u00e9, levier de comp\u00e9<img loading=\"lazy\" decoding=\"async\" class=\"alignnone size-medium wp-image-37632\" src=\"https:\/\/conakrynews.org\/wp-content\/uploads\/2025\/11\/IMG_20251126_112022-498x375.jpg\" alt=\"\" width=\"498\" height=\"375\" srcset=\"https:\/\/conakrynews.org\/wp-content\/uploads\/2025\/11\/IMG_20251126_112022-498x375.jpg 498w, https:\/\/conakrynews.org\/wp-content\/uploads\/2025\/11\/IMG_20251126_112022-768x578.jpg 768w, https:\/\/conakrynews.org\/wp-content\/uploads\/2025\/11\/IMG_20251126_112022-1536x1157.jpg 1536w, https:\/\/conakrynews.org\/wp-content\/uploads\/2025\/11\/IMG_20251126_112022-2048x1542.jpg 2048w, https:\/\/conakrynews.org\/wp-content\/uploads\/2025\/11\/IMG_20251126_112022-150x113.jpg 150w, https:\/\/conakrynews.org\/wp-content\/uploads\/2025\/11\/IMG_20251126_112022-300x226.jpg 300w, https:\/\/conakrynews.org\/wp-content\/uploads\/2025\/11\/IMG_20251126_112022-696x524.jpg 696w, https:\/\/conakrynews.org\/wp-content\/uploads\/2025\/11\/IMG_20251126_112022-1068x804.jpg 1068w, https:\/\/conakrynews.org\/wp-content\/uploads\/2025\/11\/IMG_20251126_112022-1920x1446.jpg 1920w, https:\/\/conakrynews.org\/wp-content\/uploads\/2025\/11\/IMG_20251126_112022-558x420.jpg 558w, https:\/\/conakrynews.org\/wp-content\/uploads\/2025\/11\/IMG_20251126_112022-80x60.jpg 80w\" sizes=\"auto, (max-width: 498px) 100vw, 498px\" \/> <img loading=\"lazy\" decoding=\"async\" class=\"alignnone size-medium wp-image-37634\" src=\"https:\/\/conakrynews.org\/wp-content\/uploads\/2025\/11\/IMG_20251126_142656-498x375.jpg\" alt=\"\" width=\"498\" height=\"375\" srcset=\"https:\/\/conakrynews.org\/wp-content\/uploads\/2025\/11\/IMG_20251126_142656-498x375.jpg 498w, https:\/\/conakrynews.org\/wp-content\/uploads\/2025\/11\/IMG_20251126_142656-768x578.jpg 768w, https:\/\/conakrynews.org\/wp-content\/uploads\/2025\/11\/IMG_20251126_142656-1536x1157.jpg 1536w, https:\/\/conakrynews.org\/wp-content\/uploads\/2025\/11\/IMG_20251126_142656-2048x1542.jpg 2048w, https:\/\/conakrynews.org\/wp-content\/uploads\/2025\/11\/IMG_20251126_142656-150x113.jpg 150w, https:\/\/conakrynews.org\/wp-content\/uploads\/2025\/11\/IMG_20251126_142656-300x226.jpg 300w, https:\/\/conakrynews.org\/wp-content\/uploads\/2025\/11\/IMG_20251126_142656-696x524.jpg 696w, https:\/\/conakrynews.org\/wp-content\/uploads\/2025\/11\/IMG_20251126_142656-1068x804.jpg 1068w, https:\/\/conakrynews.org\/wp-content\/uploads\/2025\/11\/IMG_20251126_142656-1920x1446.jpg 1920w, https:\/\/conakrynews.org\/wp-content\/uploads\/2025\/11\/IMG_20251126_142656-558x420.jpg 558w, https:\/\/conakrynews.org\/wp-content\/uploads\/2025\/11\/IMG_20251126_142656-80x60.jpg 80w\" sizes=\"auto, (max-width: 498px) 100vw, 498px\" \/>tivit\u00e9 et de protection du consommateur \u00bb, cette premi\u00e8re journ\u00e9e a\u00a0 connu\u00a0 la forte mobilisation des acteurs \u00e9conomiques, des hauts cadres de l&rsquo;administration publique guin\u00e9enne,des partenaires techniques et financiers,des repr\u00e9sentants des Entreprises priv\u00e9es de la place,des invit\u00e9s venus du S\u00e9n\u00e9gal, du Burkuna Faso et de la C\u00f4te d&rsquo;Ivoire, ainsi que des repr\u00e9sentants des corps Consulaires et Ambassades accr\u00e9dit\u00e9s en Guin\u00e9e.<\/p>\n<p dir=\"ltr\">Dans son discours de bienvenue,le directeur g\u00e9n\u00e9ral de l\u2019Office National de Contr\u00f4le de Qualit\u00e9, Mohamed Kadiatou Sylla, a d\u00e9clar\u00e9 :\u00a0\u00bb Les journ\u00e9es portes ouvertes constituent\u00a0 un triple rendez-vous essentiel qui vise \u00e0\u00a0 promouvoir la culture de la qualit\u00e9; renforcer la visibilit\u00e9 des missions de l\u2019ONCQ mais aussi et surtout favoriser un dialogue constructif entre les institutions, les entreprises et les consommateurs\u00a0\u00bb.<\/p>\n<p dir=\"ltr\"><i>Selon lui, la qualit\u00e9 n\u2019est pas qu\u2019une norme, c\u2019est un \u00e9tat d\u2019esprit. C\u2019est une exigence collective, un facteur d\u2019innovation et un gage de durabilit\u00e9 .<\/i><\/p>\n<p dir=\"ltr\">De m\u00eame ,le patron de l&rsquo;ONCD, a r\u00e9affirm\u00e9 l\u2019engagement\u00a0 de son institution \u00e0 moderniser ses laboratoires et \u00e0 d\u00e9centraliser ses services pour garantir la fiabilit\u00e9 des produits, tant pour le march\u00e9 local que pour l\u2019exportation.<\/p>\n<p dir=\"ltr\">Il a ensuite lanc\u00e9 un appel fort aux autorit\u00e9s pr\u00e9sentes pour l\u2019institutionnalisation des Journ\u00e9es Nationales de la Qualit\u00e9 en R\u00e9publique de Guin\u00e9e, selon lui cette action favorisera le d\u00e9veloppement des activit\u00e9s de l&rsquo;ONCD.<\/p>\n<p dir=\"ltr\">Pour sa part,la ministre du Commerce, Fatima Camara , a rappel\u00e9 que\u00a0 qualit\u00e9 \u00e9tait au c\u0153ur de la trajectoire de transformation engag\u00e9e par la Guin\u00e9e sous la directive du Pr\u00e9sident de la R\u00e9publique, Mamadi Doumbouya.<\/p>\n<p dir=\"ltr\">\u00a0Et de poursuivre, la ministre a insist\u00e9\u00a0 l&rsquo;impact direct de la qualit\u00e9 sur la sant\u00e9 des familles, avant d&rsquo;\u00e9voquer la protection du pouvoir d\u2019achat et la cr\u00e9dibilit\u00e9 du pays sur la sc\u00e8ne internationale.<\/p>\n<p dir=\"ltr\">Selon la ministre, les fondations l\u00e9gales de l\u2019action de l\u2019ONCQ sont entres autres : la loi alimentaire et la loi de l\u2019\u00e9conomie, qui lui conf\u00e8rent un mandat pr\u00e9cis de contr\u00f4le, d\u2019analyse et de conseil.<br \/>\n<i><br \/>\n<\/i><\/p>\n<p dir=\"ltr\"><i>\u00ab\u00a0L\u2019objectif de ces journ\u00e9es est de sortir le travail de contr\u00f4le de l\u2019ombre pour le rendre visible et partageable. Car, pour elle, l\u2019ambition consiste \u00e0 prot\u00e9ger les citoyens en instaurant la confiance dans les produits ; renforcer la comp\u00e9titivit\u00e9 des op\u00e9rateurs \u00e9conomiques sur les march\u00e9s internationaux\u00a0\u00bb<\/i>a-t-elle dit.<br \/>\nC\u2019est pourquoi, au terme de ses propos, la ministre Fatima Camara a lanc\u00e9 un appel solennel \u00e0 l\u2019ensemble des acteurs. Notamment \u00e0 l\u2019administration, pour un soutien aux synergies interminist\u00e9rielles (Sant\u00e9, Agriculture, Justice\u2026). Aux entreprises, pour faire de la qualit\u00e9 un axe strat\u00e9gique central. Aux partenaires techniques et financiers, pour poursuivre l\u2019accompagnement du renforcement de la qualit\u00e9 en Guin\u00e9e\u00a0\u00bb, a\u00a0 conclu la ministre du Commerce.<\/p>\n<p dir=\"ltr\">A rappeler que l&rsquo;\u2019\u00e9v\u00e9nement se poursuivra jeudi, 27 novembre \u00e0 la direction g\u00e9n\u00e9rale de l\u2019ONCQ \u00e0 Matoto.<\/p>\n<p dir=\"ltr\">Sylla Ibrahima Kalil, pour\u00a0<a href=\"http:\/\/www.conakrynrws.org\/\" target=\"_blank\" rel=\"noopener noreferrer noreferrer noreferrer\" data-saferedirecturl=\"https:\/\/www.google.com\/url?q=http:\/\/www.conakrynrws.org&amp;source=gmail&amp;ust=1764272332588000&amp;usg=AOvVaw1-bHZgA2i0Vhp5C7AtC71A\">www.conakrynrws.org<\/a>,625444534<\/p>\n","protected":false},"excerpt":{"rendered":"<p>Ce mercredi 26 Novembre 2025 \u00e0 Conakry, la ministre du Commerce,Fatima Camara, a pr\u00e9sid\u00e9 la c\u00e9r\u00e9monie d&rsquo;ouverture des journ\u00e9es portes ouvertes de l&rsquo;Office National de Contr\u00f4le de Qualit\u00e9 (ONCQ)\u00a0 dans la salle de Congr\u00e8s du Palais du peuple.Sois\u00a0 le th\u00e8me\u00a0 central : \u00ab La qualit\u00e9, levier de comp\u00e9 tivit\u00e9 et de protection du consommateur \u00bb, [&hellip;]<\/p>\n","protected":false},"author":2,"featured_media":37635,"comment_status":"closed","ping_status":"closed","sticky":false,"template":"","format":"standard","meta":{"footnotes":""},"categories":[58],"tags":[],"class_list":{"0":"post-37631","1":"post","2":"type-post","3":"status-publish","4":"format-standard","5":"has-post-thumbnail","7":"category-societe"},"_links":{"self":[{"href":"https:\/\/conakrynews.org\/index.php\/wp-json\/wp\/v2\/posts\/37631","targetHints":{"allow":["GET"]}}],"collection":[{"href":"https:\/\/conakrynews.org\/index.php\/wp-json\/wp\/v2\/posts"}],"about":[{"href":"https:\/\/conakrynews.org\/index.php\/wp-json\/wp\/v2\/types\/post"}],"author":[{"embeddable":true,"href":"https:\/\/conakrynews.org\/index.php\/wp-json\/wp\/v2\/users\/2"}],"replies":[{"embeddable":true,"href":"https:\/\/conakrynews.org\/index.php\/wp-json\/wp\/v2\/comments?post=37631"}],"version-history":[{"count":0,"href":"https:\/\/conakrynews.org\/index.php\/wp-json\/wp\/v2\/posts\/37631\/revisions"}],"wp:featuredmedia":[{"embeddable":true,"href":"https:\/\/conakrynews.org\/index.php\/wp-json\/wp\/v2\/media\/37635"}],"wp:attachment":[{"href":"https:\/\/conakrynews.org\/index.php\/wp-json\/wp\/v2\/media?parent=37631"}],"wp:term":[{"taxonomy":"category","embeddable":true,"href":"https:\/\/conakrynews.org\/index.php\/wp-json\/wp\/v2\/categories?post=37631"},{"taxonomy":"post_tag","embeddable":true,"href":"https:\/\/conakrynews.org\/index.php\/wp-json\/wp\/v2\/tags?post=37631"}],"curies":[{"name":"wp","href":"https:\/\/api.w.org\/{rel}","templated":true}]}}