{"id":37643,"date":"2025-11-26T20:26:06","date_gmt":"2025-11-26T20:26:06","guid":{"rendered":"https:\/\/conakrynews.org\/?p=37643"},"modified":"2025-11-26T20:26:06","modified_gmt":"2025-11-26T20:26:06","slug":"guinee-bissau-des-militaires-declarent-avoir-pris-le-controle-total-du-pays","status":"publish","type":"post","link":"https:\/\/conakrynews.org\/index.php\/guinee-bissau-des-militaires-declarent-avoir-pris-le-controle-total-du-pays\/","title":{"rendered":"Guin\u00e9e-Bissau : des militaires d\u00e9clarent avoir pris le \u00ab\u00a0contr\u00f4le total du pays\u00a0\u00bb"},"content":{"rendered":"<div><\/div>\n<div class=\"clear\">En Guin\u00e9e-Bissau, trois jours apr\u00e8s les \u00e9lections pr\u00e9sidentielle et l\u00e9gislatives, des militaires ont annonc\u00e9 avoir pris le \u00ab contr\u00f4le total du pays \u00bb et \u00ab suspendu le processus \u00e9lectoral \u00bb. Selon Jeune Afrique, le pr\u00e9sident Umaru Sissoco Embalo affirme avoir \u00e9t\u00e9 arr\u00eat\u00e9 au palais pr\u00e9sidentiel.<\/div>\n<div class=\"entry\">\n<p>Plus t\u00f4t dans la journ\u00e9e, des tirs avaient \u00e9t\u00e9 entendus pr\u00e8s du palais pr\u00e9sidentiel et des hommes en tenues militaires ont pris possession de la principale art\u00e8re menant vers le palais.\u00a0Ces militaires se sont exprim\u00e9s en lisant un communiqu\u00e9 au si\u00e8ge de l\u2019\u00e9tat-major des arm\u00e9es dans la capitale Bissau.<\/p>\n<p>Sur son site, le m\u00e9dia\u00a0<a href=\"https:\/\/www.jeuneafrique.com\/1743734\/politique\/guinee-bissau-umaro-sissoco-embalo-se-dit-victime-dun-coup-detat\/\" target=\"_blank\" rel=\"noopener noreferrer\">Jeune Afrique<\/a>\u00a0a annonc\u00e9 que le pr\u00e9sident\u00a0<a href=\"https:\/\/www.france24.com\/fr\/tag\/umaro-sissoco-embalo\/\" target=\"_self\" rel=\"noopener noreferrer\">Umaru Sissoco Embalo<\/a>\u00a0les a lui-m\u00eame contact\u00e9s pour annoncer qu\u2019il a \u00e9t\u00e9 arr\u00eat\u00e9 dans son bureau du palais pr\u00e9sidentiel, vers midi (TU).<\/p>\n<p>Il affirme que son ministre de l\u2019Int\u00e9rieur, Botch\u00e9 Cand\u00e9, a \u00e9galement \u00e9t\u00e9 mis aux arr\u00eats, tout comme le chef d\u2019\u00e9tat-major g\u00e9n\u00e9ral des arm\u00e9es et son adjoint, les g\u00e9n\u00e9raux Biague Na Ntan et Mamadou Tour\u00e9.<\/p>\n<h2>Le pr\u00e9sident d\u00e9nonce un coup d\u2019\u00c9tat<\/h2>\n<p>Toujours selon\u00a0Jeune Afrique, le pr\u00e9sident affirme ne pas avoir subi de violence et accuse le chef d\u2019\u00e9tat-major de l\u2019arm\u00e9e de Terre d\u2019avoir foment\u00e9 le coup d\u2019\u00c9tat.<\/p>\n<p>Le camp du pr\u00e9sident sortant et le candidat de l\u2019opposition Fernando Dias de Costa ont chacun revendiqu\u00e9 la victoire mardi, alors que les r\u00e9sultats provisoires officiels ne sont attendus que jeudi dans ce pays coutumier des troubles politiques, qui a connu quatre coups d\u2019\u00c9tat et une kyrielle de tentatives de putsch depuis son ind\u00e9pendance.<\/p>\n<p>\u00ab\u00a0On est habitu\u00e9s \u00e0 Bissau\u00a0\u00bb, a lanc\u00e9 \u00e0 l\u2019AFP un passant fuyant les lieux.<\/p>\n<p>Le pr\u00e9sident sortant est donn\u00e9 favori pour remporter la pr\u00e9sidentielle qui s\u2019est d\u00e9roul\u00e9e dans le calme, mais sans le principal parti d\u2019opposition, le PAIGC, et son candidat,\u00a0<a href=\"https:\/\/www.france24.com\/fr\/vid%C3%A9o\/20251016-pr%C3%A9sidentielle-en-guin%C3%A9e-bissau-domingos-sim%C3%B5es-pereira-exclu-de-la-liste\" target=\"_self\" rel=\"noopener noreferrer\">Domingoes Simoes Pereira<\/a>.<\/p>\n<p>Le PAIGC et Domingoes Simoes Pereira soutiennent Fernando Dias da Costa.<\/p>\n<p>Les r\u00e9sultats provisoires officiels, attendus jeudi, doivent ensuite \u00eatre valid\u00e9s par la Cour supr\u00eame \u00e0 une date qui n\u2019est pas encore connue.<\/p>\n<p>La proclamation des r\u00e9sultats \u00e9lectoraux a souvent donn\u00e9 lieu \u00e0 des mouvements de contestation dans le pays.<\/p>\n<p>La pr\u00e9c\u00e9dente pr\u00e9sidentielle, en 2019, avait d\u00e9bouch\u00e9 sur plusieurs mois de crise post-\u00e9lectorale, Umaro Sissoco Embalo et son adversaire Domingoes Simoes Pereira revendiquant tous deux la victoire.<\/p>\n<p>&nbsp;<\/p>\n<p><strong><em>Avec AFP<\/em><\/strong><\/p>\n<\/div>\n","protected":false},"excerpt":{"rendered":"<p>En Guin\u00e9e-Bissau, trois jours apr\u00e8s les \u00e9lections pr\u00e9sidentielle et l\u00e9gislatives, des militaires ont annonc\u00e9 avoir pris le \u00ab contr\u00f4le total du pays \u00bb et \u00ab suspendu le processus \u00e9lectoral \u00bb. Selon Jeune Afrique, le pr\u00e9sident Umaru Sissoco Embalo affirme avoir \u00e9t\u00e9 arr\u00eat\u00e9 au palais pr\u00e9sidentiel. Plus t\u00f4t dans la journ\u00e9e, des tirs avaient \u00e9t\u00e9 entendus [&hellip;]<\/p>\n","protected":false},"author":2,"featured_media":37644,"comment_status":"closed","ping_status":"closed","sticky":false,"template":"","format":"standard","meta":{"footnotes":""},"categories":[57],"tags":[],"class_list":{"0":"post-37643","1":"post","2":"type-post","3":"status-publish","4":"format-standard","5":"has-post-thumbnail","7":"category-politique"},"_links":{"self":[{"href":"https:\/\/conakrynews.org\/index.php\/wp-json\/wp\/v2\/posts\/37643","targetHints":{"allow":["GET"]}}],"collection":[{"href":"https:\/\/conakrynews.org\/index.php\/wp-json\/wp\/v2\/posts"}],"about":[{"href":"https:\/\/conakrynews.org\/index.php\/wp-json\/wp\/v2\/types\/post"}],"author":[{"embeddable":true,"href":"https:\/\/conakrynews.org\/index.php\/wp-json\/wp\/v2\/users\/2"}],"replies":[{"embeddable":true,"href":"https:\/\/conakrynews.org\/index.php\/wp-json\/wp\/v2\/comments?post=37643"}],"version-history":[{"count":0,"href":"https:\/\/conakrynews.org\/index.php\/wp-json\/wp\/v2\/posts\/37643\/revisions"}],"wp:featuredmedia":[{"embeddable":true,"href":"https:\/\/conakrynews.org\/index.php\/wp-json\/wp\/v2\/media\/37644"}],"wp:attachment":[{"href":"https:\/\/conakrynews.org\/index.php\/wp-json\/wp\/v2\/media?parent=37643"}],"wp:term":[{"taxonomy":"category","embeddable":true,"href":"https:\/\/conakrynews.org\/index.php\/wp-json\/wp\/v2\/categories?post=37643"},{"taxonomy":"post_tag","embeddable":true,"href":"https:\/\/conakrynews.org\/index.php\/wp-json\/wp\/v2\/tags?post=37643"}],"curies":[{"name":"wp","href":"https:\/\/api.w.org\/{rel}","templated":true}]}}