{"id":37667,"date":"2025-11-28T09:17:18","date_gmt":"2025-11-28T09:17:18","guid":{"rendered":"https:\/\/conakrynews.org\/?p=37667"},"modified":"2025-11-28T09:42:48","modified_gmt":"2025-11-28T09:42:48","slug":"37667","status":"publish","type":"post","link":"https:\/\/conakrynews.org\/index.php\/37667\/","title":{"rendered":"Processus \u00e9lectoral : le premier ministre re\u00e7oit les ambassadeurs de l\u2019union europ\u00e9enne"},"content":{"rendered":"<div><\/div>\n<div><\/div>\n<div class=\"clear\">Le Premier ministre, Chef du Gouvernement, a re\u00e7u une d\u00e9l\u00e9gation des ambassadeurs de l\u2019Union europ\u00e9enne conduite par M. Xavier STICKER, Ambassadeur de l\u2019UE en Guin\u00e9e.<\/div>\n<div class=\"entry\">\n<p>L\u2019objectif de cette rencontre \u00e9tait de faire le point sur le contexte pr\u00e9\u00e9lectoral, \u00e0 quelques jours du lancement officiel de la campagne pr\u00e9sidentielle pr\u00e9vu le 28 novembre.<\/p>\n<p>\u00c0 l\u2019issue de l\u2019\u00e9change, l\u2019ambassadeur de l\u2019Union europ\u00e9enne a r\u00e9affirm\u00e9 l\u2019engagement constant de l\u2019UE aux c\u00f4t\u00e9s de la Guin\u00e9e : \u00ab Nous sommes venus \u00e9changer sur la campagne \u00e9lectorale qui s\u2019ouvre sous peu. L\u2019Union europ\u00e9enne souhaite accompagner la Guin\u00e9e dans le processus. [\u2026]Nous appelons \u00e0 une \u00e9lection pr\u00e9sidentielle apais\u00e9e, ouverte, et porteuse d\u2019adh\u00e9sion autour du leader qui sera choisi. Nous rencontrerons l\u2019ensemble des candidats retenus par la Cour supr\u00eame afin d\u2019\u00e9couter leurs orientations et leurs aspirations pour la Guin\u00e9e. [\u2026]Le choix appartient aux Guin\u00e9ens, et il est essentiel qu\u2019ils puissent s\u2019exprimer librement et pacifiquement tout au long de cette campagne. \u00bb<\/p>\n<p>Pour rappel, Cette audience s\u2019inscrit dans la dynamique de dialogue permanent entre le Gouvernement et ses partenaires, en vue d\u2019un processus \u00e9lectoral transparent, cr\u00e9dible et apais\u00e9.<\/p>\n<p>&nbsp;<\/p>\n<p><strong>Avec CCG<\/strong><\/p>\n<\/div>\n<div class=\"share-post\">\n<p>&nbsp;<\/p>\n<\/div>\n","protected":false},"excerpt":{"rendered":"<p>Le Premier ministre, Chef du Gouvernement, a re\u00e7u une d\u00e9l\u00e9gation des ambassadeurs de l\u2019Union europ\u00e9enne conduite par M. Xavier STICKER, Ambassadeur de l\u2019UE en Guin\u00e9e. L\u2019objectif de cette rencontre \u00e9tait de faire le point sur le contexte pr\u00e9\u00e9lectoral, \u00e0 quelques jours du lancement officiel de la campagne pr\u00e9sidentielle pr\u00e9vu le 28 novembre. \u00c0 l\u2019issue de [&hellip;]<\/p>\n","protected":false},"author":2,"featured_media":37672,"comment_status":"closed","ping_status":"closed","sticky":false,"template":"","format":"standard","meta":{"footnotes":""},"categories":[57],"tags":[],"class_list":{"0":"post-37667","1":"post","2":"type-post","3":"status-publish","4":"format-standard","5":"has-post-thumbnail","7":"category-politique"},"_links":{"self":[{"href":"https:\/\/conakrynews.org\/index.php\/wp-json\/wp\/v2\/posts\/37667","targetHints":{"allow":["GET"]}}],"collection":[{"href":"https:\/\/conakrynews.org\/index.php\/wp-json\/wp\/v2\/posts"}],"about":[{"href":"https:\/\/conakrynews.org\/index.php\/wp-json\/wp\/v2\/types\/post"}],"author":[{"embeddable":true,"href":"https:\/\/conakrynews.org\/index.php\/wp-json\/wp\/v2\/users\/2"}],"replies":[{"embeddable":true,"href":"https:\/\/conakrynews.org\/index.php\/wp-json\/wp\/v2\/comments?post=37667"}],"version-history":[{"count":0,"href":"https:\/\/conakrynews.org\/index.php\/wp-json\/wp\/v2\/posts\/37667\/revisions"}],"wp:featuredmedia":[{"embeddable":true,"href":"https:\/\/conakrynews.org\/index.php\/wp-json\/wp\/v2\/media\/37672"}],"wp:attachment":[{"href":"https:\/\/conakrynews.org\/index.php\/wp-json\/wp\/v2\/media?parent=37667"}],"wp:term":[{"taxonomy":"category","embeddable":true,"href":"https:\/\/conakrynews.org\/index.php\/wp-json\/wp\/v2\/categories?post=37667"},{"taxonomy":"post_tag","embeddable":true,"href":"https:\/\/conakrynews.org\/index.php\/wp-json\/wp\/v2\/tags?post=37667"}],"curies":[{"name":"wp","href":"https:\/\/api.w.org\/{rel}","templated":true}]}}