{"id":37707,"date":"2025-11-30T06:32:00","date_gmt":"2025-11-30T06:32:00","guid":{"rendered":"https:\/\/conakrynews.org\/?p=37707"},"modified":"2025-11-30T06:32:00","modified_gmt":"2025-11-30T06:32:00","slug":"guinee-demarrage-des-travaux-de-reconstruction-de-la-rn5-un-axe-strategique-de-135-km-reliant-mamou-a-labe","status":"publish","type":"post","link":"https:\/\/conakrynews.org\/index.php\/guinee-demarrage-des-travaux-de-reconstruction-de-la-rn5-un-axe-strategique-de-135-km-reliant-mamou-a-labe\/","title":{"rendered":"Guin\u00e9e: d\u00e9marrage des travaux de reconstruction de la RN5, un axe strat\u00e9gique de 135 km reliant Mamou \u00e0 Lab\u00e9"},"content":{"rendered":"<div><\/div>\n<div class=\"clear\">Le Premier ministre, Amadou Oury Bah, Chef du Gouvernement, repr\u00e9sentant le Pr\u00e9sident de la R\u00e9publique Mamadi Doumbouya, a pr\u00e9sid\u00e9 la c\u00e9r\u00e9monie officielle de lancement des travaux de reconstruction de la RN5, un axe strat\u00e9gique de 135 km reliant Mamou \u00e0 Lab\u00e9.<\/div>\n<div class=\"entry\">\n<div class=\"elementor-element elementor-element-77521c64 elementor-widget elementor-widget-theme-post-content\" data-id=\"77521c64\" data-element_type=\"widget\" data-widget_type=\"theme-post-content.default\">\n<div class=\"elementor-widget-container\">\n<p>Cet \u00e9v\u00e9nement majeur s\u2019inscrit dans la vision nationale de transformation port\u00e9e par le Chef de l\u2019\u00c9tat, incarn\u00e9e \u00e0 travers le programme Simandou 2040, qui vise la modernisation des infrastructures, la coh\u00e9sion territoriale et l\u2019\u00e9mergence d\u2019une Guin\u00e9e plus connect\u00e9e et plus comp\u00e9titive.<\/p>\n<p>Autour du Premier ministre, plusieurs voix fortes ont port\u00e9 le message du d\u00e9veloppement, chacune traduisant l\u2019espoir et l\u2019engagement.<\/p>\n<p>Ouvrant la c\u00e9r\u00e9monie, le Gouverneur de Lab\u00e9 Colonel Robert SOUMAH a rappel\u00e9 l\u2019importance de cet axe pour les populations :<\/p>\n<p>\u00ab Le lancement de ces travaux marque l\u2019ouverture d\u2019une nouvelle \u00e8re de progr\u00e8s et de modernit\u00e9 pour notre r\u00e9gion. La RN5 est un lien vital pour nos populations et un moteur de d\u00e9veloppement. \u00bb<\/p>\n<p>Dans la m\u00eame dynamique, le Vice-pr\u00e9sident de la D\u00e9l\u00e9gation sp\u00e9ciale de Garamb\u00e9 a Abdourahamane SOW port\u00e9 la voix des communaut\u00e9s locales :<\/p>\n<p>\u00ab Cette route est un patrimoine commun. Sa reconstruction repr\u00e9sente un immense soulagement pour nos communaut\u00e9s et un espoir renouvel\u00e9 pour l\u2019\u00e9conomie locale. \u00bb<\/p>\n<p>Le repr\u00e9sentant de l\u2019entreprise Henan Chine, Monsieur WANG a, pour sa part, r\u00e9affirm\u00e9 la d\u00e9termination des partenaires techniques \u00e0 accompagner la Guin\u00e9e :<\/p>\n<p>\u00ab Nous mesurons la confiance du Gouvernement. Nous nous engageons \u00e0 r\u00e9aliser une infrastructure durable, respectant les standards les plus \u00e9lev\u00e9s de qualit\u00e9. \u00bb<\/p>\n<p>Le Ministre des Infrastructures et des Travaux Publics Laye Sekou CAMARA a rassur\u00e9 les riverains sur les modalit\u00e9s d\u2019ex\u00e9cution du chantier :<\/p>\n<p>\u00ab Les populations seront accompagn\u00e9es \u00e0 chaque \u00e9tape. Les indemnisations pr\u00e9vues seront int\u00e9gralement respect\u00e9es, et les jeunes de la localit\u00e9 participeront activement au chantier. \u00bb<\/p>\n<p>Enfin, introduisant la vision du Chef de l\u2019\u00c9tat, le Premier ministre a rappel\u00e9 l\u2019engagement du Gouvernement :<\/p>\n<p>\u00ab La route est un symbole de justice, de coh\u00e9sion et de prosp\u00e9rit\u00e9. L\u00e0 o\u00f9 la route passe, la pauvret\u00e9 recule. Sous l\u2019impulsion du Pr\u00e9sident de la R\u00e9publique, nous modernisons les infrastructures pour offrir aux Guin\u00e9ens les m\u00eames opportunit\u00e9s partout sur le territoire. \u00bb<\/p>\n<p>Ce lancement marque une avanc\u00e9e majeure dans la transformation des infrastructures nationales.<\/p>\n<p>Il traduit la volont\u00e9 du Pr\u00e9sident Mamadi Doumbouya et du Gouvernement de renforcer l\u2019\u00e9quit\u00e9 territoriale, d\u2019am\u00e9liorer la mobilit\u00e9, et de soutenir durablement le d\u00e9veloppement \u00e9conomique.<\/p>\n<p>La RN5 devient ainsi l\u2019un des symboles du vaste chantier national engag\u00e9 pour la Guin\u00e9e du Simandou 2040 : une Guin\u00e9e moderne, connect\u00e9e et tourn\u00e9e vers l\u2019avenir.<\/p>\n<\/div>\n<p><strong>Avec CCG<\/strong><\/p>\n<\/div>\n<\/div>\n","protected":false},"excerpt":{"rendered":"<p>Le Premier ministre, Amadou Oury Bah, Chef du Gouvernement, repr\u00e9sentant le Pr\u00e9sident de la R\u00e9publique Mamadi Doumbouya, a pr\u00e9sid\u00e9 la c\u00e9r\u00e9monie officielle de lancement des travaux de reconstruction de la RN5, un axe strat\u00e9gique de 135 km reliant Mamou \u00e0 Lab\u00e9. Cet \u00e9v\u00e9nement majeur s\u2019inscrit dans la vision nationale de transformation port\u00e9e par le Chef [&hellip;]<\/p>\n","protected":false},"author":2,"featured_media":37708,"comment_status":"closed","ping_status":"closed","sticky":false,"template":"","format":"standard","meta":{"footnotes":""},"categories":[58],"tags":[],"class_list":{"0":"post-37707","1":"post","2":"type-post","3":"status-publish","4":"format-standard","5":"has-post-thumbnail","7":"category-societe"},"_links":{"self":[{"href":"https:\/\/conakrynews.org\/index.php\/wp-json\/wp\/v2\/posts\/37707","targetHints":{"allow":["GET"]}}],"collection":[{"href":"https:\/\/conakrynews.org\/index.php\/wp-json\/wp\/v2\/posts"}],"about":[{"href":"https:\/\/conakrynews.org\/index.php\/wp-json\/wp\/v2\/types\/post"}],"author":[{"embeddable":true,"href":"https:\/\/conakrynews.org\/index.php\/wp-json\/wp\/v2\/users\/2"}],"replies":[{"embeddable":true,"href":"https:\/\/conakrynews.org\/index.php\/wp-json\/wp\/v2\/comments?post=37707"}],"version-history":[{"count":0,"href":"https:\/\/conakrynews.org\/index.php\/wp-json\/wp\/v2\/posts\/37707\/revisions"}],"wp:featuredmedia":[{"embeddable":true,"href":"https:\/\/conakrynews.org\/index.php\/wp-json\/wp\/v2\/media\/37708"}],"wp:attachment":[{"href":"https:\/\/conakrynews.org\/index.php\/wp-json\/wp\/v2\/media?parent=37707"}],"wp:term":[{"taxonomy":"category","embeddable":true,"href":"https:\/\/conakrynews.org\/index.php\/wp-json\/wp\/v2\/categories?post=37707"},{"taxonomy":"post_tag","embeddable":true,"href":"https:\/\/conakrynews.org\/index.php\/wp-json\/wp\/v2\/tags?post=37707"}],"curies":[{"name":"wp","href":"https:\/\/api.w.org\/{rel}","templated":true}]}}