{"id":37714,"date":"2025-11-30T06:50:48","date_gmt":"2025-11-30T06:50:48","guid":{"rendered":"https:\/\/conakrynews.org\/?p=37714"},"modified":"2025-11-30T06:50:48","modified_gmt":"2025-11-30T06:50:48","slug":"coup-detat-lunion-africaine-suspend-la-guinee-bissau-de-ses-instances-avec-effet-immediat","status":"publish","type":"post","link":"https:\/\/conakrynews.org\/index.php\/coup-detat-lunion-africaine-suspend-la-guinee-bissau-de-ses-instances-avec-effet-immediat\/","title":{"rendered":"Coup d\u2019Etat: l\u2019Union africaine suspend la Guin\u00e9e-Bissau de ses instances \u00abavec effet imm\u00e9diat\u00bb"},"content":{"rendered":"<div><\/div>\n<div class=\"clear\">L\u2019Union africaine (UA) a suspendu vendredi de ses instances la Guin\u00e9e-Bissau, deux jours apr\u00e8s le renversement du pr\u00e9sident Umaro Sissoco Embalo et la prise de pouvoir par des militaires dans le pays d\u2019Afrique de l\u2019Ouest, a annonc\u00e9 \u00e0 l\u2019AFP le pr\u00e9sident de la Commission de l\u2019UA.<\/div>\n<div class=\"entry\">\n<article id=\"article-body-wrapper\" class=\"default__ArticleBody-sc-10mj2vp-2 cvkAGA article-body-wrapper\">\n<p class=\"default__StyledText-sc-10mj2vp-0 CxBBS body-paragraph\">Mercredi, des militaires avaient annonc\u00e9 avoir renvers\u00e9 M. Embalo et suspendu les \u00e9lections pr\u00e9sidentielle et l\u00e9gislatives du 23 novembre, dont les r\u00e9sultats devaient \u00eatre annonc\u00e9s sous peu dans ce pays lusophone.<\/p>\n<p class=\"default__StyledText-sc-10mj2vp-0 CxBBS body-paragraph\">En cons\u00e9quence, l\u2019UA a d\u00e9cid\u00e9 \u00abde suspendre avec effet imm\u00e9diat\u00bb la Guin\u00e9e-Bissau de ses instances, a d\u00e9clar\u00e9 Mahamoud Ali Youssouf.<\/p>\n<p class=\"default__StyledText-sc-10mj2vp-0 CxBBS body-paragraph\">La junte d\u00e9sormais au pouvoir a nomm\u00e9 le g\u00e9n\u00e9ral Horta N\u2019Tam, jusqu\u2019ici chef d\u2019\u00e9tat-major de l\u2019arm\u00e9e de terre comme pr\u00e9sident de la transition, qui doit durer un an.<\/p>\n<p class=\"default__StyledText-sc-10mj2vp-0 CxBBS body-paragraph\">Apr\u00e8s avoir \u00e9t\u00e9 dans un premier temps arr\u00eat\u00e9 par des militaires, Umaro Sissoco Embalo a rejoint jeudi le S\u00e9n\u00e9gal.<\/p>\n<p class=\"default__StyledText-sc-10mj2vp-0 CxBBS body-paragraph\">Le candidat d\u2019opposition \u00e0 la pr\u00e9sidentielle, Fernando Dias, qui soutient avoir remport\u00e9 le scrutin, a affirm\u00e9 \u00e0 l\u2019AFP \u00eatre \u00aben s\u00e9curit\u00e9\u00bb et se cacher dans le pays.<\/p>\n<p class=\"default__StyledText-sc-10mj2vp-0 CxBBS body-paragraph\">La prise de pouvoir par les militaires a \u00e9t\u00e9 largement critiqu\u00e9e, notamment par le secr\u00e9taire g\u00e9n\u00e9ral de l\u2019ONU Antonio Guterres qui a d\u00e9nonc\u00e9 une \u00abviolation des principes d\u00e9mocratiques\u00bb ou par la Communaut\u00e9 \u00e9conomique des Etats de l\u2019Afrique de l\u2019Ouest (Cedeao) qui a suspendu le pays de \u00abtous les organes d\u00e9cisionnels\u00bb.<\/p>\n<p class=\"default__StyledText-sc-10mj2vp-0 CxBBS body-paragraph\">La Guin\u00e9e-Bissau, situ\u00e9e entre le S\u00e9n\u00e9gal et la Guin\u00e9e (Conakry), a d\u00e9j\u00e0 connu quatre coups d\u2019Etat et une kyrielle de tentatives de putsch depuis son ind\u00e9pendance du Portugal en 1974. La proclamation des r\u00e9sultats \u00e9lectoraux y a souvent donn\u00e9 lieu \u00e0 des contestations.<\/p>\n<p class=\"default__StyledText-sc-10mj2vp-0 CxBBS body-paragraph\">Pays tr\u00e8s pauvre de 2,2 millions d\u2019habitants, la Guin\u00e9e-Bissau est affect\u00e9e par des probl\u00e8mes de corruption et est r\u00e9put\u00e9e \u00eatre une plaque tournante du trafic de drogue entre l\u2019Am\u00e9rique du Sud et l\u2019Europe.<\/p>\n<p class=\"default__StyledText-sc-10mj2vp-0 CxBBS body-paragraph\">La Guin\u00e9e-Bissau vient s\u2019ajouter \u00e0 la liste des pays suspendus par l\u2019UA \u00e0 la suite de suite de coups d\u2019Etats sur le continent, apr\u00e8s le Mali, le Burkina, le Niger, le Soudan ou plus r\u00e9cemment Madagascar.<\/p>\n<p class=\"default__StyledText-sc-10mj2vp-0 CxBBS body-paragraph\">Les sanctions ont \u00e9t\u00e9 lev\u00e9es en avril contre le Gabon, pays d\u2019Afrique centrale qui avait \u00e9t\u00e9 suspendu apr\u00e8s le renversement du pr\u00e9sident Ali Bongo.<\/p>\n<\/article>\n<p><strong>Avec AFP<\/strong><\/p>\n<\/div>\n","protected":false},"excerpt":{"rendered":"<p>L\u2019Union africaine (UA) a suspendu vendredi de ses instances la Guin\u00e9e-Bissau, deux jours apr\u00e8s le renversement du pr\u00e9sident Umaro Sissoco Embalo et la prise de pouvoir par des militaires dans le pays d\u2019Afrique de l\u2019Ouest, a annonc\u00e9 \u00e0 l\u2019AFP le pr\u00e9sident de la Commission de l\u2019UA. Mercredi, des militaires avaient annonc\u00e9 avoir renvers\u00e9 M. Embalo [&hellip;]<\/p>\n","protected":false},"author":2,"featured_media":37715,"comment_status":"closed","ping_status":"closed","sticky":false,"template":"","format":"standard","meta":{"footnotes":""},"categories":[57],"tags":[],"class_list":{"0":"post-37714","1":"post","2":"type-post","3":"status-publish","4":"format-standard","5":"has-post-thumbnail","7":"category-politique"},"_links":{"self":[{"href":"https:\/\/conakrynews.org\/index.php\/wp-json\/wp\/v2\/posts\/37714","targetHints":{"allow":["GET"]}}],"collection":[{"href":"https:\/\/conakrynews.org\/index.php\/wp-json\/wp\/v2\/posts"}],"about":[{"href":"https:\/\/conakrynews.org\/index.php\/wp-json\/wp\/v2\/types\/post"}],"author":[{"embeddable":true,"href":"https:\/\/conakrynews.org\/index.php\/wp-json\/wp\/v2\/users\/2"}],"replies":[{"embeddable":true,"href":"https:\/\/conakrynews.org\/index.php\/wp-json\/wp\/v2\/comments?post=37714"}],"version-history":[{"count":0,"href":"https:\/\/conakrynews.org\/index.php\/wp-json\/wp\/v2\/posts\/37714\/revisions"}],"wp:featuredmedia":[{"embeddable":true,"href":"https:\/\/conakrynews.org\/index.php\/wp-json\/wp\/v2\/media\/37715"}],"wp:attachment":[{"href":"https:\/\/conakrynews.org\/index.php\/wp-json\/wp\/v2\/media?parent=37714"}],"wp:term":[{"taxonomy":"category","embeddable":true,"href":"https:\/\/conakrynews.org\/index.php\/wp-json\/wp\/v2\/categories?post=37714"},{"taxonomy":"post_tag","embeddable":true,"href":"https:\/\/conakrynews.org\/index.php\/wp-json\/wp\/v2\/tags?post=37714"}],"curies":[{"name":"wp","href":"https:\/\/api.w.org\/{rel}","templated":true}]}}