{"id":37730,"date":"2025-12-01T18:58:07","date_gmt":"2025-12-01T18:58:07","guid":{"rendered":"https:\/\/conakrynews.org\/?p=37730"},"modified":"2025-12-01T18:58:07","modified_gmt":"2025-12-01T18:58:07","slug":"cameroun-lopposant-anicet-ekane-est-mort-en-detention","status":"publish","type":"post","link":"https:\/\/conakrynews.org\/index.php\/cameroun-lopposant-anicet-ekane-est-mort-en-detention\/","title":{"rendered":"Cameroun: l\u2019opposant Anicet Ekane est mort en d\u00e9tention"},"content":{"rendered":"<div><\/div>\n<div class=\"clear\">Le leader politique et pr\u00e9sident du Manidem, Anicet Ekane, est d\u00e9c\u00e9d\u00e9 dans la nuit de dimanche \u00e0 lundi 1er d\u00e9cembre, a-t-on appris ce matin de ses avocats et sa famille. Anicet Ekane avait \u00e9t\u00e9 interpell\u00e9 le 24 octobre dernier \u00e0 Douala et \u00e9tait, depuis, en d\u00e9tention dans les cellules du secr\u00e9tariat d\u2019\u00c9tat \u00e0 la D\u00e9fense \u00e0 Yaound\u00e9.<\/div>\n<div class=\"entry\">\n<p>Selon ses avocats, la sant\u00e9 d\u2019Anicet Ekane s\u2019est d\u00e9grad\u00e9e tout le week-end, malgr\u00e9 les soins auxquels il \u00e9tait soumis \u00e0 la garnison militaire. Dimanche 30 novembre, son parti politique, le Manidem, inquiet de cette d\u00e9gradation prononc\u00e9e, a appel\u00e9 dans un communiqu\u00e9 \u00e0 son transf\u00e8rement de toute urgence dans une autre formation hospitali\u00e8re, pour un suivi m\u00e9dical qu\u2019il esp\u00e9rait plus \u00ab\u00a0<em>adapt\u00e9 et appropri\u00e9<\/em>\u00a0\u00bb.<\/p>\n<p>Le m\u00eame communiqu\u00e9, sur un ton pr\u00e9monitoire, annon\u00e7ait que le parti \u00ab\u00a0<em>tiendrait le r\u00e9gime de Yaound\u00e9 responsable des cons\u00e9quences du refus de ce transf\u00e8rement<\/em>\u00a0\u00bb qu\u2019il appelait de tous ses v\u0153ux. Ce matin, la nouvelle est tomb\u00e9e, abrupte, confirm\u00e9e autant par les membres de sa famille que ses avocats\u00a0: Anicet Ekane est d\u00e9c\u00e9d\u00e9 en d\u00e9tention, 38 jours apr\u00e8s son interpellation \u00e0 Douala, au lendemain de l\u2019\u00e9lection pr\u00e9sidentielle.<\/p>\n<h2>Figure de la vie publique et politique camerounaise<\/h2>\n<p>L\u2019annonce de sa mort suscite d\u00e9j\u00e0 une grosse \u00e9motion. Certains m\u00e9dias locaux ont interrompu leurs programmes pour faire des directs sur cette annonce et dans les r\u00e9seaux sociaux. C\u2019est une cascade de lamentations et d\u2019hommages qui lui sont d\u00e9j\u00e0 rendus. Il faut dire qu\u2019Anicet Ekane est une figure de premier ordre de la sc\u00e8ne politique camerounaise, avec pr\u00e8s de 50 ans d\u00e9di\u00e9s \u00e0 la lutte politique. Il est de la g\u00e9n\u00e9ration des tout premiers leaders du tout d\u00e9but de la d\u00e9cennie 1990 qui avaient pouss\u00e9 pour un retour au multipartisme et pour la tenue, au\u00a0<strong><a class=\"gtm-add-suggested-tag\" href=\"https:\/\/www.rfi.fr\/fr\/tag\/cameroun\/\" target=\"_self\" rel=\"noopener noreferrer\">Cameroun<\/a><\/strong>, d\u2019une conf\u00e9rence nationale souveraine qui n\u2019a jamais eu lieu. Il avait d\u2019ailleurs \u00e9t\u00e9 arr\u00eat\u00e9, jug\u00e9 et condamn\u00e9 en f\u00e9vrier 1990 par le tribunal militaire pour activit\u00e9s subversives.<\/p>\n<p>Anicet Ekane est l\u2019un des h\u00e9ritiers politiques des h\u00e9ros nationalistes camerounais, Ruben Um Nyobe, F\u00e9lix-Roland Moumi\u00e9 ou encore Ernest Ouandi\u00e9, dont il rappelait souvent qu\u2019il avait assist\u00e9 comme t\u00e9moin \u00e0 son ex\u00e9cution publique \u00e0 Bafoussam en 1983. Fondateur du Manidem, il a \u00e9t\u00e9 plusieurs fois candidat \u00e0 l\u2019\u00e9lection pr\u00e9sidentielle et s\u2019est souvent distingu\u00e9 pour la d\u00e9fense des causes sociales ou des d\u00e9munis.<\/p>\n<h2>Soutien \u00e0 Issa Tchiroma Bakary<\/h2>\n<p>Cette ann\u00e9e encore, en 2025, il a jou\u00e9 un r\u00f4le \u00e9minent dans le processus de l\u2019\u00e9lection pr\u00e9sidentielle qui vient de s\u2019achever. D\u2019abord en investissant Maurice Kamto sous l\u2019\u00e9tendard de son parti le Manidem. Ensuite, en apportant tout son appui et son soutien \u00e0 Issa Tchiroma Bakary, d\u00e9clar\u00e9 deuxi\u00e8me de cette \u00e9lection et qui revendique l\u2019avoir gagn\u00e9e.<\/p>\n<p>En tant que soutien actif d\u2019<strong><a href=\"https:\/\/www.rfi.fr\/fr\/afrique\/20251128-cameroun-les-raisons-de-la-pr%C3%A9sence-d-issa-tchiroma-bakary-en-gambie\" target=\"_self\" rel=\"noopener noreferrer\">Issa Tchiroma Bakary<\/a><\/strong>, il \u00e9tait accus\u00e9, avec d\u2019autres leaders,\u00a0des faits d\u2019insurrection et de r\u00e9bellion apr\u00e8s qu\u2019il a\u00a0<strong><a href=\"https:\/\/www.rfi.fr\/fr\/afrique\/20251021-pr%C3%A9sidentielle-au-cameroun-issa-tchiroma-bakaray-revendique-la-victoire-mais-avec-des-documents-incoh%C3%A9rents\" target=\"_self\" rel=\"noopener noreferrer\">reconnu la victoire d\u2019Issa Tchiroma Bakary \u00e0 cette pr\u00e9sidentielle<\/a><\/strong>\u00a0dont\u00a0<strong><a href=\"https:\/\/www.rfi.fr\/fr\/afrique\/20251027-cameroun-paul-biya-r%C3%A9%C3%A9lu-pr%C3%A9sident-annonce-le-conseil-constitutionnel\" target=\"_self\" rel=\"noopener noreferrer\">les r\u00e9sultats officiels, qui ont\u00a0donn\u00e9 Paul Biya vainqueur<\/a><\/strong>, sont contest\u00e9s par une partie de l\u2019opposition.<\/p>\n<p>Dans un communiqu\u00e9, le minist\u00e8re camerounais de la D\u00e9fense indique qu\u2019une enqu\u00eate a \u00e9t\u00e9 ouverte afin \u00ab\u00a0<em>d\u2019\u00e9tablir avec pr\u00e9cision les circonstances du d\u00e9c\u00e8s<\/em>\u00a0\u00bb. Le minist\u00e8re estime qu\u2019Anicet Ekane \u00e9tait \u00ab\u00a0<em>pris en charge de mani\u00e8re appropri\u00e9e par le corps m\u00e9dical militaire, de concert avec ses m\u00e9decins personnels et b\u00e9n\u00e9ficiait d\u2019un suivi compl\u00e9mentaire dans les formations hospitali\u00e8res de la place<\/em>\u00a0\u00bb.<\/p>\n<p>&nbsp;<\/p>\n<p><strong>Avec AFP<\/strong><\/p>\n<\/div>\n<div class=\"share-post\">\n<p>&nbsp;<\/p>\n<\/div>\n","protected":false},"excerpt":{"rendered":"<p>Le leader politique et pr\u00e9sident du Manidem, Anicet Ekane, est d\u00e9c\u00e9d\u00e9 dans la nuit de dimanche \u00e0 lundi 1er d\u00e9cembre, a-t-on appris ce matin de ses avocats et sa famille. Anicet Ekane avait \u00e9t\u00e9 interpell\u00e9 le 24 octobre dernier \u00e0 Douala et \u00e9tait, depuis, en d\u00e9tention dans les cellules du secr\u00e9tariat d\u2019\u00c9tat \u00e0 la D\u00e9fense [&hellip;]<\/p>\n","protected":false},"author":2,"featured_media":37731,"comment_status":"closed","ping_status":"closed","sticky":false,"template":"","format":"standard","meta":{"footnotes":""},"categories":[58],"tags":[],"class_list":{"0":"post-37730","1":"post","2":"type-post","3":"status-publish","4":"format-standard","5":"has-post-thumbnail","7":"category-societe"},"_links":{"self":[{"href":"https:\/\/conakrynews.org\/index.php\/wp-json\/wp\/v2\/posts\/37730","targetHints":{"allow":["GET"]}}],"collection":[{"href":"https:\/\/conakrynews.org\/index.php\/wp-json\/wp\/v2\/posts"}],"about":[{"href":"https:\/\/conakrynews.org\/index.php\/wp-json\/wp\/v2\/types\/post"}],"author":[{"embeddable":true,"href":"https:\/\/conakrynews.org\/index.php\/wp-json\/wp\/v2\/users\/2"}],"replies":[{"embeddable":true,"href":"https:\/\/conakrynews.org\/index.php\/wp-json\/wp\/v2\/comments?post=37730"}],"version-history":[{"count":0,"href":"https:\/\/conakrynews.org\/index.php\/wp-json\/wp\/v2\/posts\/37730\/revisions"}],"wp:featuredmedia":[{"embeddable":true,"href":"https:\/\/conakrynews.org\/index.php\/wp-json\/wp\/v2\/media\/37731"}],"wp:attachment":[{"href":"https:\/\/conakrynews.org\/index.php\/wp-json\/wp\/v2\/media?parent=37730"}],"wp:term":[{"taxonomy":"category","embeddable":true,"href":"https:\/\/conakrynews.org\/index.php\/wp-json\/wp\/v2\/categories?post=37730"},{"taxonomy":"post_tag","embeddable":true,"href":"https:\/\/conakrynews.org\/index.php\/wp-json\/wp\/v2\/tags?post=37730"}],"curies":[{"name":"wp","href":"https:\/\/api.w.org\/{rel}","templated":true}]}}